{"id":52310,"date":"2025-10-09T03:19:18","date_gmt":"2025-10-09T09:19:18","guid":{"rendered":"https:\/\/informebajio.com.mx\/?p=52310"},"modified":"2025-10-09T03:19:18","modified_gmt":"2025-10-09T09:19:18","slug":"queretaro-pionero-en-llevar-salud-mental-de-calidad-a-todas-las-comunidades-educativas","status":"publish","type":"post","link":"https:\/\/informebajio.com.mx\/?p=52310","title":{"rendered":"Quer\u00e9taro, pionero en llevar salud mental de calidad a todas las comunidades educativas"},"content":{"rendered":"<div>\n<p><span style=\"font-weight: 400;\">Noticias<\/span><\/p>\n<p>\u00a0<\/p>\n<p><span style=\"font-weight: 400;\">Con el objetivo de acercar la salud mental de calidad a todos los rincones del estado, Quer\u00e9taro se suma al proyecto Escuelas Positivas de ELAB, como resultado del convenio de colaboraci\u00f3n que firm\u00f3 dicha instituci\u00f3n con la titular de la secretaria de la Juventud (SEJUVE), Virginia Hern\u00e1ndez V\u00e1zquez.<\/span><\/p>\n<p><span style=\"font-weight: 400;\">La funcionaria estatal celebr\u00f3 que gracias a este esfuerzo conjunto, Quer\u00e9taro se consolida como un estado pionero en la construcci\u00f3n de escuelas positivas, espacios donde la educaci\u00f3n y la salud mental caminan de la mano. En este marco, se\u00f1al\u00f3 que se busca descentralizar la atenci\u00f3n psicol\u00f3gica, para as\u00ed evitar que se concentre solo en la zona metropolitana, y formar c\u00e9lulas internas de acompa\u00f1amiento emocional dentro de cada escuela.\u00a0<\/span><\/p>\n<p><span style=\"font-weight: 400;\">En su mensaje, precis\u00f3 que estas c\u00e9lulas van a brindar seguimiento constante al bienestar de estudiantes y comunidades educativas con lo que se va a fortalecer la cultura de prevenci\u00f3n y apoyo emocional.<\/span><\/p>\n<p><span style=\"font-weight: 400;\">\u201cQueremos que la salud mental deje de ser un privilegio urbano y se convierta en un derecho garantizado para todas y todos los j\u00f3venes queretanos, buscamos que cada escuela en Quer\u00e9taro cuente con una c\u00e9lula interna dedicada al seguimiento constante del bienestar emocional de estudiantes, docentes y comunidades educativas\u201d, destac\u00f3.<\/span><\/p>\n<p><span style=\"font-weight: 400;\">La implementaci\u00f3n de las Escuelas Positivas va a permitir que cada comunidad educativa cuente con herramientas y acompa\u00f1amiento permanente para fortalecer la empat\u00eda, la resiliencia y la salud mental colectiva.<\/span><\/p>\n<\/div>\n<p><script>(function(d, s, id) {\n  var js, fjs = d.getElementsByTagName(s)[0];\n  if (d.getElementById(id)) return;\n  js = d.createElement(s); js.id = id;\n  js.src = \"\/\/connect.facebook.net\/es_LA\/sdk.js#xfbml=1&appId=546007945598485&version=v2.3\";\n  fjs.parentNode.insertBefore(js, fjs);\n}(document, 'script', 'facebook-jssdk'));<\/script><\/p>\n","protected":false},"excerpt":{"rendered":"<p>Noticias \u00a0 Con el objetivo de acercar la salud mental de calidad a todos los rincones del estado, Quer\u00e9taro se suma al proyecto Escuelas Positivas de ELAB, como resultado del convenio de colaboraci\u00f3n que firm\u00f3 dicha instituci\u00f3n con la titular de la secretaria de la Juventud (SEJUVE), Virginia Hern\u00e1ndez V\u00e1zquez. La funcionaria estatal celebr\u00f3 que [&hellip;]<\/p>\n","protected":false},"author":2,"featured_media":52311,"comment_status":"","ping_status":"","sticky":false,"template":"","format":"standard","meta":{"_monsterinsights_skip_tracking":false,"_monsterinsights_sitenote_active":false,"_monsterinsights_sitenote_note":"","_monsterinsights_sitenote_category":0,"footnotes":""},"categories":[4],"tags":[],"class_list":["post-52310","post","type-post","status-publish","format-standard","has-post-thumbnail","hentry","category-queretaro"],"_links":{"self":[{"href":"https:\/\/informebajio.com.mx\/index.php?rest_route=\/wp\/v2\/posts\/52310","targetHints":{"allow":["GET"]}}],"collection":[{"href":"https:\/\/informebajio.com.mx\/index.php?rest_route=\/wp\/v2\/posts"}],"about":[{"href":"https:\/\/informebajio.com.mx\/index.php?rest_route=\/wp\/v2\/types\/post"}],"author":[{"embeddable":true,"href":"https:\/\/informebajio.com.mx\/index.php?rest_route=\/wp\/v2\/users\/2"}],"replies":[{"embeddable":true,"href":"https:\/\/informebajio.com.mx\/index.php?rest_route=%2Fwp%2Fv2%2Fcomments&post=52310"}],"version-history":[{"count":0,"href":"https:\/\/informebajio.com.mx\/index.php?rest_route=\/wp\/v2\/posts\/52310\/revisions"}],"wp:featuredmedia":[{"embeddable":true,"href":"https:\/\/informebajio.com.mx\/index.php?rest_route=\/wp\/v2\/media\/52311"}],"wp:attachment":[{"href":"https:\/\/informebajio.com.mx\/index.php?rest_route=%2Fwp%2Fv2%2Fmedia&parent=52310"}],"wp:term":[{"taxonomy":"category","embeddable":true,"href":"https:\/\/informebajio.com.mx\/index.php?rest_route=%2Fwp%2Fv2%2Fcategories&post=52310"},{"taxonomy":"post_tag","embeddable":true,"href":"https:\/\/informebajio.com.mx\/index.php?rest_route=%2Fwp%2Fv2%2Ftags&post=52310"}],"curies":[{"name":"wp","href":"https:\/\/api.w.org\/{rel}","templated":true}]}}