{"id":52314,"date":"2025-10-09T08:19:27","date_gmt":"2025-10-09T14:19:27","guid":{"rendered":"https:\/\/informebajio.com.mx\/?p=52314"},"modified":"2025-10-09T08:19:27","modified_gmt":"2025-10-09T14:19:27","slug":"fomentan-en-pinal-de-amoles-la-deteccion-oportuna-del-cancer-de-mama","status":"publish","type":"post","link":"https:\/\/informebajio.com.mx\/?p=52314","title":{"rendered":"Fomentan en Pinal de Amoles la detecci\u00f3n oportuna del c\u00e1ncer de mama"},"content":{"rendered":"<div>\n<p><span style=\"font-weight: 400;\">Noticias<\/span><\/p>\n<p>\u00a0<\/p>\n<p><span style=\"font-weight: 400;\">La Secretar\u00eda de Salud (SESA) del Estado de Quer\u00e9taro, a trav\u00e9s del personal del Centro de Salud de Pinal de Amoles, perteneciente a la Jurisdicci\u00f3n Sanitaria No. 4, se sum\u00f3 al Mes de Sensibilizaci\u00f3n sobre el C\u00e1ncer de Mama con la creaci\u00f3n del \u201c\u00c1rbol de la Esperanza\u201d, s\u00edmbolo de fortaleza, uni\u00f3n y compromiso para fomentar la detecci\u00f3n oportuna de este padecimiento.<\/span><\/p>\n<p><span style=\"font-weight: 400;\">En su mensaje, la directora del Centro de Salud, Yesenia Alonso P\u00e9rez, destac\u00f3 que esta actividad busca sensibilizar a las y los usuarios sobre los factores de riesgo del c\u00e1ncer de mama y la importancia de realizar una detecci\u00f3n oportuna, acci\u00f3n fundamental para salvar vidas. Durante el evento se cont\u00f3 con la presencia de la presidenta municipal de Pinal de Amoles, Ma. Guadalupe Ram\u00edrez Plaza, quien refrend\u00f3 su compromiso con las acciones de prevenci\u00f3n y promoci\u00f3n de la salud.<\/span><\/p>\n<\/div>\n<p><script>(function(d, s, id) {\n  var js, fjs = d.getElementsByTagName(s)[0];\n  if (d.getElementById(id)) return;\n  js = d.createElement(s); js.id = id;\n  js.src = \"\/\/connect.facebook.net\/es_LA\/sdk.js#xfbml=1&appId=546007945598485&version=v2.3\";\n  fjs.parentNode.insertBefore(js, fjs);\n}(document, 'script', 'facebook-jssdk'));<\/script><\/p>\n","protected":false},"excerpt":{"rendered":"<p>Noticias \u00a0 La Secretar\u00eda de Salud (SESA) del Estado de Quer\u00e9taro, a trav\u00e9s del personal del Centro de Salud de Pinal de Amoles, perteneciente a la Jurisdicci\u00f3n Sanitaria No. 4, se sum\u00f3 al Mes de Sensibilizaci\u00f3n sobre el C\u00e1ncer de Mama con la creaci\u00f3n del \u201c\u00c1rbol de la Esperanza\u201d, s\u00edmbolo de fortaleza, uni\u00f3n y compromiso [&hellip;]<\/p>\n","protected":false},"author":2,"featured_media":52315,"comment_status":"","ping_status":"","sticky":false,"template":"","format":"standard","meta":{"_monsterinsights_skip_tracking":false,"_monsterinsights_sitenote_active":false,"_monsterinsights_sitenote_note":"","_monsterinsights_sitenote_category":0,"footnotes":""},"categories":[4],"tags":[],"class_list":["post-52314","post","type-post","status-publish","format-standard","has-post-thumbnail","hentry","category-queretaro"],"_links":{"self":[{"href":"https:\/\/informebajio.com.mx\/index.php?rest_route=\/wp\/v2\/posts\/52314","targetHints":{"allow":["GET"]}}],"collection":[{"href":"https:\/\/informebajio.com.mx\/index.php?rest_route=\/wp\/v2\/posts"}],"about":[{"href":"https:\/\/informebajio.com.mx\/index.php?rest_route=\/wp\/v2\/types\/post"}],"author":[{"embeddable":true,"href":"https:\/\/informebajio.com.mx\/index.php?rest_route=\/wp\/v2\/users\/2"}],"replies":[{"embeddable":true,"href":"https:\/\/informebajio.com.mx\/index.php?rest_route=%2Fwp%2Fv2%2Fcomments&post=52314"}],"version-history":[{"count":0,"href":"https:\/\/informebajio.com.mx\/index.php?rest_route=\/wp\/v2\/posts\/52314\/revisions"}],"wp:featuredmedia":[{"embeddable":true,"href":"https:\/\/informebajio.com.mx\/index.php?rest_route=\/wp\/v2\/media\/52315"}],"wp:attachment":[{"href":"https:\/\/informebajio.com.mx\/index.php?rest_route=%2Fwp%2Fv2%2Fmedia&parent=52314"}],"wp:term":[{"taxonomy":"category","embeddable":true,"href":"https:\/\/informebajio.com.mx\/index.php?rest_route=%2Fwp%2Fv2%2Fcategories&post=52314"},{"taxonomy":"post_tag","embeddable":true,"href":"https:\/\/informebajio.com.mx\/index.php?rest_route=%2Fwp%2Fv2%2Ftags&post=52314"}],"curies":[{"name":"wp","href":"https:\/\/api.w.org\/{rel}","templated":true}]}}