{"id":52338,"date":"2025-10-10T14:22:59","date_gmt":"2025-10-10T20:22:59","guid":{"rendered":"https:\/\/informebajio.com.mx\/?p=52338"},"modified":"2025-10-10T14:22:59","modified_gmt":"2025-10-10T20:22:59","slug":"suman-esfuerzos-sedif-poder-judicial-y-legislativo","status":"publish","type":"post","link":"https:\/\/informebajio.com.mx\/?p=52338","title":{"rendered":"Suman esfuerzos SEDIF, Poder Judicial y Legislativo"},"content":{"rendered":"<div>\n<h2><span style=\"font-weight: 400;\">Fortalecen la vinculaci\u00f3n de acciones a favor de la infancia<\/span><\/h2>\n<p><span style=\"font-weight: 400;\">Noticias<\/span><\/p>\n<p>\u00a0<\/p>\n<p><span style=\"font-weight: 400;\">A fin de crear sinergia y fortalecer la vinculaci\u00f3n de acciones a favor de la infancia y adolescencia, la presidenta del Patronato del Sistema Estatal DIF, Car Herrera de Kuri, sostuvo una reuni\u00f3n de trabajo con miembros del Poder Judicial, Fiscal\u00eda General de Quer\u00e9taro, Registro Civil, Legislatura de la entidad y personal de Instituci\u00f3n de Asistencia Privada, La Alegr\u00eda de los Ni\u00f1os.<\/span><\/p>\n<p><span style=\"font-weight: 400;\">Car Herrera agradeci\u00f3 este acercamiento sobretodo con las y los jueces, magistradas, magistrados,\u00a0 diputadas, diputados, con el objetivo de mejorar y agilizar los procesos administrativos y judiciales en p\u00e9rdidas de patria potestad que involucran a las ni\u00f1as y ni\u00f1os en situaci\u00f3n vulnerable que se encuentran albergados en los Centros de Asistencia Social.<\/span><\/p>\n<p><span style=\"font-weight: 400;\">\u201cDesde que inici\u00f3 esta administraci\u00f3n, en el DIF Estatal nos comprometimos con la protecci\u00f3n integral de las ni\u00f1as, ni\u00f1os y adolescentes, porque ellos merecen tener el mejor Quer\u00e9taro para vivir, y nuestra misi\u00f3n es garantizar la defensa de sus derechos y tener los mejores lineamientos jur\u00eddicos para atenderlos de manera oportuna y evitar la prolongada institucionalizaci\u00f3n por juicios de p\u00e9rdida de patria potestad\u201d, dijo.<\/span><\/p>\n<p><span style=\"font-weight: 400;\">En tanto el magistrado Presidente del Poder Judicial en el Estado, Braulio Guerra Urbiola, explic\u00f3 la importancia de contribuir de manera m\u00e1s eficiente para que la justicia sea pronta y expedida, y para los ni\u00f1os, confes\u00f3, debe ser inmediata, porque la responsabilidad y sensibilidad es una tarea conjunta.<\/span><\/p>\n<p><span style=\"font-weight: 400;\">\u201cPensar en las ni\u00f1as y ni\u00f1os es saber y comprender que no solamente hay normas y leyes que son un marco jur\u00eddico para nosotros, sabemos que tambi\u00e9n juzgar es sanar; el di\u00e1logo y la comunicaci\u00f3n que pueda tener el Poder Judicial con el DIF Estatal y con instituciones como La Alegr\u00eda de los Ni\u00f1os, tambi\u00e9n es una permanente sensibilizaci\u00f3n para que la justicia para la ni\u00f1ez queretana no sea una sala de espera, sino sea una luz de esperanza\u201d, se\u00f1al\u00f3.<\/span><\/p>\n<p><span style=\"font-weight: 400;\">Al tomar la palabra, la presidenta de la Comisi\u00f3n de la Familia y Derechos de las Ni\u00f1as, Ni\u00f1os y Adolescentes de la Legislatura del Estado, la diputada Mar\u00eda Leonor Mej\u00eda Barraza, refrend\u00f3 su compromiso de seguir trabajando con una perspectiva de infancia y destac\u00f3 que sumando voluntades es como se construyen soluciones en temas como primera infancia y crianza positiva.<\/span><\/p>\n<p><span style=\"font-weight: 400;\">\u201cNos comprometemos a realizar los procesos y poner el inter\u00e9s superior de la ni\u00f1ez en el centro de cada una de nuestras decisiones, y en la tarea de fortalecer el marco jur\u00eddico que permita agilizar los juicios de p\u00e9rdida de patria potestad, promover la adopci\u00f3n responsable y garantizar entornos familiares mucho m\u00e1s seguros y amorosos\u201d, enfatiz\u00f3.<\/span><\/p>\n<p>\u00a0<\/p>\n<\/div>\n<p><script>(function(d, s, id) {\n  var js, fjs = d.getElementsByTagName(s)[0];\n  if (d.getElementById(id)) return;\n  js = d.createElement(s); js.id = id;\n  js.src = \"\/\/connect.facebook.net\/es_LA\/sdk.js#xfbml=1&appId=546007945598485&version=v2.3\";\n  fjs.parentNode.insertBefore(js, fjs);\n}(document, 'script', 'facebook-jssdk'));<\/script><\/p>\n","protected":false},"excerpt":{"rendered":"<p>Fortalecen la vinculaci\u00f3n de acciones a favor de la infancia Noticias \u00a0 A fin de crear sinergia y fortalecer la vinculaci\u00f3n de acciones a favor de la infancia y adolescencia, la presidenta del Patronato del Sistema Estatal DIF, Car Herrera de Kuri, sostuvo una reuni\u00f3n de trabajo con miembros del Poder Judicial, Fiscal\u00eda General de [&hellip;]<\/p>\n","protected":false},"author":2,"featured_media":52339,"comment_status":"","ping_status":"","sticky":false,"template":"","format":"standard","meta":{"_monsterinsights_skip_tracking":false,"_monsterinsights_sitenote_active":false,"_monsterinsights_sitenote_note":"","_monsterinsights_sitenote_category":0,"footnotes":""},"categories":[4],"tags":[],"class_list":["post-52338","post","type-post","status-publish","format-standard","has-post-thumbnail","hentry","category-queretaro"],"_links":{"self":[{"href":"https:\/\/informebajio.com.mx\/index.php?rest_route=\/wp\/v2\/posts\/52338","targetHints":{"allow":["GET"]}}],"collection":[{"href":"https:\/\/informebajio.com.mx\/index.php?rest_route=\/wp\/v2\/posts"}],"about":[{"href":"https:\/\/informebajio.com.mx\/index.php?rest_route=\/wp\/v2\/types\/post"}],"author":[{"embeddable":true,"href":"https:\/\/informebajio.com.mx\/index.php?rest_route=\/wp\/v2\/users\/2"}],"replies":[{"embeddable":true,"href":"https:\/\/informebajio.com.mx\/index.php?rest_route=%2Fwp%2Fv2%2Fcomments&post=52338"}],"version-history":[{"count":0,"href":"https:\/\/informebajio.com.mx\/index.php?rest_route=\/wp\/v2\/posts\/52338\/revisions"}],"wp:featuredmedia":[{"embeddable":true,"href":"https:\/\/informebajio.com.mx\/index.php?rest_route=\/wp\/v2\/media\/52339"}],"wp:attachment":[{"href":"https:\/\/informebajio.com.mx\/index.php?rest_route=%2Fwp%2Fv2%2Fmedia&parent=52338"}],"wp:term":[{"taxonomy":"category","embeddable":true,"href":"https:\/\/informebajio.com.mx\/index.php?rest_route=%2Fwp%2Fv2%2Fcategories&post=52338"},{"taxonomy":"post_tag","embeddable":true,"href":"https:\/\/informebajio.com.mx\/index.php?rest_route=%2Fwp%2Fv2%2Ftags&post=52338"}],"curies":[{"name":"wp","href":"https:\/\/api.w.org\/{rel}","templated":true}]}}