{"id":52366,"date":"2025-10-12T16:30:53","date_gmt":"2025-10-12T22:30:53","guid":{"rendered":"https:\/\/informebajio.com.mx\/?p=52366"},"modified":"2025-10-12T16:30:53","modified_gmt":"2025-10-12T22:30:53","slug":"en-prision-por-robo-con-violencia-en-panaderia-de-av-pie-de-la-cuesta","status":"publish","type":"post","link":"https:\/\/informebajio.com.mx\/?p=52366","title":{"rendered":"En prisi\u00f3n por robo con violencia en panader\u00eda de Av. Pie de la Cuesta"},"content":{"rendered":"<div>\n<p><span style=\"font-weight: 400;\">Con un arma de fuego amagaron a la empleada para llevarse el dinero y sus pertenencias personales\u00a0<\/span><\/p>\n<p>\u00a0<\/p>\n<p><span style=\"font-weight: 400;\">Noticias\u00a0<\/span><\/p>\n<p><span style=\"font-weight: 400;\">La Fiscal\u00eda General del Estado de Quer\u00e9taro obtuvo la vinculaci\u00f3n a proceso de tres personas, por su probable autor\u00eda en el delito de robo espec\u00edfico calificado, cometido con violencia.<\/span><\/p>\n<p><span style=\"font-weight: 400;\">De acuerdo con las investigaciones, el 8 de octubre de 2025, los imputados ingresaron al establecimiento ubicado en Avenida Pie de la Cuesta, donde amenazaron a la empleada con un arma de fuego, exigi\u00e9ndole entregar el dinero en efectivo, as\u00ed como su tel\u00e9fono celular y otras pertenencias personales.<\/span><\/p>\n<p><span style=\"font-weight: 400;\">Tras los hechos, personal de esta Fiscal\u00eda realiz\u00f3 las diligencias que permitieron la identificaci\u00f3n y aseguramiento de los probables autores, en colaboraci\u00f3n con la Polic\u00eda Municipal de Quer\u00e9taro para la intervenci\u00f3n en el momento de la detenci\u00f3n.<\/span><\/p>\n<p><span style=\"font-weight: 400;\">Durante la audiencia inicial, el Juez de control calific\u00f3 de legal la detenci\u00f3n y resolvi\u00f3 vincular a proceso a los tres imputados, imponi\u00e9ndoles la medida cautelar de prisi\u00f3n preventiva justificada.<\/span><\/p>\n<p><span style=\"font-weight: 400;\">Se concedi\u00f3 un plazo de un mes para la investigaci\u00f3n.<\/span><\/p>\n<\/div>\n<p><script>(function(d, s, id) {\n  var js, fjs = d.getElementsByTagName(s)[0];\n  if (d.getElementById(id)) return;\n  js = d.createElement(s); js.id = id;\n  js.src = \"\/\/connect.facebook.net\/es_LA\/sdk.js#xfbml=1&appId=546007945598485&version=v2.3\";\n  fjs.parentNode.insertBefore(js, fjs);\n}(document, 'script', 'facebook-jssdk'));<\/script><\/p>\n","protected":false},"excerpt":{"rendered":"<p>Con un arma de fuego amagaron a la empleada para llevarse el dinero y sus pertenencias personales\u00a0 \u00a0 Noticias\u00a0 La Fiscal\u00eda General del Estado de Quer\u00e9taro obtuvo la vinculaci\u00f3n a proceso de tres personas, por su probable autor\u00eda en el delito de robo espec\u00edfico calificado, cometido con violencia. De acuerdo con las investigaciones, el 8 [&hellip;]<\/p>\n","protected":false},"author":2,"featured_media":52367,"comment_status":"","ping_status":"","sticky":false,"template":"","format":"standard","meta":{"_monsterinsights_skip_tracking":false,"_monsterinsights_sitenote_active":false,"_monsterinsights_sitenote_note":"","_monsterinsights_sitenote_category":0,"footnotes":""},"categories":[4],"tags":[],"class_list":["post-52366","post","type-post","status-publish","format-standard","has-post-thumbnail","hentry","category-queretaro"],"_links":{"self":[{"href":"https:\/\/informebajio.com.mx\/index.php?rest_route=\/wp\/v2\/posts\/52366","targetHints":{"allow":["GET"]}}],"collection":[{"href":"https:\/\/informebajio.com.mx\/index.php?rest_route=\/wp\/v2\/posts"}],"about":[{"href":"https:\/\/informebajio.com.mx\/index.php?rest_route=\/wp\/v2\/types\/post"}],"author":[{"embeddable":true,"href":"https:\/\/informebajio.com.mx\/index.php?rest_route=\/wp\/v2\/users\/2"}],"replies":[{"embeddable":true,"href":"https:\/\/informebajio.com.mx\/index.php?rest_route=%2Fwp%2Fv2%2Fcomments&post=52366"}],"version-history":[{"count":0,"href":"https:\/\/informebajio.com.mx\/index.php?rest_route=\/wp\/v2\/posts\/52366\/revisions"}],"wp:featuredmedia":[{"embeddable":true,"href":"https:\/\/informebajio.com.mx\/index.php?rest_route=\/wp\/v2\/media\/52367"}],"wp:attachment":[{"href":"https:\/\/informebajio.com.mx\/index.php?rest_route=%2Fwp%2Fv2%2Fmedia&parent=52366"}],"wp:term":[{"taxonomy":"category","embeddable":true,"href":"https:\/\/informebajio.com.mx\/index.php?rest_route=%2Fwp%2Fv2%2Fcategories&post=52366"},{"taxonomy":"post_tag","embeddable":true,"href":"https:\/\/informebajio.com.mx\/index.php?rest_route=%2Fwp%2Fv2%2Ftags&post=52366"}],"curies":[{"name":"wp","href":"https:\/\/api.w.org\/{rel}","templated":true}]}}