{"id":52370,"date":"2025-10-12T21:30:51","date_gmt":"2025-10-13T03:30:51","guid":{"rendered":"https:\/\/informebajio.com.mx\/?p=52370"},"modified":"2025-10-12T21:30:51","modified_gmt":"2025-10-13T03:30:51","slug":"astudillo-el-mejor-perfil-de-la-4t-arturo-escobar","status":"publish","type":"post","link":"https:\/\/informebajio.com.mx\/?p=52370","title":{"rendered":"Astudillo, el mejor perfil de la 4T: Arturo Escobar"},"content":{"rendered":"<div>\n<p><span style=\"font-weight: 400;\">Por Jahaira Lara\u00a0<\/span><\/p>\n<p><span style=\"font-weight: 400;\">Noticias\u00a0<\/span><\/p>\n<p>\u00a0<\/p>\n<p><span style=\"font-weight: 400;\">El Partido Verde Ecologista de M\u00e9xico (PVEM) buscar\u00e1 que Ricardo Astudillo sea el candidato de la Cuarta Transformaci\u00f3n a la gobernatura de Quer\u00e9taro para el 2027, se\u00f1al\u00f3 el coordinador pol\u00edtico nacional, Arturo Escobar y Vega.<\/span><\/p>\n<p><span style=\"font-weight: 400;\">En este sentido, destac\u00f3 que esta propuesta deriva de la alianza de Morena a nivel nacional, as\u00ed como con la Presidenta Claudia Sheinbaum, por lo que ser\u00e1 presentada en el 2026.<\/span><\/p>\n<p><span style=\"font-weight: 400;\">Precis\u00f3 que el primer paso ser\u00e1 construir un buen acuerdo, con el objetivo de garantizar que haya encuestas justas, equitativas y claras para elegir al mejor perfil; pues destac\u00f3 que \u201csi eso pasa no tengo duda que Ricardo Astudillo ser\u00e1 el candidato\u201d.<\/span><\/p>\n<p><span style=\"font-weight: 400;\">Al respecto, Arturo Escobar comparti\u00f3 que las mesas de acuerdo de las candidaturas entre miembros de la Cuarta Transformaci\u00f3n comenzar\u00e1n a mediados del 2026.<\/span><\/p>\n<p><span style=\"font-weight: 400;\">\u201cEl PVEM tiene un excepcional perfil en Ricardo Astudillo y aspiramos a que sea Ricardo el que abandere la coalici\u00f3n\u201d.<\/span><\/p>\n<p><span style=\"font-weight: 400;\">Ante las cr\u00edticas que realizan integrantes de Morena a Astudillo, el coordinador de los Diputados del PVEM se\u00f1al\u00f3 que no son tiempos de elecciones.<\/span><\/p>\n<p><span style=\"font-weight: 400;\">\u201cHay que entender que no estamos en tiempos electorales y es lo primero, hay respeto a las instituciones, y lo que no debe haber duda es que vamos a buscar la candidatura con Ricardo Astudillo\u201d, puntualiz\u00f3.<\/span><\/p>\n<\/div>\n<p><script>(function(d, s, id) {\n  var js, fjs = d.getElementsByTagName(s)[0];\n  if (d.getElementById(id)) return;\n  js = d.createElement(s); js.id = id;\n  js.src = \"\/\/connect.facebook.net\/es_LA\/sdk.js#xfbml=1&appId=546007945598485&version=v2.3\";\n  fjs.parentNode.insertBefore(js, fjs);\n}(document, 'script', 'facebook-jssdk'));<\/script><\/p>\n","protected":false},"excerpt":{"rendered":"<p>Por Jahaira Lara\u00a0 Noticias\u00a0 \u00a0 El Partido Verde Ecologista de M\u00e9xico (PVEM) buscar\u00e1 que Ricardo Astudillo sea el candidato de la Cuarta Transformaci\u00f3n a la gobernatura de Quer\u00e9taro para el 2027, se\u00f1al\u00f3 el coordinador pol\u00edtico nacional, Arturo Escobar y Vega. En este sentido, destac\u00f3 que esta propuesta deriva de la alianza de Morena a nivel [&hellip;]<\/p>\n","protected":false},"author":2,"featured_media":52371,"comment_status":"","ping_status":"","sticky":false,"template":"","format":"standard","meta":{"_monsterinsights_skip_tracking":false,"_monsterinsights_sitenote_active":false,"_monsterinsights_sitenote_note":"","_monsterinsights_sitenote_category":0,"footnotes":""},"categories":[4],"tags":[],"class_list":["post-52370","post","type-post","status-publish","format-standard","has-post-thumbnail","hentry","category-queretaro"],"_links":{"self":[{"href":"https:\/\/informebajio.com.mx\/index.php?rest_route=\/wp\/v2\/posts\/52370","targetHints":{"allow":["GET"]}}],"collection":[{"href":"https:\/\/informebajio.com.mx\/index.php?rest_route=\/wp\/v2\/posts"}],"about":[{"href":"https:\/\/informebajio.com.mx\/index.php?rest_route=\/wp\/v2\/types\/post"}],"author":[{"embeddable":true,"href":"https:\/\/informebajio.com.mx\/index.php?rest_route=\/wp\/v2\/users\/2"}],"replies":[{"embeddable":true,"href":"https:\/\/informebajio.com.mx\/index.php?rest_route=%2Fwp%2Fv2%2Fcomments&post=52370"}],"version-history":[{"count":0,"href":"https:\/\/informebajio.com.mx\/index.php?rest_route=\/wp\/v2\/posts\/52370\/revisions"}],"wp:featuredmedia":[{"embeddable":true,"href":"https:\/\/informebajio.com.mx\/index.php?rest_route=\/wp\/v2\/media\/52371"}],"wp:attachment":[{"href":"https:\/\/informebajio.com.mx\/index.php?rest_route=%2Fwp%2Fv2%2Fmedia&parent=52370"}],"wp:term":[{"taxonomy":"category","embeddable":true,"href":"https:\/\/informebajio.com.mx\/index.php?rest_route=%2Fwp%2Fv2%2Fcategories&post=52370"},{"taxonomy":"post_tag","embeddable":true,"href":"https:\/\/informebajio.com.mx\/index.php?rest_route=%2Fwp%2Fv2%2Ftags&post=52370"}],"curies":[{"name":"wp","href":"https:\/\/api.w.org\/{rel}","templated":true}]}}