{"id":52384,"date":"2025-10-13T17:34:58","date_gmt":"2025-10-13T23:34:58","guid":{"rendered":"https:\/\/informebajio.com.mx\/?p=52384"},"modified":"2025-10-13T17:34:58","modified_gmt":"2025-10-13T23:34:58","slug":"reconoce-felifer-labor-de-los-integrantes-de-consejos-de-participacion-ciudadana","status":"publish","type":"post","link":"https:\/\/informebajio.com.mx\/?p=52384","title":{"rendered":"Reconoce Felifer labor de los integrantes de Consejos de Participaci\u00f3n Ciudadana"},"content":{"rendered":"<div>\n<p><span style=\"font-weight: 400;\">Noticias<\/span><\/p>\n<p>\u00a0<\/p>\n<p><span style=\"font-weight: 400;\">El alcalde Felifer Mac\u00edas, reconoci\u00f3 el trabajo de las y los integrantes de los Consejos de Participaci\u00f3n Ciudadana, al considerarlos una parte esencial para construir un Quer\u00e9taro con orden y futuro.<\/span><\/p>\n<p><span style=\"font-weight: 400;\">Destac\u00f3 que la colaboraci\u00f3n entre la sociedad civil organizada y el gobierno municipal permite impulsar acciones efectivas que mejoran la calidad de vida de las familias queretanas y procurar una igualdad de oportunidades para todas y todos.<\/span><\/p>\n<p><span style=\"font-weight: 400;\">El mun\u00edcipe resalt\u00f3 que gracias a la vocaci\u00f3n de servicio y compromiso de las y los integrantes de los consejos, la ciudad avanza con obras y programas que responden directamente a las necesidades de cada zona, ya que son ellos los principales gestores y vigilantes del uso adecuado de los recursos p\u00fablicos.<\/span><\/p>\n<p><span style=\"font-weight: 400;\">Tambi\u00e9n subray\u00f3 que durante el segundo a\u00f1o de su administraci\u00f3n, la obra p\u00fablica se enfocar\u00e1 en atender la principal demanda ciudadana: la rehabilitaci\u00f3n de drenes y drenajes. Por ello, el presupuesto del pr\u00f3ximo a\u00f1o se destinar\u00e1 prioritariamente a resolver una de las necesidades m\u00e1s sensibles de la poblaci\u00f3n.<\/span><\/p>\n<p><span style=\"font-weight: 400;\">Si algo nos ha distinguido en esta ciudad y como sociedad, es que somos una sociedad sumamente participativa, una sociedad sumamente bien informada y una sociedad que exige. Por eso Quer\u00e9taro vive una realidad muy distinta al resto del pa\u00eds. Por eso aqu\u00ed en Quer\u00e9taro, lo decimos con mucho orgullo, somos l\u00edderes en todos los indicadores, en seguridad, en calidad de vida, en inversi\u00f3n, en empleo. Y hoy, como nunca antes, con un trabajo coordinado con nuestro gobernador Mauricio Kuri, es como hemos exponenciado los resultados a favor de la gente y podemos afirmar con toda contundencia que la ciudad de Quer\u00e9taro se diferencia de la realidad de muchas partes del pa\u00eds. Por eso juntos, amigas y amigos, tenemos que cuidar este Quer\u00e9taro, preservar todo lo que funciona y tambi\u00e9n trabajarnos a mejorar lo que haga falta.<\/span><\/p>\n<p><span style=\"font-weight: 400;\">En 2026, va a ser el a\u00f1o de los drenes y de los drenajes, son obras muy caras, que vamos a tener que trabajar de manera muy puntual con ustedes, para entrar primero donde es urgente, luego donde es necesario, y luego donde es importante, porque todo se va a ocupar. Pero quiero que con ustedes trabajemos de manera muy puntual el diagn\u00f3stico de la ciudad, para intervenir en lo m\u00e1s sensible que hoy ocupa la ciudad, que es esta infraestructura de drenajes y de drenes.<\/span><\/p>\n<\/div>\n<p><script>(function(d, s, id) {\n  var js, fjs = d.getElementsByTagName(s)[0];\n  if (d.getElementById(id)) return;\n  js = d.createElement(s); js.id = id;\n  js.src = \"\/\/connect.facebook.net\/es_LA\/sdk.js#xfbml=1&appId=546007945598485&version=v2.3\";\n  fjs.parentNode.insertBefore(js, fjs);\n}(document, 'script', 'facebook-jssdk'));<\/script><\/p>\n","protected":false},"excerpt":{"rendered":"<p>Noticias \u00a0 El alcalde Felifer Mac\u00edas, reconoci\u00f3 el trabajo de las y los integrantes de los Consejos de Participaci\u00f3n Ciudadana, al considerarlos una parte esencial para construir un Quer\u00e9taro con orden y futuro. Destac\u00f3 que la colaboraci\u00f3n entre la sociedad civil organizada y el gobierno municipal permite impulsar acciones efectivas que mejoran la calidad de [&hellip;]<\/p>\n","protected":false},"author":2,"featured_media":52385,"comment_status":"","ping_status":"","sticky":false,"template":"","format":"standard","meta":{"_monsterinsights_skip_tracking":false,"_monsterinsights_sitenote_active":false,"_monsterinsights_sitenote_note":"","_monsterinsights_sitenote_category":0,"footnotes":""},"categories":[4],"tags":[],"class_list":["post-52384","post","type-post","status-publish","format-standard","has-post-thumbnail","hentry","category-queretaro"],"_links":{"self":[{"href":"https:\/\/informebajio.com.mx\/index.php?rest_route=\/wp\/v2\/posts\/52384","targetHints":{"allow":["GET"]}}],"collection":[{"href":"https:\/\/informebajio.com.mx\/index.php?rest_route=\/wp\/v2\/posts"}],"about":[{"href":"https:\/\/informebajio.com.mx\/index.php?rest_route=\/wp\/v2\/types\/post"}],"author":[{"embeddable":true,"href":"https:\/\/informebajio.com.mx\/index.php?rest_route=\/wp\/v2\/users\/2"}],"replies":[{"embeddable":true,"href":"https:\/\/informebajio.com.mx\/index.php?rest_route=%2Fwp%2Fv2%2Fcomments&post=52384"}],"version-history":[{"count":0,"href":"https:\/\/informebajio.com.mx\/index.php?rest_route=\/wp\/v2\/posts\/52384\/revisions"}],"wp:featuredmedia":[{"embeddable":true,"href":"https:\/\/informebajio.com.mx\/index.php?rest_route=\/wp\/v2\/media\/52385"}],"wp:attachment":[{"href":"https:\/\/informebajio.com.mx\/index.php?rest_route=%2Fwp%2Fv2%2Fmedia&parent=52384"}],"wp:term":[{"taxonomy":"category","embeddable":true,"href":"https:\/\/informebajio.com.mx\/index.php?rest_route=%2Fwp%2Fv2%2Fcategories&post=52384"},{"taxonomy":"post_tag","embeddable":true,"href":"https:\/\/informebajio.com.mx\/index.php?rest_route=%2Fwp%2Fv2%2Ftags&post=52384"}],"curies":[{"name":"wp","href":"https:\/\/api.w.org\/{rel}","templated":true}]}}