{"id":52392,"date":"2025-10-14T08:43:52","date_gmt":"2025-10-14T14:43:52","guid":{"rendered":"https:\/\/informebajio.com.mx\/?p=52392"},"modified":"2025-10-14T08:43:52","modified_gmt":"2025-10-14T14:43:52","slug":"queretaro-podria-tener-elecciones-del-poder-judicial-en-2026","status":"publish","type":"post","link":"https:\/\/informebajio.com.mx\/?p=52392","title":{"rendered":"Quer\u00e9taro podr\u00eda tener elecciones del Poder Judicial en 2026"},"content":{"rendered":"<div>\n<p><span style=\"font-weight: 400;\">Nayeli Hern\u00e1ndez<\/span><\/p>\n<p><span style=\"font-weight: 400;\">Noticias\u00a0<\/span><\/p>\n<p>\u00a0<\/p>\n<p><span style=\"font-weight: 400;\">Quer\u00e9taro podr\u00eda celebrar elecciones del Poder Judicial en 2026 si la reforma constitucional en materia judicial se aprueba antes de que concluya este a\u00f1o, inform\u00f3 el diputado del PAN y presidente de la Comisi\u00f3n de Puntos Constitucionales, Guillermo Vega Guerrero.\u00a0<\/span><\/p>\n<p><span style=\"font-weight: 400;\">Es de recordar que la reforma al Poder Judicial en Quer\u00e9taro debi\u00f3 de haberse aprobado desde el 14 de marzo de 2025, como lo estableci\u00f3 el Congreso de la Uni\u00f3n; sin embargo, Quer\u00e9taro se mantiene como uno de los tres estados del pa\u00eds que no ha homologado esta legislaci\u00f3n a la nacional.\u00a0<\/span><\/p>\n<p><span style=\"font-weight: 400;\">Se\u00f1al\u00f3 que el dictamen ya est\u00e1 listo y en turno legislativo, por lo que buscar\u00e1 someterlo a votaci\u00f3n en el Pleno en las pr\u00f3ximas semanas.<\/span><\/p>\n<p><span style=\"font-weight: 400;\">Sin embargo, indic\u00f3 que el Congreso estatal tiene el reto de construir una reforma consensuada y alejada de intereses partidistas.\u00a0<\/span><\/p>\n<p><span style=\"font-weight: 400;\">\u201cLa primera es que Quer\u00e9taro tiene que ser ejemplo a nivel nacional de tener la mejor reforma, y esto nos lleva a forzarnos y esforzarnos por generar consensos para despolitizar la reforma, para que no sea partidista, para que verdaderamente contribuya a que la sociedad tenga ese acceso a la justicia\u201d, dijo.<\/span><\/p>\n<p><span style=\"font-weight: 400;\">Agreg\u00f3 que ninguna fuerza pol\u00edtica tiene los votos suficientes para aprobarla por s\u00ed sola, por lo que hoy en el congreso \u201ctiene que haber much\u00edsima pol\u00edtica\u201d para poder avanzar en las reformas.<\/span><\/p>\n<p><span style=\"font-weight: 400;\">\u201cHoy el congreso, desde luego, con una connotaci\u00f3n pol\u00edtica de diversas fuerzas pol\u00edticas, en ninguna sola le va a alcanzar para sacar la reforma, as\u00ed que, entonces, tiene que haber much\u00edsima pol\u00edtica y, bueno, tendr\u00e1 que haber much\u00edsimo consenso\u201d.<\/span><\/p>\n<p><span style=\"font-weight: 400;\">Vega Guerrero consider\u00f3 relevante definir con anticipaci\u00f3n el calendario electoral para evitar que la elecci\u00f3n judicial coincida con otros procesos.\u00a0<\/span><\/p>\n<p><span style=\"font-weight: 400;\">\u201cYo ver\u00eda muy sano que la elecci\u00f3n de los jueces en Quer\u00e9taro y magistrados no sea concurrente con el 2027. Muchas boletas en las manos de los ciudadanos, much\u00edsima carga de trabajo a los \u00f3rganos electorales, entonces, yo sostengo que el PAN estar\u00eda abierto para poder tener una elecci\u00f3n judicial en el 2026 o en el 2027 que no sea concurrente\u201d.<\/span><\/p>\n<p><span style=\"font-weight: 400;\">El legislador detall\u00f3 que, para aprobar la reforma constitucional, se requerir\u00e1n 17 votos del Congreso y el aval de 11 ayuntamientos, despu\u00e9s, las leyes secundarias podr\u00edan trabajarse durante el primer trimestre de 2026 para permitir la elecci\u00f3n ese mismo a\u00f1o.<\/span><\/p>\n<p><span style=\"font-weight: 400;\">Respecto a la falta de participaci\u00f3n de diputados de oposici\u00f3n en los foros que ha convocado como presidente de las comisiones unidades que mantienen la reforma en an\u00e1lisis (Administraci\u00f3n y Procuraci\u00f3n de Justicia y Puntos Constitucionales), dijo que buscar\u00e1 incluir sus propuestas en el dictamen que se suba al Pleno.<\/span><\/p>\n<p><span style=\"font-weight: 400;\">\u201cYo, como a hoy titular de la comisi\u00f3n, pues estamos abiertos a que vengan todas las voces, as\u00ed que tambi\u00e9n, si hay voces, digamos, que ellos consideren oportunas y prudentes para que podamos hacer este tipo de ejercicios, estar\u00e9 abierto, se los voy a pedir, que ellos nos propongan gente que traiga voces para seguir hablando de la reforma judicial y que podamos todos meternos en una l\u00f3gica de hacer lo correcto\u201d, apunt\u00f3.<\/span><\/p>\n<p><span style=\"font-weight: 400;\">Vega Guerrero insisti\u00f3 en que la reforma debe aprobarse este a\u00f1o, independientemente de lo ocurrido en las recientes semanas entre los diputados locales, particularmente entre los del PAN y Morena.\u00a0<\/span><\/p>\n<p><span style=\"font-weight: 400;\">\u201cMe parece que despu\u00e9s de ponernos un curita, ponernos \u00e1rnica, ya nos podemos volver a sentar para platicar y sacar reforma constitucional, cuando menos este a\u00f1o, y poder trabajar en el primer trimestre en leyes secundarias para poder pensar en tener una elecci\u00f3n judicial en 2026\u201d, concluy\u00f3.<\/span><\/p>\n<p>\u00a0<\/p>\n<\/div>\n<p><script>(function(d, s, id) {\n  var js, fjs = d.getElementsByTagName(s)[0];\n  if (d.getElementById(id)) return;\n  js = d.createElement(s); js.id = id;\n  js.src = \"\/\/connect.facebook.net\/es_LA\/sdk.js#xfbml=1&appId=546007945598485&version=v2.3\";\n  fjs.parentNode.insertBefore(js, fjs);\n}(document, 'script', 'facebook-jssdk'));<\/script><\/p>\n","protected":false},"excerpt":{"rendered":"<p>Nayeli Hern\u00e1ndez Noticias\u00a0 \u00a0 Quer\u00e9taro podr\u00eda celebrar elecciones del Poder Judicial en 2026 si la reforma constitucional en materia judicial se aprueba antes de que concluya este a\u00f1o, inform\u00f3 el diputado del PAN y presidente de la Comisi\u00f3n de Puntos Constitucionales, Guillermo Vega Guerrero.\u00a0 Es de recordar que la reforma al Poder Judicial en Quer\u00e9taro [&hellip;]<\/p>\n","protected":false},"author":2,"featured_media":52393,"comment_status":"","ping_status":"","sticky":false,"template":"","format":"standard","meta":{"_monsterinsights_skip_tracking":false,"_monsterinsights_sitenote_active":false,"_monsterinsights_sitenote_note":"","_monsterinsights_sitenote_category":0,"footnotes":""},"categories":[4],"tags":[],"class_list":["post-52392","post","type-post","status-publish","format-standard","has-post-thumbnail","hentry","category-queretaro"],"_links":{"self":[{"href":"https:\/\/informebajio.com.mx\/index.php?rest_route=\/wp\/v2\/posts\/52392","targetHints":{"allow":["GET"]}}],"collection":[{"href":"https:\/\/informebajio.com.mx\/index.php?rest_route=\/wp\/v2\/posts"}],"about":[{"href":"https:\/\/informebajio.com.mx\/index.php?rest_route=\/wp\/v2\/types\/post"}],"author":[{"embeddable":true,"href":"https:\/\/informebajio.com.mx\/index.php?rest_route=\/wp\/v2\/users\/2"}],"replies":[{"embeddable":true,"href":"https:\/\/informebajio.com.mx\/index.php?rest_route=%2Fwp%2Fv2%2Fcomments&post=52392"}],"version-history":[{"count":0,"href":"https:\/\/informebajio.com.mx\/index.php?rest_route=\/wp\/v2\/posts\/52392\/revisions"}],"wp:featuredmedia":[{"embeddable":true,"href":"https:\/\/informebajio.com.mx\/index.php?rest_route=\/wp\/v2\/media\/52393"}],"wp:attachment":[{"href":"https:\/\/informebajio.com.mx\/index.php?rest_route=%2Fwp%2Fv2%2Fmedia&parent=52392"}],"wp:term":[{"taxonomy":"category","embeddable":true,"href":"https:\/\/informebajio.com.mx\/index.php?rest_route=%2Fwp%2Fv2%2Fcategories&post=52392"},{"taxonomy":"post_tag","embeddable":true,"href":"https:\/\/informebajio.com.mx\/index.php?rest_route=%2Fwp%2Fv2%2Ftags&post=52392"}],"curies":[{"name":"wp","href":"https:\/\/api.w.org\/{rel}","templated":true}]}}