{"id":52398,"date":"2025-10-14T18:45:49","date_gmt":"2025-10-15T00:45:49","guid":{"rendered":"https:\/\/informebajio.com.mx\/?p=52398"},"modified":"2025-10-14T18:45:49","modified_gmt":"2025-10-15T00:45:49","slug":"un-mes-sin-luz-en-primaria-nezahualcoyotl","status":"publish","type":"post","link":"https:\/\/informebajio.com.mx\/?p=52398","title":{"rendered":"Un mes sin luz en Primaria Nezahualc\u00f3yotl"},"content":{"rendered":"<div>\n<h2><span style=\"font-weight: 400;\">Madres de familia exigen se garantice la luz para todo el plantel<\/span><\/h2>\n<p><span style=\"font-weight: 400;\">Por Jahaira Lara\u00a0<\/span><\/p>\n<p><span style=\"font-weight: 400;\">Noticias\u00a0<\/span><\/p>\n<p>\u00a0<\/p>\n<p><span style=\"font-weight: 400;\">Luego de casi un mes sin energ\u00eda el\u00e9ctrica en una parte de la Escuela Primaria Netzahualc\u00f3yotl de la colonia Menchaca, madres de familia cerraron este lunes el plantel para exigir a las autoridades educativas que se garantice este servicio b\u00e1sico a la brevedad; ya que pese a haberse reportado el problema a USEBEQ hasta el momento no se hab\u00eda recibido una respuesta.<\/span><\/p>\n<p><span style=\"font-weight: 400;\">En este sentido, se\u00f1alaron que son los salones de primero, segundo y tercer grado los no cuentan con luz desde el pasado 15 de septiembre; situaci\u00f3n que afecta principalmente al turno vespertino, ya que se les dificulta la visibilidad y el aprendizaje, ya que oscurece cuando a\u00fan se encuentran en clase.<\/span><\/p>\n<p><span style=\"font-weight: 400;\">Adem\u00e1s compartieron que ante la falta del servicio en una parte de la escuela las bombas de agua dejaron de funcionar y no se cuenta con el servicio en los ba\u00f1os; lo que ha generado ya algunos casos de enfermedades intestinales en menores.<\/span><\/p>\n<p><span style=\"font-weight: 400;\">\u201cEs una situaci\u00f3n complicada, porque luego cuando anochece los maestros tienen ah\u00ed a los ni\u00f1os parados alrededor del pizarr\u00f3n para que puedan ver bien ya cuando se pone de noche; y aunque los afectados son los peque\u00f1os de primero, segundo y tercero los m\u00e1s afectados, toda la escuela est\u00e1 afectada porque no hay agua en los ba\u00f1os\u201d, se\u00f1al\u00f3 una de las mam\u00e1s.<\/span><\/p>\n<p><span style=\"font-weight: 400;\">Cabe destacar que ante esta manifestaci\u00f3n, autoridades de USEBEQ y la Comisi\u00f3n Estatal de Infraestructura acudieron al lugar y garantizaron a las mam\u00e1s inconformes que este martes se iniciar\u00e1n los trabajos para resolver el problema, a lo cual las mam\u00e1s pidieron que este compromiso quedar\u00e1 por escrito y en caso de no cumplirse, se proceder\u00e1 nuevamente a cerrar el plantel e impedir el paso a estudiantes, docentes y personal administrativo.<\/span><\/p>\n<p><span style=\"font-weight: 400;\">Al respecto, se destac\u00f3 que son alrededor de 120 los alumnos del turno vespertino, los afectados por la falta de energ\u00eda el\u00e9ctrica en los salones y m\u00e1s de 240 que han padecido por la falta de agua en los ba\u00f1os.<\/span><\/p>\n<p><img fetchpriority=\"high\" decoding=\"async\" class=\"alignnone size-medium wp-image-702402\" src=\"https:\/\/cdn.noticiasdequeretaro.com.mx\/wp-content\/uploads\/2025\/10\/14055009\/Un-mes-sin-luz-en-Primaria-Nezahualcoyotl-2-600x450.jpg\" alt=\"\" width=\"600\" height=\"450\" srcset=\"https:\/\/cdn.noticiasdequeretaro.com.mx\/wp-content\/uploads\/2025\/10\/14055009\/Un-mes-sin-luz-en-Primaria-Nezahualcoyotl-2-600x450.jpg 600w, https:\/\/cdn.noticiasdequeretaro.com.mx\/wp-content\/uploads\/2025\/10\/14055009\/Un-mes-sin-luz-en-Primaria-Nezahualcoyotl-2-1024x768.jpg 1024w, https:\/\/cdn.noticiasdequeretaro.com.mx\/wp-content\/uploads\/2025\/10\/14055009\/Un-mes-sin-luz-en-Primaria-Nezahualcoyotl-2-300x225.jpg 300w, https:\/\/cdn.noticiasdequeretaro.com.mx\/wp-content\/uploads\/2025\/10\/14055009\/Un-mes-sin-luz-en-Primaria-Nezahualcoyotl-2-768x576.jpg 768w, https:\/\/cdn.noticiasdequeretaro.com.mx\/wp-content\/uploads\/2025\/10\/14055009\/Un-mes-sin-luz-en-Primaria-Nezahualcoyotl-2-1536x1152.jpg 1536w, https:\/\/cdn.noticiasdequeretaro.com.mx\/wp-content\/uploads\/2025\/10\/14055009\/Un-mes-sin-luz-en-Primaria-Nezahualcoyotl-2-2048x1536.jpg 2048w\" sizes=\"(max-width: 600px) 100vw, 600px\"\/><\/p>\n<\/div>\n<p><script>(function(d, s, id) {\n  var js, fjs = d.getElementsByTagName(s)[0];\n  if (d.getElementById(id)) return;\n  js = d.createElement(s); js.id = id;\n  js.src = \"\/\/connect.facebook.net\/es_LA\/sdk.js#xfbml=1&appId=546007945598485&version=v2.3\";\n  fjs.parentNode.insertBefore(js, fjs);\n}(document, 'script', 'facebook-jssdk'));<\/script><\/p>\n","protected":false},"excerpt":{"rendered":"<p>Madres de familia exigen se garantice la luz para todo el plantel Por Jahaira Lara\u00a0 Noticias\u00a0 \u00a0 Luego de casi un mes sin energ\u00eda el\u00e9ctrica en una parte de la Escuela Primaria Netzahualc\u00f3yotl de la colonia Menchaca, madres de familia cerraron este lunes el plantel para exigir a las autoridades educativas que se garantice este [&hellip;]<\/p>\n","protected":false},"author":2,"featured_media":52399,"comment_status":"","ping_status":"","sticky":false,"template":"","format":"standard","meta":{"_monsterinsights_skip_tracking":false,"_monsterinsights_sitenote_active":false,"_monsterinsights_sitenote_note":"","_monsterinsights_sitenote_category":0,"footnotes":""},"categories":[4],"tags":[],"class_list":["post-52398","post","type-post","status-publish","format-standard","has-post-thumbnail","hentry","category-queretaro"],"_links":{"self":[{"href":"https:\/\/informebajio.com.mx\/index.php?rest_route=\/wp\/v2\/posts\/52398","targetHints":{"allow":["GET"]}}],"collection":[{"href":"https:\/\/informebajio.com.mx\/index.php?rest_route=\/wp\/v2\/posts"}],"about":[{"href":"https:\/\/informebajio.com.mx\/index.php?rest_route=\/wp\/v2\/types\/post"}],"author":[{"embeddable":true,"href":"https:\/\/informebajio.com.mx\/index.php?rest_route=\/wp\/v2\/users\/2"}],"replies":[{"embeddable":true,"href":"https:\/\/informebajio.com.mx\/index.php?rest_route=%2Fwp%2Fv2%2Fcomments&post=52398"}],"version-history":[{"count":0,"href":"https:\/\/informebajio.com.mx\/index.php?rest_route=\/wp\/v2\/posts\/52398\/revisions"}],"wp:featuredmedia":[{"embeddable":true,"href":"https:\/\/informebajio.com.mx\/index.php?rest_route=\/wp\/v2\/media\/52399"}],"wp:attachment":[{"href":"https:\/\/informebajio.com.mx\/index.php?rest_route=%2Fwp%2Fv2%2Fmedia&parent=52398"}],"wp:term":[{"taxonomy":"category","embeddable":true,"href":"https:\/\/informebajio.com.mx\/index.php?rest_route=%2Fwp%2Fv2%2Fcategories&post=52398"},{"taxonomy":"post_tag","embeddable":true,"href":"https:\/\/informebajio.com.mx\/index.php?rest_route=%2Fwp%2Fv2%2Ftags&post=52398"}],"curies":[{"name":"wp","href":"https:\/\/api.w.org\/{rel}","templated":true}]}}