{"id":52408,"date":"2025-10-15T09:50:12","date_gmt":"2025-10-15T15:50:12","guid":{"rendered":"https:\/\/informebajio.com.mx\/?p=52408"},"modified":"2025-10-15T09:50:12","modified_gmt":"2025-10-15T15:50:12","slug":"impulsa-sedea-a-productores-de-el-marques-y-queretaro-con-semilla-de-avena","status":"publish","type":"post","link":"https:\/\/informebajio.com.mx\/?p=52408","title":{"rendered":"Impulsa SEDEA a productores de El Marqu\u00e9s y Quer\u00e9taro con semilla de avena"},"content":{"rendered":"<div>\n<p><span style=\"font-weight: 400;\">Noticias<\/span><\/p>\n<p>\u00a0<\/p>\n<p><span style=\"font-weight: 400;\">El secretario t\u00e9cnico de la Secretar\u00eda de Desarrollo Agropecuario, Jos\u00e9 Gonz\u00e1lez, encabez\u00f3 la entrega de m\u00e1s de 51 toneladas de semilla de avena a 418\u00a0 ganaderos de peque\u00f1a escala de los municipios de El Marqu\u00e9s\u00a0 y Quer\u00e9taro, que se vieron afectados por las condiciones climatol\u00f3gicas\u00a0 que se han presentado y que, de nueva cuenta, con el apoyo del Gobernador Mauricio Kuri, podr\u00e1n sostener sus hatos y reactivar su actividad econ\u00f3mica.<\/span><\/p>\n<p><span style=\"font-weight: 400;\">Gonz\u00e1lez Ruiz se\u00f1al\u00f3 que este programa tiene como objetivo, proporcionar por parte del Gobierno del Estado, apoyo en especie a peque\u00f1os ganaderos que trabajan en condiciones de temporal, mediante la entrega de semilla para cultivos forrajeros y en su caso suplementos alimenticios, incorporando a este beneficio a acuicultores y apicultores.<\/span><\/p>\n<\/div>\n<p><script>(function(d, s, id) {\n  var js, fjs = d.getElementsByTagName(s)[0];\n  if (d.getElementById(id)) return;\n  js = d.createElement(s); js.id = id;\n  js.src = \"\/\/connect.facebook.net\/es_LA\/sdk.js#xfbml=1&appId=546007945598485&version=v2.3\";\n  fjs.parentNode.insertBefore(js, fjs);\n}(document, 'script', 'facebook-jssdk'));<\/script><\/p>\n","protected":false},"excerpt":{"rendered":"<p>Noticias \u00a0 El secretario t\u00e9cnico de la Secretar\u00eda de Desarrollo Agropecuario, Jos\u00e9 Gonz\u00e1lez, encabez\u00f3 la entrega de m\u00e1s de 51 toneladas de semilla de avena a 418\u00a0 ganaderos de peque\u00f1a escala de los municipios de El Marqu\u00e9s\u00a0 y Quer\u00e9taro, que se vieron afectados por las condiciones climatol\u00f3gicas\u00a0 que se han presentado y que, de nueva [&hellip;]<\/p>\n","protected":false},"author":2,"featured_media":52409,"comment_status":"","ping_status":"","sticky":false,"template":"","format":"standard","meta":{"_monsterinsights_skip_tracking":false,"_monsterinsights_sitenote_active":false,"_monsterinsights_sitenote_note":"","_monsterinsights_sitenote_category":0,"footnotes":""},"categories":[4],"tags":[],"class_list":["post-52408","post","type-post","status-publish","format-standard","has-post-thumbnail","hentry","category-queretaro"],"_links":{"self":[{"href":"https:\/\/informebajio.com.mx\/index.php?rest_route=\/wp\/v2\/posts\/52408","targetHints":{"allow":["GET"]}}],"collection":[{"href":"https:\/\/informebajio.com.mx\/index.php?rest_route=\/wp\/v2\/posts"}],"about":[{"href":"https:\/\/informebajio.com.mx\/index.php?rest_route=\/wp\/v2\/types\/post"}],"author":[{"embeddable":true,"href":"https:\/\/informebajio.com.mx\/index.php?rest_route=\/wp\/v2\/users\/2"}],"replies":[{"embeddable":true,"href":"https:\/\/informebajio.com.mx\/index.php?rest_route=%2Fwp%2Fv2%2Fcomments&post=52408"}],"version-history":[{"count":0,"href":"https:\/\/informebajio.com.mx\/index.php?rest_route=\/wp\/v2\/posts\/52408\/revisions"}],"wp:featuredmedia":[{"embeddable":true,"href":"https:\/\/informebajio.com.mx\/index.php?rest_route=\/wp\/v2\/media\/52409"}],"wp:attachment":[{"href":"https:\/\/informebajio.com.mx\/index.php?rest_route=%2Fwp%2Fv2%2Fmedia&parent=52408"}],"wp:term":[{"taxonomy":"category","embeddable":true,"href":"https:\/\/informebajio.com.mx\/index.php?rest_route=%2Fwp%2Fv2%2Fcategories&post=52408"},{"taxonomy":"post_tag","embeddable":true,"href":"https:\/\/informebajio.com.mx\/index.php?rest_route=%2Fwp%2Fv2%2Ftags&post=52408"}],"curies":[{"name":"wp","href":"https:\/\/api.w.org\/{rel}","templated":true}]}}