{"id":52414,"date":"2025-10-15T14:51:04","date_gmt":"2025-10-15T20:51:04","guid":{"rendered":"https:\/\/informebajio.com.mx\/?p=52414"},"modified":"2025-10-15T14:51:04","modified_gmt":"2025-10-15T20:51:04","slug":"acusa-pan-desaparicion-del-fondo-de-emergencias-por-amlo","status":"publish","type":"post","link":"https:\/\/informebajio.com.mx\/?p=52414","title":{"rendered":"Acusa PAN desaparici\u00f3n del fondo de emergencias por AMLO"},"content":{"rendered":"<div>\n<p><span style=\"font-weight: 400;\">Diego Hern\u00e1ndez\u00a0<\/span><\/p>\n<p><span style=\"font-weight: 400;\">Noticias\u00a0<\/span><\/p>\n<p>\u00a0<\/p>\n<p><span style=\"font-weight: 400;\">Mart\u00edn Arango Garc\u00eda, presidente del Comit\u00e9 Directivo Estatal del PAN, habl\u00f3 sobre el trabajo del Gobierno de M\u00e9xico durante estos tiempos de emergencia, lament\u00f3 que el presupuesto para hechos catastr\u00f3ficos haya reducido de manera considerable en tiempos de la Cuarta Transformaci\u00f3n, asever\u00f3 que con Andr\u00e9s Manuel L\u00f3pez Obrador y Claudia Sheinbaum han hecho un recorte visible.<\/span><\/p>\n<p><span style=\"font-weight: 400;\">\u201cMientras con Felipe Calder\u00f3n el Fonden era de 50 mil millones de pesos, con Pe\u00f1a se redujo a 45 mil millones de pesos, con AMLO a 25 mil millones de pesos y hoy con Claudia Sheinbaum a tan solo 19 mil millones de pesos\u201d.<\/span><\/p>\n<p><span style=\"font-weight: 400;\">Tras las pasadas lluvias que dejaron afectaciones severas en Veracruz, Hidalgo, Puebla, San Luis Potos\u00ed y Quer\u00e9taro, diversas voces de nueva cuenta apuntaron la problem\u00e1tica que supone la desaparici\u00f3n del FONDEN, ya que no lo han logrado suplir.<\/span><\/p>\n<p><span style=\"font-weight: 400;\">Este fondo emergente lo despareci\u00f3 Andr\u00e9s Manuel L\u00f3pez Obrador, acus\u00f3 que se utiliz\u00f3 de mala manera y solo sirvi\u00f3 para cometer actos de corrupci\u00f3n, la propia Claudia Sheinbaum Pardo recientemente habl\u00f3 de ello en sus conferencias matutinas, qui\u00e9n coincidi\u00f3 que era una bolsa destinada a lo il\u00edcito.<\/span><\/p>\n<p><span style=\"font-weight: 400;\">En ese tenor record\u00f3 el esc\u00e1ndalo del ahora aliado de Morena, Jos\u00e9 Mar\u00eda Tapia Franco, record\u00f3 que en el sexenio de Enrique Pe\u00f1a Nieto estaba en Las Vegas mientras hab\u00eda una problem\u00e1tica en territorio nacional; Tapia Franco fue candidato por Morena a la alcald\u00eda de la capital en 2024.<\/span><\/p>\n<p><span style=\"font-weight: 400;\">Por su parte, Arango Garc\u00eda manifest\u00f3 que no tiene sentido que hablen de esa manera del Fondo para Desastres Naturales y tiene a Jos\u00e9 Mar\u00eda \u201cChema\u201d Tapia en sus filas, desde su perspectiva esto demuestra que en Morena hay cabida para la corrupci\u00f3n.<\/span><\/p>\n<p><span style=\"font-weight: 400;\">Por otro lado, el l\u00edder blanquiazul reconoci\u00f3 la labor del gobernador Mauricio Kuri Gonz\u00e1lez en la Sierra Gorda, se\u00f1al\u00f3 que a diferencia de otras entidades federativas, en Quer\u00e9taro se actu\u00f3 de manera r\u00e1pida y con la intenci\u00f3n de apoyar a los afectados, mientras que otras entidades no fue el caso, se pudo observar c\u00f3mo las autoridades fueron omisas, acus\u00f3.<\/span><\/p>\n<\/div>\n<p><script>(function(d, s, id) {\n  var js, fjs = d.getElementsByTagName(s)[0];\n  if (d.getElementById(id)) return;\n  js = d.createElement(s); js.id = id;\n  js.src = \"\/\/connect.facebook.net\/es_LA\/sdk.js#xfbml=1&appId=546007945598485&version=v2.3\";\n  fjs.parentNode.insertBefore(js, fjs);\n}(document, 'script', 'facebook-jssdk'));<\/script><\/p>\n","protected":false},"excerpt":{"rendered":"<p>Diego Hern\u00e1ndez\u00a0 Noticias\u00a0 \u00a0 Mart\u00edn Arango Garc\u00eda, presidente del Comit\u00e9 Directivo Estatal del PAN, habl\u00f3 sobre el trabajo del Gobierno de M\u00e9xico durante estos tiempos de emergencia, lament\u00f3 que el presupuesto para hechos catastr\u00f3ficos haya reducido de manera considerable en tiempos de la Cuarta Transformaci\u00f3n, asever\u00f3 que con Andr\u00e9s Manuel L\u00f3pez Obrador y Claudia Sheinbaum [&hellip;]<\/p>\n","protected":false},"author":2,"featured_media":52415,"comment_status":"","ping_status":"","sticky":false,"template":"","format":"standard","meta":{"_monsterinsights_skip_tracking":false,"_monsterinsights_sitenote_active":false,"_monsterinsights_sitenote_note":"","_monsterinsights_sitenote_category":0,"footnotes":""},"categories":[4],"tags":[],"class_list":["post-52414","post","type-post","status-publish","format-standard","has-post-thumbnail","hentry","category-queretaro"],"_links":{"self":[{"href":"https:\/\/informebajio.com.mx\/index.php?rest_route=\/wp\/v2\/posts\/52414","targetHints":{"allow":["GET"]}}],"collection":[{"href":"https:\/\/informebajio.com.mx\/index.php?rest_route=\/wp\/v2\/posts"}],"about":[{"href":"https:\/\/informebajio.com.mx\/index.php?rest_route=\/wp\/v2\/types\/post"}],"author":[{"embeddable":true,"href":"https:\/\/informebajio.com.mx\/index.php?rest_route=\/wp\/v2\/users\/2"}],"replies":[{"embeddable":true,"href":"https:\/\/informebajio.com.mx\/index.php?rest_route=%2Fwp%2Fv2%2Fcomments&post=52414"}],"version-history":[{"count":0,"href":"https:\/\/informebajio.com.mx\/index.php?rest_route=\/wp\/v2\/posts\/52414\/revisions"}],"wp:featuredmedia":[{"embeddable":true,"href":"https:\/\/informebajio.com.mx\/index.php?rest_route=\/wp\/v2\/media\/52415"}],"wp:attachment":[{"href":"https:\/\/informebajio.com.mx\/index.php?rest_route=%2Fwp%2Fv2%2Fmedia&parent=52414"}],"wp:term":[{"taxonomy":"category","embeddable":true,"href":"https:\/\/informebajio.com.mx\/index.php?rest_route=%2Fwp%2Fv2%2Fcategories&post=52414"},{"taxonomy":"post_tag","embeddable":true,"href":"https:\/\/informebajio.com.mx\/index.php?rest_route=%2Fwp%2Fv2%2Ftags&post=52414"}],"curies":[{"name":"wp","href":"https:\/\/api.w.org\/{rel}","templated":true}]}}