{"id":52438,"date":"2025-10-17T11:57:17","date_gmt":"2025-10-17T17:57:17","guid":{"rendered":"https:\/\/informebajio.com.mx\/?p=52438"},"modified":"2025-10-17T11:57:17","modified_gmt":"2025-10-17T17:57:17","slug":"sejuve-e-imjuve-fortalecen-lazos-en-encuentro-nacional","status":"publish","type":"post","link":"https:\/\/informebajio.com.mx\/?p=52438","title":{"rendered":"SEJUVE e IMJUVE fortalecen lazos en encuentro nacional"},"content":{"rendered":"<div>\n<p><span style=\"font-weight: 400;\">Noticias<\/span><\/p>\n<p>\u00a0<\/p>\n<p><span style=\"font-weight: 400;\">Con el prop\u00f3sito de fortalecer los lazos de colaboraci\u00f3n y definir estrategias conjuntas en favor del desarrollo integral de la juventud mexicana, la titular de la Secretar\u00eda de la Juventud (SEJUVE), Virginia Hern\u00e1ndez V\u00e1zquez, particip\u00f3 en la Segunda Reuni\u00f3n Nacional de Coordinaci\u00f3n entre el Instituto Mexicano de la Juventud (IMJUVE) y las Instancias de Juventud de las Entidades Federativas (IJEF) que se llev\u00f3 a cabo en el estado de Nayarit.<\/span><\/p>\n<p><span style=\"font-weight: 400;\">Hern\u00e1ndez V\u00e1zquez destac\u00f3 la importancia de mantener una agenda com\u00fan entre los estados y la federaci\u00f3n, que permita atender de manera integral las necesidades y aspiraciones de las y los j\u00f3venes.<\/span><\/p>\n<p><span style=\"font-weight: 400;\">\u201cEste tipo de espacios son fundamentales para compartir experiencias, unificar esfuerzos y construir estrategias que realmente impacten en la vida de las y los j\u00f3venes. En Quer\u00e9taro seguimos comprometidos con generar pol\u00edticas que les brinden m\u00e1s oportunidades de crecimiento\u201d, expres\u00f3.<\/span><\/p>\n<p><span style=\"font-weight: 400;\">Durante los dos d\u00edas del encuentro, convocado por el IMJUVE, se abordaron temas clave para impulsar pol\u00edticas p\u00fablicas que promuevan la participaci\u00f3n activa de las y los j\u00f3venes en los distintos \u00e1mbitos sociales, econ\u00f3micos y culturales del pa\u00eds. Asimismo, se revisaron los avances de los programas federales y estatales dirigidos a fortalecer las oportunidades de desarrollo juvenil.<\/span><\/p>\n<p><span style=\"font-weight: 400;\">Finalmente, Virginia Hern\u00e1ndez, el titular del IMJUVE, Abraham Carro Toledo y las instancias de la juventud de los estados, acordaron seguir trabajando de manera coordinada para impulsar iniciativas que fortalezcan las capacidades de las y los j\u00f3venes en todo el pa\u00eds.<\/span><\/p>\n<p>\u00a0<\/p>\n<\/div>\n<p><script>(function(d, s, id) {\n  var js, fjs = d.getElementsByTagName(s)[0];\n  if (d.getElementById(id)) return;\n  js = d.createElement(s); js.id = id;\n  js.src = \"\/\/connect.facebook.net\/es_LA\/sdk.js#xfbml=1&appId=546007945598485&version=v2.3\";\n  fjs.parentNode.insertBefore(js, fjs);\n}(document, 'script', 'facebook-jssdk'));<\/script><\/p>\n","protected":false},"excerpt":{"rendered":"<p>Noticias \u00a0 Con el prop\u00f3sito de fortalecer los lazos de colaboraci\u00f3n y definir estrategias conjuntas en favor del desarrollo integral de la juventud mexicana, la titular de la Secretar\u00eda de la Juventud (SEJUVE), Virginia Hern\u00e1ndez V\u00e1zquez, particip\u00f3 en la Segunda Reuni\u00f3n Nacional de Coordinaci\u00f3n entre el Instituto Mexicano de la Juventud (IMJUVE) y las Instancias [&hellip;]<\/p>\n","protected":false},"author":2,"featured_media":52439,"comment_status":"","ping_status":"","sticky":false,"template":"","format":"standard","meta":{"_monsterinsights_skip_tracking":false,"_monsterinsights_sitenote_active":false,"_monsterinsights_sitenote_note":"","_monsterinsights_sitenote_category":0,"footnotes":""},"categories":[4],"tags":[],"class_list":["post-52438","post","type-post","status-publish","format-standard","has-post-thumbnail","hentry","category-queretaro"],"_links":{"self":[{"href":"https:\/\/informebajio.com.mx\/index.php?rest_route=\/wp\/v2\/posts\/52438","targetHints":{"allow":["GET"]}}],"collection":[{"href":"https:\/\/informebajio.com.mx\/index.php?rest_route=\/wp\/v2\/posts"}],"about":[{"href":"https:\/\/informebajio.com.mx\/index.php?rest_route=\/wp\/v2\/types\/post"}],"author":[{"embeddable":true,"href":"https:\/\/informebajio.com.mx\/index.php?rest_route=\/wp\/v2\/users\/2"}],"replies":[{"embeddable":true,"href":"https:\/\/informebajio.com.mx\/index.php?rest_route=%2Fwp%2Fv2%2Fcomments&post=52438"}],"version-history":[{"count":0,"href":"https:\/\/informebajio.com.mx\/index.php?rest_route=\/wp\/v2\/posts\/52438\/revisions"}],"wp:featuredmedia":[{"embeddable":true,"href":"https:\/\/informebajio.com.mx\/index.php?rest_route=\/wp\/v2\/media\/52439"}],"wp:attachment":[{"href":"https:\/\/informebajio.com.mx\/index.php?rest_route=%2Fwp%2Fv2%2Fmedia&parent=52438"}],"wp:term":[{"taxonomy":"category","embeddable":true,"href":"https:\/\/informebajio.com.mx\/index.php?rest_route=%2Fwp%2Fv2%2Fcategories&post=52438"},{"taxonomy":"post_tag","embeddable":true,"href":"https:\/\/informebajio.com.mx\/index.php?rest_route=%2Fwp%2Fv2%2Ftags&post=52438"}],"curies":[{"name":"wp","href":"https:\/\/api.w.org\/{rel}","templated":true}]}}