{"id":52454,"date":"2025-10-18T08:02:15","date_gmt":"2025-10-18T14:02:15","guid":{"rendered":"https:\/\/informebajio.com.mx\/?p=52454"},"modified":"2025-10-18T08:02:15","modified_gmt":"2025-10-18T14:02:15","slug":"auto-envuelto-en-llamas","status":"publish","type":"post","link":"https:\/\/informebajio.com.mx\/?p=52454","title":{"rendered":"Auto envuelto en llamas"},"content":{"rendered":"<div>\n<h2><span style=\"font-weight: 400;\">Conductor alcanz\u00f3 a orillarse y ponerse a salvo<\/span><\/h2>\n<p><span style=\"font-weight: 400;\">Noticias<\/span><\/p>\n<p><span style=\"font-weight: 400;\">Un autom\u00f3vil sed\u00e1n que circulaba sobre el libramiento Surponiente, a la altura del fraccionamiento Punta Esmeralda, Corregidora, se incendi\u00f3 ayer por la noche.<\/span><\/p>\n<p><span style=\"font-weight: 400;\">El siniestro moviliz\u00f3 a personal de Protecci\u00f3n Civil de Corregidora y elementos policiales, manteni\u00e9ndose reducci\u00f3n de carriles sobre dicha arteria, para evitar alg\u00fan riesgo a otros conductores.<\/span><\/p>\n<p><span style=\"font-weight: 400;\">De acuerdo con la informaci\u00f3n obtenida, el veh\u00edculo sed\u00e1n era manejado sobre el libramiento en direcci\u00f3n de Centro C\u00edvico hacia Santa B\u00e1rbara.<\/span><\/p>\n<p><span style=\"font-weight: 400;\">En un momento determinado comenz\u00f3 a salir humo de la parte frontal por lo que la persona que conduc\u00eda busc\u00f3 orillarse, a la vez que comenzaba el fuego.<\/span><\/p>\n<p><span style=\"font-weight: 400;\">Al iniciarse el incendio se dio el reporte a la l\u00ednea de emergencias 911 movilizando, como se se\u00f1alaba, a personal de PC Corregidora, as\u00ed como a elementos policiales.<\/span><\/p>\n<p><span style=\"font-weight: 400;\">A su arribo ya las llamas envolv\u00edan el veh\u00edculo siniestrado, inici\u00e1ndose las labores para sofocar el fuego lo cual se logr\u00f3 en unos minutos sin que, por fortuna, se reportaran personas lesionadas, \u00fanicamente los da\u00f1os materiales.<\/span><\/p>\n<p><span style=\"font-weight: 400;\">Una vez que se sofoc\u00f3 el incendio y se descart\u00f3 alg\u00fan otro riesgo, elementos policiales quedaron a cargo de la situaci\u00f3n, siendo posteriormente retirado con una gr\u00faa lo que qued\u00f3 del auto.<\/span><\/p>\n<p><img fetchpriority=\"high\" decoding=\"async\" class=\"alignnone size-full wp-image-702819\" src=\"https:\/\/cdn.noticiasdequeretaro.com.mx\/wp-content\/uploads\/2025\/10\/18075108\/Auto-envuelto-en-llamas-2.jpg\" alt=\"\" width=\"438\" height=\"291\" srcset=\"https:\/\/cdn.noticiasdequeretaro.com.mx\/wp-content\/uploads\/2025\/10\/18075108\/Auto-envuelto-en-llamas-2.jpg 438w, https:\/\/cdn.noticiasdequeretaro.com.mx\/wp-content\/uploads\/2025\/10\/18075108\/Auto-envuelto-en-llamas-2-300x199.jpg 300w\" sizes=\"(max-width: 438px) 100vw, 438px\"\/><\/p>\n<\/div>\n<p><script>(function(d, s, id) {\n  var js, fjs = d.getElementsByTagName(s)[0];\n  if (d.getElementById(id)) return;\n  js = d.createElement(s); js.id = id;\n  js.src = \"\/\/connect.facebook.net\/es_LA\/sdk.js#xfbml=1&appId=546007945598485&version=v2.3\";\n  fjs.parentNode.insertBefore(js, fjs);\n}(document, 'script', 'facebook-jssdk'));<\/script><\/p>\n","protected":false},"excerpt":{"rendered":"<p>Conductor alcanz\u00f3 a orillarse y ponerse a salvo Noticias Un autom\u00f3vil sed\u00e1n que circulaba sobre el libramiento Surponiente, a la altura del fraccionamiento Punta Esmeralda, Corregidora, se incendi\u00f3 ayer por la noche. El siniestro moviliz\u00f3 a personal de Protecci\u00f3n Civil de Corregidora y elementos policiales, manteni\u00e9ndose reducci\u00f3n de carriles sobre dicha arteria, para evitar alg\u00fan [&hellip;]<\/p>\n","protected":false},"author":2,"featured_media":52455,"comment_status":"","ping_status":"","sticky":false,"template":"","format":"standard","meta":{"_monsterinsights_skip_tracking":false,"_monsterinsights_sitenote_active":false,"_monsterinsights_sitenote_note":"","_monsterinsights_sitenote_category":0,"footnotes":""},"categories":[4],"tags":[],"class_list":["post-52454","post","type-post","status-publish","format-standard","has-post-thumbnail","hentry","category-queretaro"],"_links":{"self":[{"href":"https:\/\/informebajio.com.mx\/index.php?rest_route=\/wp\/v2\/posts\/52454","targetHints":{"allow":["GET"]}}],"collection":[{"href":"https:\/\/informebajio.com.mx\/index.php?rest_route=\/wp\/v2\/posts"}],"about":[{"href":"https:\/\/informebajio.com.mx\/index.php?rest_route=\/wp\/v2\/types\/post"}],"author":[{"embeddable":true,"href":"https:\/\/informebajio.com.mx\/index.php?rest_route=\/wp\/v2\/users\/2"}],"replies":[{"embeddable":true,"href":"https:\/\/informebajio.com.mx\/index.php?rest_route=%2Fwp%2Fv2%2Fcomments&post=52454"}],"version-history":[{"count":0,"href":"https:\/\/informebajio.com.mx\/index.php?rest_route=\/wp\/v2\/posts\/52454\/revisions"}],"wp:featuredmedia":[{"embeddable":true,"href":"https:\/\/informebajio.com.mx\/index.php?rest_route=\/wp\/v2\/media\/52455"}],"wp:attachment":[{"href":"https:\/\/informebajio.com.mx\/index.php?rest_route=%2Fwp%2Fv2%2Fmedia&parent=52454"}],"wp:term":[{"taxonomy":"category","embeddable":true,"href":"https:\/\/informebajio.com.mx\/index.php?rest_route=%2Fwp%2Fv2%2Fcategories&post=52454"},{"taxonomy":"post_tag","embeddable":true,"href":"https:\/\/informebajio.com.mx\/index.php?rest_route=%2Fwp%2Fv2%2Ftags&post=52454"}],"curies":[{"name":"wp","href":"https:\/\/api.w.org\/{rel}","templated":true}]}}