{"id":52460,"date":"2025-10-18T13:03:01","date_gmt":"2025-10-18T19:03:01","guid":{"rendered":"https:\/\/informebajio.com.mx\/?p=52460"},"modified":"2025-10-18T13:03:01","modified_gmt":"2025-10-18T19:03:01","slug":"invita-obispo-fidencio-a-vivir-la-colecta-como-un-acto-de-fe","status":"publish","type":"post","link":"https:\/\/informebajio.com.mx\/?p=52460","title":{"rendered":"Invita Obispo Fidencio a vivir la colecta como un acto de fe"},"content":{"rendered":"<div>\n<p><span style=\"font-weight: 400;\">Diego Gonz\u00e1lez<\/span><\/p>\n<p>\u00a0<\/p>\n<p><span style=\"font-weight: 400;\">Noticias<\/span><\/p>\n<p>\u00a0<\/p>\n<p><span style=\"font-weight: 400;\">En el marco de la Colecta del Diezmo 2025, que se realizar\u00e1 los d\u00edas 13 y 14 de diciembre en todas las Parroquias, Bas\u00edlicas, Templos, Rector\u00edas y Capellan\u00edas de la Di\u00f3cesis, el obispo de Quer\u00e9taro, Mons. Fidencio L\u00f3pez Plaza invita a vivir esta colecta como un acto de fe, de comuni\u00f3n eclesial y de compromiso con la misi\u00f3n de la Iglesia diocesana.<\/span><\/p>\n<p><span style=\"font-weight: 400;\">Por medio de un comunicado dirigido a \u201ctoda la familia Diocesana que peregrina en la Di\u00f3cesis de Quer\u00e9taro\u201d, L\u00f3pez Plaza menciona que el lema \u00abEvangelizar es compartir\u00bb anima para realizar la colecta de este a\u00f1o, y recuerda que la evangelizaci\u00f3n no es solo anuncio de palabra, sino tambi\u00e9n testimonio concreto de caridad y corresponsabilidad, \u201ces Memorial que nos recuerda el mandato de Jes\u00fas \u2018hagan esto en memoria m\u00eda\u2019\u201d.<\/span><\/p>\n<p><span style=\"font-weight: 400;\">Asimismo, se\u00f1ala que compartir \u201clo que somos y lo que tenemos con la Iglesia es parte esencial de nuestra vida cristiana\u201d, mencionando que al aportar el diezmo, no solo se sostiene las estructuras pastorales y misioneras, sino que tambi\u00e9n se participa activamente en la tarea de llevar el Evangelio a todos.<\/span><\/p>\n<p><span style=\"font-weight: 400;\">\u201cEl diezmo es una expresi\u00f3n de gratitud a Dios por los bienes recibidos, y una manera de corresponder a su amor con generosidad. Les invito pues, a vivir esta colecta como un acto de fe, de comuni\u00f3n eclesial y de compromiso con la misi\u00f3n de nuestra Iglesia diocesana\u201d.<\/span><\/p>\n<p><span style=\"font-weight: 400;\">En ese sentido, invito a todos, sacerdotes, Religiosos, Religiosas, Consagrados y Consagradas a promover el Diezmo con responsabilidad y entusiasmo, animando a todos los fieles a sumarse con generosidad, teniendo en cuenta la importancia de:<\/span><\/p>\n<p><span style=\"font-weight: 400;\">1\u00b0 Comunicar la circular a trav\u00e9s de los diferentes canales de comunicaci\u00f3n de la parroquia, redes sociales, sitio web, bolet\u00edn parroquial.<\/span><\/p>\n<p><span style=\"font-weight: 400;\">2\u00b0 Motivar actividades complementarias para promover el diezmo, adaptando el mensaje a las diferentes comunidades parroquiales, considerando sus necesidades y realidades espec\u00edficas.<\/span><\/p>\n<p><span style=\"font-weight: 400;\">3\u00b0 Aprovechar y promover el material que la Econom\u00eda diocesana proporciona, el cual se estar\u00e1 entregando durante todo el mes de noviembre.<\/span><\/p>\n<p><span style=\"font-weight: 400;\">4\u00ba \u201cLes recuerdo que la colecta se entrega \u00edntegra a la Econom\u00eda Diocesana\u201d<\/span><\/p>\n<p><span style=\"font-weight: 400;\">5\u00b0 Para la entrega de todo lo colectado, favor de dirigirlo directamente a las oficinas de la Econom\u00eda Diocesana, o bien, depositarlo en las cuentas de la DI\u00d3CESIS DE QUER\u00c9TARO AR. \u201cSe entregar\u00e1 inmediatamente el resultado, y posteriormente lo que se vaya recolectando\u201d.<\/span><\/p>\n<p>\u00a0<\/p>\n<\/div>\n<p><script>(function(d, s, id) {\n  var js, fjs = d.getElementsByTagName(s)[0];\n  if (d.getElementById(id)) return;\n  js = d.createElement(s); js.id = id;\n  js.src = \"\/\/connect.facebook.net\/es_LA\/sdk.js#xfbml=1&appId=546007945598485&version=v2.3\";\n  fjs.parentNode.insertBefore(js, fjs);\n}(document, 'script', 'facebook-jssdk'));<\/script><\/p>\n","protected":false},"excerpt":{"rendered":"<p>Diego Gonz\u00e1lez \u00a0 Noticias \u00a0 En el marco de la Colecta del Diezmo 2025, que se realizar\u00e1 los d\u00edas 13 y 14 de diciembre en todas las Parroquias, Bas\u00edlicas, Templos, Rector\u00edas y Capellan\u00edas de la Di\u00f3cesis, el obispo de Quer\u00e9taro, Mons. Fidencio L\u00f3pez Plaza invita a vivir esta colecta como un acto de fe, de [&hellip;]<\/p>\n","protected":false},"author":2,"featured_media":52461,"comment_status":"","ping_status":"","sticky":false,"template":"","format":"standard","meta":{"_monsterinsights_skip_tracking":false,"_monsterinsights_sitenote_active":false,"_monsterinsights_sitenote_note":"","_monsterinsights_sitenote_category":0,"footnotes":""},"categories":[4],"tags":[],"class_list":["post-52460","post","type-post","status-publish","format-standard","has-post-thumbnail","hentry","category-queretaro"],"_links":{"self":[{"href":"https:\/\/informebajio.com.mx\/index.php?rest_route=\/wp\/v2\/posts\/52460","targetHints":{"allow":["GET"]}}],"collection":[{"href":"https:\/\/informebajio.com.mx\/index.php?rest_route=\/wp\/v2\/posts"}],"about":[{"href":"https:\/\/informebajio.com.mx\/index.php?rest_route=\/wp\/v2\/types\/post"}],"author":[{"embeddable":true,"href":"https:\/\/informebajio.com.mx\/index.php?rest_route=\/wp\/v2\/users\/2"}],"replies":[{"embeddable":true,"href":"https:\/\/informebajio.com.mx\/index.php?rest_route=%2Fwp%2Fv2%2Fcomments&post=52460"}],"version-history":[{"count":0,"href":"https:\/\/informebajio.com.mx\/index.php?rest_route=\/wp\/v2\/posts\/52460\/revisions"}],"wp:featuredmedia":[{"embeddable":true,"href":"https:\/\/informebajio.com.mx\/index.php?rest_route=\/wp\/v2\/media\/52461"}],"wp:attachment":[{"href":"https:\/\/informebajio.com.mx\/index.php?rest_route=%2Fwp%2Fv2%2Fmedia&parent=52460"}],"wp:term":[{"taxonomy":"category","embeddable":true,"href":"https:\/\/informebajio.com.mx\/index.php?rest_route=%2Fwp%2Fv2%2Fcategories&post=52460"},{"taxonomy":"post_tag","embeddable":true,"href":"https:\/\/informebajio.com.mx\/index.php?rest_route=%2Fwp%2Fv2%2Ftags&post=52460"}],"curies":[{"name":"wp","href":"https:\/\/api.w.org\/{rel}","templated":true}]}}