{"id":52472,"date":"2025-10-19T04:04:03","date_gmt":"2025-10-19T10:04:03","guid":{"rendered":"https:\/\/informebajio.com.mx\/?p=52472"},"modified":"2025-10-19T04:04:03","modified_gmt":"2025-10-19T10:04:03","slug":"posible-microsismo-causo-derrumbe-en-la-carretera-estatal-100-sduop","status":"publish","type":"post","link":"https:\/\/informebajio.com.mx\/?p=52472","title":{"rendered":"Posible microsismo caus\u00f3 derrumbe en la carretera estatal 100: SDUOP"},"content":{"rendered":"<div>\n<h2><i><span style=\"font-weight: 400;\">El gobierno estatal eval\u00faa da\u00f1os en 250 kil\u00f3metros de vialidades y alista un programa de rehabilitaci\u00f3n junto con la CEI y Protecci\u00f3n Civil<\/span><\/i><\/h2>\n<p><span style=\"font-weight: 400;\">Nayeli Hern\u00e1ndez\u00a0<\/span><\/p>\n<p><span style=\"font-weight: 400;\">Noticias\u00a0<\/span><\/p>\n<p>\u00a0<\/p>\n<p><span style=\"font-weight: 400;\">El derrumbe registrado en la carretera estatal 100, a la altura de Tolim\u00e1n, no estar\u00eda relacionado \u00fanicamente con las lluvias recientes, sino con un posible micro sismo, inform\u00f3 el secretario de Desarrollo Urbano y Obras P\u00fablicas (SDUOP), Jos\u00e9 X. P\u00edo Salgado Tovar.<\/span><\/p>\n<p><span style=\"font-weight: 400;\">El funcionario explic\u00f3 que se realizar\u00e1n estudios t\u00e9cnicos con especialistas, entre ellos, los acad\u00e9micos de la Universidad Nacional Aut\u00f3noma de M\u00e9xico (UNAM) para determinar las causas del colapso.<\/span><\/p>\n<p><span style=\"font-weight: 400;\">\u201cSe est\u00e1 dando en la sierra, vamos a entrar a analizar esto con la universidad An\u00e1huac y algunos peritos, hay un peque\u00f1o s\u00edntoma de micro sismos, entonces habr\u00eda que revisarlo\u201d, declar\u00f3.<\/span><\/p>\n<p><span style=\"font-weight: 400;\">Salgado Tovar se\u00f1al\u00f3 que el gobierno estatal ya trabaja en la rehabilitaci\u00f3n de caminos afectados, con apoyo de la Comisi\u00f3n Estatal de Infraestructura (CEI), el Ej\u00e9rcito y constructoras locales. Detall\u00f3 que se han identificado alrededor de 250 kil\u00f3metros da\u00f1ados, principalmente en v\u00edas municipales y de terracer\u00eda.<\/span><\/p>\n<p><span style=\"font-weight: 400;\">\u201cVamos a entrar a rehabilitar caminos municipales, estamos haciendo todas las cuantificaciones para generar el programa de necesidades que se tiene, ya se est\u00e1 atendiendo los derrumbes que son muy importantes\u201d, dijo.<\/span><\/p>\n<p><span style=\"font-weight: 400;\">Sobre los tiempos de reapertura en el tramo de Tolim\u00e1n, estim\u00f3 entre una y dos semanas se tomar\u00e1 remover todo el material que qued\u00f3 sobre el pavimento.\u00a0<\/span><\/p>\n<p><span style=\"font-weight: 400;\">\u201cYo creo que 10 d\u00edas 15 d\u00edas comenta la ingeniera Sonia Carrillo (titular de la CEI), es el programa de trabajo para dar paso pero ahora hay que estabilizar hay que dejar eso en seguridad conseguir\u201d.<\/span><\/p>\n<p><span style=\"font-weight: 400;\">El titular de la SDUOP detall\u00f3 que en el caso algunos tramos requerir\u00e1n intervenciones profundas para garantizar condiciones seguras.<\/span><\/p>\n<p><span style=\"font-weight: 400;\">Agreg\u00f3 que la humedad debilit\u00f3 las capas del suelo, lo que agrav\u00f3 los da\u00f1os.<\/span><\/p>\n<p><span style=\"font-weight: 400;\">\u201cSon varias condiciones que afectan, pero una es la humedad, la humedad este quit\u00f3 cohesi\u00f3n al suelo y eso es una causa\u201d.<\/span><\/p>\n<p><span style=\"font-weight: 400;\">Indic\u00f3 que la prioridad ser\u00e1 estabilizar taludes y reforzar la zona serrana con apoyo acad\u00e9mico y t\u00e9cnico.<\/span><\/p>\n<p><span style=\"font-weight: 400;\">\u201cTiene que hacerse muy despacio para que no no corramos mayores riesgos, tanto para la vialidad como para los trabajadores unos 10 d\u00edas tres niveles al segundo nivel y luego del segundo nivel hasta abajo\u201d.<\/span><\/p>\n<p><span style=\"font-weight: 400;\">Sobre el presupuesto para atender la emergencia, se\u00f1al\u00f3 que a\u00fan no hay una cifra definida, pero se trabaja en un diagn\u00f3stico integral.<\/span><\/p>\n<p><span style=\"font-weight: 400;\">\u201cEstamos trabajando con la Comisi\u00f3n estatal de infraestructura para presentarle al gobernador, son presupuesto m\u00e1s detallado de toda verdad todav\u00eda el monto as\u00ed preciso no lo tenemos\u201d, agreg\u00f3.<\/span><\/p>\n<p><span style=\"font-weight: 400;\">El secretario afirm\u00f3 que se busca reforzar la infraestructura para prevenir futuros da\u00f1os; agreg\u00f3 que, por ahora, se opera con recursos disponibles para combustibles y maquinaria, mientras se definen metas con los municipios.<\/span><\/p>\n<p><span style=\"font-weight: 400;\">Finalmente, destac\u00f3 la coordinaci\u00f3n con Protecci\u00f3n Civil y la posibilidad de sumar especialistas externos.<\/span><\/p>\n<p><span style=\"font-weight: 400;\">\u201cDe lo que est\u00e9 dentro del control lo estamos trabajando con protecci\u00f3n civil, si fuera necesario bueno los t\u00e9cnicos de Comisi\u00f3n estatal, los t\u00e9cnicos de la secretar\u00eda y, si fuera necesario, incorporar t\u00e9cnicos de la universidad o de la UNAM, los incorporamos\u201d.<\/span><\/p>\n<\/div>\n<p><script>(function(d, s, id) {\n  var js, fjs = d.getElementsByTagName(s)[0];\n  if (d.getElementById(id)) return;\n  js = d.createElement(s); js.id = id;\n  js.src = \"\/\/connect.facebook.net\/es_LA\/sdk.js#xfbml=1&appId=546007945598485&version=v2.3\";\n  fjs.parentNode.insertBefore(js, fjs);\n}(document, 'script', 'facebook-jssdk'));<\/script><\/p>\n","protected":false},"excerpt":{"rendered":"<p>El gobierno estatal eval\u00faa da\u00f1os en 250 kil\u00f3metros de vialidades y alista un programa de rehabilitaci\u00f3n junto con la CEI y Protecci\u00f3n Civil Nayeli Hern\u00e1ndez\u00a0 Noticias\u00a0 \u00a0 El derrumbe registrado en la carretera estatal 100, a la altura de Tolim\u00e1n, no estar\u00eda relacionado \u00fanicamente con las lluvias recientes, sino con un posible micro sismo, inform\u00f3 [&hellip;]<\/p>\n","protected":false},"author":2,"featured_media":52473,"comment_status":"","ping_status":"","sticky":false,"template":"","format":"standard","meta":{"_monsterinsights_skip_tracking":false,"_monsterinsights_sitenote_active":false,"_monsterinsights_sitenote_note":"","_monsterinsights_sitenote_category":0,"footnotes":""},"categories":[4],"tags":[],"class_list":["post-52472","post","type-post","status-publish","format-standard","has-post-thumbnail","hentry","category-queretaro"],"_links":{"self":[{"href":"https:\/\/informebajio.com.mx\/index.php?rest_route=\/wp\/v2\/posts\/52472","targetHints":{"allow":["GET"]}}],"collection":[{"href":"https:\/\/informebajio.com.mx\/index.php?rest_route=\/wp\/v2\/posts"}],"about":[{"href":"https:\/\/informebajio.com.mx\/index.php?rest_route=\/wp\/v2\/types\/post"}],"author":[{"embeddable":true,"href":"https:\/\/informebajio.com.mx\/index.php?rest_route=\/wp\/v2\/users\/2"}],"replies":[{"embeddable":true,"href":"https:\/\/informebajio.com.mx\/index.php?rest_route=%2Fwp%2Fv2%2Fcomments&post=52472"}],"version-history":[{"count":0,"href":"https:\/\/informebajio.com.mx\/index.php?rest_route=\/wp\/v2\/posts\/52472\/revisions"}],"wp:featuredmedia":[{"embeddable":true,"href":"https:\/\/informebajio.com.mx\/index.php?rest_route=\/wp\/v2\/media\/52473"}],"wp:attachment":[{"href":"https:\/\/informebajio.com.mx\/index.php?rest_route=%2Fwp%2Fv2%2Fmedia&parent=52472"}],"wp:term":[{"taxonomy":"category","embeddable":true,"href":"https:\/\/informebajio.com.mx\/index.php?rest_route=%2Fwp%2Fv2%2Fcategories&post=52472"},{"taxonomy":"post_tag","embeddable":true,"href":"https:\/\/informebajio.com.mx\/index.php?rest_route=%2Fwp%2Fv2%2Ftags&post=52472"}],"curies":[{"name":"wp","href":"https:\/\/api.w.org\/{rel}","templated":true}]}}