{"id":52550,"date":"2025-10-23T03:12:20","date_gmt":"2025-10-23T09:12:20","guid":{"rendered":"https:\/\/informebajio.com.mx\/?p=52550"},"modified":"2025-10-23T03:12:20","modified_gmt":"2025-10-23T09:12:20","slug":"participan-estudiantes-de-ut-san-juan-en-curso-de-emprendimiento-en-texas","status":"publish","type":"post","link":"https:\/\/informebajio.com.mx\/?p=52550","title":{"rendered":"Participan estudiantes de UT San Juan en curso de emprendimiento en Texas"},"content":{"rendered":"<div>\n<p><span style=\"font-weight: 400;\">Con el objetivo actualizar sus conocimientos en ecosistemas de emprendimiento e innovaci\u00f3n a trav\u00e9s del curso \u201cAprendizaje y Participaci\u00f3n Global\u201d, dos estudiantes de la Licenciatura en Innovaci\u00f3n de Negocios y Mercadotecnia, de la Universidad Tecnol\u00f3gica de San Juan del R\u00edo (UT San Juan), realizaron una movilidad acad\u00e9mica en el Alamo Colleges District, de San Antonio, Texas.<\/span><\/p>\n<p><span style=\"font-weight: 400;\">Con este programa, que forma parte de la alianza que existe entre ambas instituciones desde el a\u00f1o 2024, los alumnos de la UT San Juan tambi\u00e9n reforzaron sus habilidades internacionales como la adaptabilidad, dominio del idioma y la comunicaci\u00f3n intercultural a trav\u00e9s de metodolog\u00edas de ense\u00f1anza que fortalecen el aprendizaje multicultural y su formaci\u00f3n integral, adem\u00e1s de adquirir herramientas de an\u00e1lisis, planeaci\u00f3n, desarrollo y aplicaci\u00f3n de proyectos que atiendan las necesidades propias de su entorno.<\/span><\/p>\n<\/div>\n<p><script>(function(d, s, id) {\n  var js, fjs = d.getElementsByTagName(s)[0];\n  if (d.getElementById(id)) return;\n  js = d.createElement(s); js.id = id;\n  js.src = \"\/\/connect.facebook.net\/es_LA\/sdk.js#xfbml=1&appId=546007945598485&version=v2.3\";\n  fjs.parentNode.insertBefore(js, fjs);\n}(document, 'script', 'facebook-jssdk'));<\/script><\/p>\n","protected":false},"excerpt":{"rendered":"<p>Con el objetivo actualizar sus conocimientos en ecosistemas de emprendimiento e innovaci\u00f3n a trav\u00e9s del curso \u201cAprendizaje y Participaci\u00f3n Global\u201d, dos estudiantes de la Licenciatura en Innovaci\u00f3n de Negocios y Mercadotecnia, de la Universidad Tecnol\u00f3gica de San Juan del R\u00edo (UT San Juan), realizaron una movilidad acad\u00e9mica en el Alamo Colleges District, de San Antonio, [&hellip;]<\/p>\n","protected":false},"author":2,"featured_media":52551,"comment_status":"","ping_status":"","sticky":false,"template":"","format":"standard","meta":{"_monsterinsights_skip_tracking":false,"_monsterinsights_sitenote_active":false,"_monsterinsights_sitenote_note":"","_monsterinsights_sitenote_category":0,"footnotes":""},"categories":[4],"tags":[],"class_list":["post-52550","post","type-post","status-publish","format-standard","has-post-thumbnail","hentry","category-queretaro"],"_links":{"self":[{"href":"https:\/\/informebajio.com.mx\/index.php?rest_route=\/wp\/v2\/posts\/52550","targetHints":{"allow":["GET"]}}],"collection":[{"href":"https:\/\/informebajio.com.mx\/index.php?rest_route=\/wp\/v2\/posts"}],"about":[{"href":"https:\/\/informebajio.com.mx\/index.php?rest_route=\/wp\/v2\/types\/post"}],"author":[{"embeddable":true,"href":"https:\/\/informebajio.com.mx\/index.php?rest_route=\/wp\/v2\/users\/2"}],"replies":[{"embeddable":true,"href":"https:\/\/informebajio.com.mx\/index.php?rest_route=%2Fwp%2Fv2%2Fcomments&post=52550"}],"version-history":[{"count":0,"href":"https:\/\/informebajio.com.mx\/index.php?rest_route=\/wp\/v2\/posts\/52550\/revisions"}],"wp:featuredmedia":[{"embeddable":true,"href":"https:\/\/informebajio.com.mx\/index.php?rest_route=\/wp\/v2\/media\/52551"}],"wp:attachment":[{"href":"https:\/\/informebajio.com.mx\/index.php?rest_route=%2Fwp%2Fv2%2Fmedia&parent=52550"}],"wp:term":[{"taxonomy":"category","embeddable":true,"href":"https:\/\/informebajio.com.mx\/index.php?rest_route=%2Fwp%2Fv2%2Fcategories&post=52550"},{"taxonomy":"post_tag","embeddable":true,"href":"https:\/\/informebajio.com.mx\/index.php?rest_route=%2Fwp%2Fv2%2Ftags&post=52550"}],"curies":[{"name":"wp","href":"https:\/\/api.w.org\/{rel}","templated":true}]}}