{"id":52686,"date":"2025-10-30T20:38:09","date_gmt":"2025-10-31T02:38:09","guid":{"rendered":"https:\/\/informebajio.com.mx\/?p=52686"},"modified":"2025-10-30T20:38:09","modified_gmt":"2025-10-31T02:38:09","slug":"visitan-ninas-ninos-y-adolescentes-con-discapacidad-el-parque-incluyente-imayina","status":"publish","type":"post","link":"https:\/\/informebajio.com.mx\/?p=52686","title":{"rendered":"Visitan ni\u00f1as, ni\u00f1os y adolescentes con discapacidad el Parque Incluyente Im\u00e1yina"},"content":{"rendered":"<div>\n<p><span style=\"font-weight: 400;\">Noticias<\/span><\/p>\n<p>\u00a0<\/p>\n<p><span style=\"font-weight: 400;\">Con el objetivo brindar un rato de esparcimiento familiar, el director general del Sistema DIF Estatal, \u00d3scar G\u00f3mez Niembro, inform\u00f3 que por medio de esta dependencia, lograron invitar a 165 personas al Parque Inclusivo Mundo Im\u00e1yina, un espacio acu\u00e1tico y de diversiones cien por ciento accesible para ni\u00f1as, ni\u00f1os y adolescentes con alguna discapacidad.<\/span><\/p>\n<p><span style=\"font-weight: 400;\">Destac\u00f3 que este proyecto fortalece el tejido social y al mismo tiempo, contribuye a la formaci\u00f3n de familias m\u00e1s fuertes y resilientes, por ello, agradeci\u00f3 el apoyo de la Fundaci\u00f3n Dr. Sonrisas para que familias completas pasaran un fin de semana alojados en villas tem\u00e1ticas, y pudieran disfrutar de \u00e1reas de juegos mec\u00e1nicos, carrusel, trenecito, albercas, cine, castillos y actividades de dibujo, pintura, show de talentos y cuenta cuentos.\u00a0<\/span><\/p>\n<p><span style=\"font-weight: 400;\">\u201cPara nosotros es importante que las familias queretanas est\u00e9n unidas y pasen momentos felices, por ello se hicieron los convenios y gestiones necesarios para apoyar a los beneficiaros a un lugar donde puedan convivir con sus pap\u00e1s, mam\u00e1s y hermanos, hicieron muchas actividades que fomentaron su integraci\u00f3n\u201d, dijo.<\/span><\/p>\n<p><span style=\"font-weight: 400;\">Cabe mencionar que esta es la segunda visita de ni\u00f1os queretanos a este parque, donde experimentaron la magia y la fantas\u00eda que ofreci\u00f3 este recinto especialmente dise\u00f1ado para el sector infantil con alguna discapacidad. Acudieron usuarios del CRIQ, CIRR Cadereyta, beneficiarios del Centro de Atenci\u00f3n para Ni\u00f1os con Da\u00f1o Cerebral Nens de Llum, Gigi\u00b4s Play House Quer\u00e9taro y pacientes del Hospital de Especialidades del Ni\u00f1o y la Mujer.<\/span><\/p>\n<\/div>\n<p><script>(function(d, s, id) {\n  var js, fjs = d.getElementsByTagName(s)[0];\n  if (d.getElementById(id)) return;\n  js = d.createElement(s); js.id = id;\n  js.src = \"\/\/connect.facebook.net\/es_LA\/sdk.js#xfbml=1&appId=546007945598485&version=v2.3\";\n  fjs.parentNode.insertBefore(js, fjs);\n}(document, 'script', 'facebook-jssdk'));<\/script><\/p>\n","protected":false},"excerpt":{"rendered":"<p>Noticias \u00a0 Con el objetivo brindar un rato de esparcimiento familiar, el director general del Sistema DIF Estatal, \u00d3scar G\u00f3mez Niembro, inform\u00f3 que por medio de esta dependencia, lograron invitar a 165 personas al Parque Inclusivo Mundo Im\u00e1yina, un espacio acu\u00e1tico y de diversiones cien por ciento accesible para ni\u00f1as, ni\u00f1os y adolescentes con alguna [&hellip;]<\/p>\n","protected":false},"author":2,"featured_media":52687,"comment_status":"","ping_status":"","sticky":false,"template":"","format":"standard","meta":{"_monsterinsights_skip_tracking":false,"_monsterinsights_sitenote_active":false,"_monsterinsights_sitenote_note":"","_monsterinsights_sitenote_category":0,"footnotes":""},"categories":[4],"tags":[],"class_list":["post-52686","post","type-post","status-publish","format-standard","has-post-thumbnail","hentry","category-queretaro"],"_links":{"self":[{"href":"https:\/\/informebajio.com.mx\/index.php?rest_route=\/wp\/v2\/posts\/52686","targetHints":{"allow":["GET"]}}],"collection":[{"href":"https:\/\/informebajio.com.mx\/index.php?rest_route=\/wp\/v2\/posts"}],"about":[{"href":"https:\/\/informebajio.com.mx\/index.php?rest_route=\/wp\/v2\/types\/post"}],"author":[{"embeddable":true,"href":"https:\/\/informebajio.com.mx\/index.php?rest_route=\/wp\/v2\/users\/2"}],"replies":[{"embeddable":true,"href":"https:\/\/informebajio.com.mx\/index.php?rest_route=%2Fwp%2Fv2%2Fcomments&post=52686"}],"version-history":[{"count":0,"href":"https:\/\/informebajio.com.mx\/index.php?rest_route=\/wp\/v2\/posts\/52686\/revisions"}],"wp:featuredmedia":[{"embeddable":true,"href":"https:\/\/informebajio.com.mx\/index.php?rest_route=\/wp\/v2\/media\/52687"}],"wp:attachment":[{"href":"https:\/\/informebajio.com.mx\/index.php?rest_route=%2Fwp%2Fv2%2Fmedia&parent=52686"}],"wp:term":[{"taxonomy":"category","embeddable":true,"href":"https:\/\/informebajio.com.mx\/index.php?rest_route=%2Fwp%2Fv2%2Fcategories&post=52686"},{"taxonomy":"post_tag","embeddable":true,"href":"https:\/\/informebajio.com.mx\/index.php?rest_route=%2Fwp%2Fv2%2Ftags&post=52686"}],"curies":[{"name":"wp","href":"https:\/\/api.w.org\/{rel}","templated":true}]}}