{"id":52692,"date":"2025-10-31T06:39:06","date_gmt":"2025-10-31T12:39:06","guid":{"rendered":"https:\/\/informebajio.com.mx\/?p=52692"},"modified":"2025-10-31T06:39:06","modified_gmt":"2025-10-31T12:39:06","slug":"formacion-del-talento-universitario-factor-clave-en-la-transformacion-industrial-y-tecnologica-del-estado-martha-soto","status":"publish","type":"post","link":"https:\/\/informebajio.com.mx\/?p=52692","title":{"rendered":"Formaci\u00f3n del talento universitario, factor clave en la transformaci\u00f3n industrial y tecnol\u00f3gica del estado: Martha Soto"},"content":{"rendered":"<div>\n<p><span style=\"font-weight: 400;\">Noticias<\/span><\/p>\n<p>\u00a0<\/p>\n<p><span style=\"font-weight: 400;\">En el marco de la Cumbre de Innovaci\u00f3n Industrial Quer\u00e9taro 2025, la secretaria de Educaci\u00f3n del Estado de Quer\u00e9taro (SEDEQ), Martha Soto particip\u00f3 en el Foro \u201cRetos de la Transformaci\u00f3n Industrial para el Desarrollo de Quer\u00e9taro\u201d en donde destac\u00f3 que la formaci\u00f3n de talento universitario es un factor clave y estrat\u00e9gico para la transformaci\u00f3n.<\/span><\/p>\n<p><span style=\"font-weight: 400;\">La importancia de la formaci\u00f3n universitaria, destac\u00f3 Martha Soto, radica en que es el v\u00ednculo directo entre el conocimiento, innovaci\u00f3n y productividad, destacando aspectos que derivan de ello como el modelo de educaci\u00f3n dual, la respuesta de los programas acad\u00e9micos a la demanda del cl\u00faster aeron\u00e1utico y automotriz, as\u00ed como el atractivo que generan para la inversi\u00f3n extranjera.<\/span><\/p>\n<p><span style=\"font-weight: 400;\">\u201cLa llamada Triple H\u00e9lice, conformada por las instituciones de educaci\u00f3n superior, el gobierno y el sector productivo, ha permitido construir un modelo regional de desarrollo basado en el conocimiento y la innovaci\u00f3n. Debemos garantizar no solo el abastecimiento de talento, sino tambi\u00e9n la empleabilidad de nuestros egresados, que contribuyan al desarrollo econ\u00f3mico con una perspectiva de responsabilidad social\u201d, se\u00f1al\u00f3.<\/span><\/p>\n<p><span style=\"font-weight: 400;\">En el foro participaron tambi\u00e9n el presidente de la C\u00e1mara Nacional de la Industria de Transformaci\u00f3n (CANACINTRA) en Quer\u00e9taro, Alfredo Sahag\u00fan S\u00e1nchez; el secretario de Desarrollo Sustentable, Marco Antonio Del Prete Tercero; y el secretario de Desarrollo Econ\u00f3mico municipal, Alejandro Sterling S\u00e1nchez.<\/span><\/p>\n<\/div>\n<p><script>(function(d, s, id) {\n  var js, fjs = d.getElementsByTagName(s)[0];\n  if (d.getElementById(id)) return;\n  js = d.createElement(s); js.id = id;\n  js.src = \"\/\/connect.facebook.net\/es_LA\/sdk.js#xfbml=1&appId=546007945598485&version=v2.3\";\n  fjs.parentNode.insertBefore(js, fjs);\n}(document, 'script', 'facebook-jssdk'));<\/script><\/p>\n","protected":false},"excerpt":{"rendered":"<p>Noticias \u00a0 En el marco de la Cumbre de Innovaci\u00f3n Industrial Quer\u00e9taro 2025, la secretaria de Educaci\u00f3n del Estado de Quer\u00e9taro (SEDEQ), Martha Soto particip\u00f3 en el Foro \u201cRetos de la Transformaci\u00f3n Industrial para el Desarrollo de Quer\u00e9taro\u201d en donde destac\u00f3 que la formaci\u00f3n de talento universitario es un factor clave y estrat\u00e9gico para la [&hellip;]<\/p>\n","protected":false},"author":2,"featured_media":52693,"comment_status":"","ping_status":"","sticky":false,"template":"","format":"standard","meta":{"_monsterinsights_skip_tracking":false,"_monsterinsights_sitenote_active":false,"_monsterinsights_sitenote_note":"","_monsterinsights_sitenote_category":0,"footnotes":""},"categories":[4],"tags":[],"class_list":["post-52692","post","type-post","status-publish","format-standard","has-post-thumbnail","hentry","category-queretaro"],"_links":{"self":[{"href":"https:\/\/informebajio.com.mx\/index.php?rest_route=\/wp\/v2\/posts\/52692","targetHints":{"allow":["GET"]}}],"collection":[{"href":"https:\/\/informebajio.com.mx\/index.php?rest_route=\/wp\/v2\/posts"}],"about":[{"href":"https:\/\/informebajio.com.mx\/index.php?rest_route=\/wp\/v2\/types\/post"}],"author":[{"embeddable":true,"href":"https:\/\/informebajio.com.mx\/index.php?rest_route=\/wp\/v2\/users\/2"}],"replies":[{"embeddable":true,"href":"https:\/\/informebajio.com.mx\/index.php?rest_route=%2Fwp%2Fv2%2Fcomments&post=52692"}],"version-history":[{"count":0,"href":"https:\/\/informebajio.com.mx\/index.php?rest_route=\/wp\/v2\/posts\/52692\/revisions"}],"wp:featuredmedia":[{"embeddable":true,"href":"https:\/\/informebajio.com.mx\/index.php?rest_route=\/wp\/v2\/media\/52693"}],"wp:attachment":[{"href":"https:\/\/informebajio.com.mx\/index.php?rest_route=%2Fwp%2Fv2%2Fmedia&parent=52692"}],"wp:term":[{"taxonomy":"category","embeddable":true,"href":"https:\/\/informebajio.com.mx\/index.php?rest_route=%2Fwp%2Fv2%2Fcategories&post=52692"},{"taxonomy":"post_tag","embeddable":true,"href":"https:\/\/informebajio.com.mx\/index.php?rest_route=%2Fwp%2Fv2%2Ftags&post=52692"}],"curies":[{"name":"wp","href":"https:\/\/api.w.org\/{rel}","templated":true}]}}