{"id":52696,"date":"2025-10-31T21:41:16","date_gmt":"2025-11-01T03:41:16","guid":{"rendered":"https:\/\/informebajio.com.mx\/?p=52696"},"modified":"2025-10-31T21:41:16","modified_gmt":"2025-11-01T03:41:16","slug":"arranca-corregidora-operativo-dia-de-muertos","status":"publish","type":"post","link":"https:\/\/informebajio.com.mx\/?p=52696","title":{"rendered":"Arranca Corregidora operativo \u201cD\u00eda de Muertos\u201d"},"content":{"rendered":"<div>\n<p><span style=\"font-weight: 400;\">Diego Hern\u00e1ndez\u00a0<\/span><\/p>\n<p><span style=\"font-weight: 400;\">Noticias\u00a0<\/span><\/p>\n<p>\u00a0<\/p>\n<p><span style=\"font-weight: 400;\">Con la finalidad de garantizar el bienestar de toda la poblaci\u00f3n que visite panteones y lugares de encuentro en el municipio de Corregidora, lanzaron el operativo \u201cD\u00eda de Muertos\u201d, \u00c1ngel Rangel Nieves secretario de Seguridad P\u00fablica de la demarcaci\u00f3n dio el banderazo de salida.<\/span><\/p>\n<p><span style=\"font-weight: 400;\">Con esta estrategia interinstitucional entre Seguridad, Movilidad, Servicios P\u00fablicos y Protecci\u00f3n Civil se buscar\u00e1 lograr el bienestar de toda la poblaci\u00f3n durante estos d\u00edas, Rangel Nieves reconoci\u00f3 que son fechas importantes para los corregidorenses por lo que ellos se lo toman con la misma importancia.<\/span><\/p>\n<p><span style=\"font-weight: 400;\">\u201cCorregidora es tierra de tradiciones y la tradici\u00f3n en el festejo a nuestros seres queridos que ya se nos adelantaron es algo que se vive con tal importancia y por eso es que le damos esa importancia tambi\u00e9n nosotros, con ese inter\u00e9s de que cada familia que va a acudir a estos lugares viva sus tradiciones\u201d.<\/span><\/p>\n<p><span style=\"font-weight: 400;\">En conjunto con la Polic\u00eda Estatal estar\u00e1n desplegados en todo el territorio para que tambi\u00e9n la poblaci\u00f3n disfrute de los eventos culturales en las plazas p\u00fablicas, c\u00f3mo tambi\u00e9n de las ofrendas que estar\u00e1n ah\u00ed, apunt\u00f3 que hay total compromiso para que esto sea de esta manera.<\/span><\/p>\n<p><span style=\"font-weight: 400;\">Bajo esa misma din\u00e1mica le recomend\u00f3 a la poblaci\u00f3n evitar portar objetos de valor o sumas de dinero considerables, utilizar preferentemente el transporte p\u00fablico para evitar problemas de estacionamiento, no dejar pertenencias visibles dentro de sus veh\u00edculos, respetar los se\u00f1alamientos viales y las indicaciones del personal de movilidad y tr\u00e1nsito y que si acuden con personas menores de edad o adultos mayores mantengan siempre en contacto con visual con estos.<\/span><\/p>\n<p><span style=\"font-weight: 400;\">Rangel Nieves se\u00f1al\u00f3 que espera que al final de la jornada se pueda informar un saldo blanco y que todos puedan disfrutar esta tradici\u00f3n de recordar a nuestros difuntos.<\/span><\/p>\n<\/div>\n<p><script>(function(d, s, id) {\n  var js, fjs = d.getElementsByTagName(s)[0];\n  if (d.getElementById(id)) return;\n  js = d.createElement(s); js.id = id;\n  js.src = \"\/\/connect.facebook.net\/es_LA\/sdk.js#xfbml=1&appId=546007945598485&version=v2.3\";\n  fjs.parentNode.insertBefore(js, fjs);\n}(document, 'script', 'facebook-jssdk'));<\/script><\/p>\n","protected":false},"excerpt":{"rendered":"<p>Diego Hern\u00e1ndez\u00a0 Noticias\u00a0 \u00a0 Con la finalidad de garantizar el bienestar de toda la poblaci\u00f3n que visite panteones y lugares de encuentro en el municipio de Corregidora, lanzaron el operativo \u201cD\u00eda de Muertos\u201d, \u00c1ngel Rangel Nieves secretario de Seguridad P\u00fablica de la demarcaci\u00f3n dio el banderazo de salida. Con esta estrategia interinstitucional entre Seguridad, Movilidad, [&hellip;]<\/p>\n","protected":false},"author":2,"featured_media":52697,"comment_status":"","ping_status":"","sticky":false,"template":"","format":"standard","meta":{"_monsterinsights_skip_tracking":false,"_monsterinsights_sitenote_active":false,"_monsterinsights_sitenote_note":"","_monsterinsights_sitenote_category":0,"footnotes":""},"categories":[4],"tags":[],"class_list":["post-52696","post","type-post","status-publish","format-standard","has-post-thumbnail","hentry","category-queretaro"],"_links":{"self":[{"href":"https:\/\/informebajio.com.mx\/index.php?rest_route=\/wp\/v2\/posts\/52696","targetHints":{"allow":["GET"]}}],"collection":[{"href":"https:\/\/informebajio.com.mx\/index.php?rest_route=\/wp\/v2\/posts"}],"about":[{"href":"https:\/\/informebajio.com.mx\/index.php?rest_route=\/wp\/v2\/types\/post"}],"author":[{"embeddable":true,"href":"https:\/\/informebajio.com.mx\/index.php?rest_route=\/wp\/v2\/users\/2"}],"replies":[{"embeddable":true,"href":"https:\/\/informebajio.com.mx\/index.php?rest_route=%2Fwp%2Fv2%2Fcomments&post=52696"}],"version-history":[{"count":0,"href":"https:\/\/informebajio.com.mx\/index.php?rest_route=\/wp\/v2\/posts\/52696\/revisions"}],"wp:featuredmedia":[{"embeddable":true,"href":"https:\/\/informebajio.com.mx\/index.php?rest_route=\/wp\/v2\/media\/52697"}],"wp:attachment":[{"href":"https:\/\/informebajio.com.mx\/index.php?rest_route=%2Fwp%2Fv2%2Fmedia&parent=52696"}],"wp:term":[{"taxonomy":"category","embeddable":true,"href":"https:\/\/informebajio.com.mx\/index.php?rest_route=%2Fwp%2Fv2%2Fcategories&post=52696"},{"taxonomy":"post_tag","embeddable":true,"href":"https:\/\/informebajio.com.mx\/index.php?rest_route=%2Fwp%2Fv2%2Ftags&post=52696"}],"curies":[{"name":"wp","href":"https:\/\/api.w.org\/{rel}","templated":true}]}}