{"id":52706,"date":"2025-11-01T12:44:56","date_gmt":"2025-11-01T18:44:56","guid":{"rendered":"https:\/\/informebajio.com.mx\/?p=52706"},"modified":"2025-11-01T12:44:56","modified_gmt":"2025-11-01T18:44:56","slug":"queretaro-presente-en-ofrenda-de-palacio-nacional","status":"publish","type":"post","link":"https:\/\/informebajio.com.mx\/?p=52706","title":{"rendered":"Quer\u00e9taro presente en ofrenda de Palacio Nacional"},"content":{"rendered":"<div>\n<p><span style=\"font-weight: 400;\">Noticias<\/span><\/p>\n<p><span style=\"font-weight: 400;\">\u00a0<\/span><\/p>\n<p><span style=\"font-weight: 400;\">El estado de Quer\u00e9taro participa en la ofrenda del D\u00eda de Muertos que se mont\u00f3 en Palacio Nacional de la Ciudad de M\u00e9xico, dedicada a los estados que resultaron afectados por las recientes lluvias, y que forma parte de las celebraciones que encabeza la Secretar\u00eda de Cultura del Gobierno de M\u00e9xico, a trav\u00e9s de la Unidad de Culturas Vivas, Patrimonio Inmaterial e Interculturalidad.<\/span><\/p>\n<p><span style=\"font-weight: 400;\">La ofrenda simboliza la solidaridad, la esperanza y la uni\u00f3n entre las comunidades de los estados de Hidalgo, Puebla, Quer\u00e9taro, San Luis Potos\u00ed y Veracruz. Desde Santa Ana Hueytlalpan hasta Papantla, desde Tolim\u00e1n hasta Yohualichan y las comunidades t\u00e9enek de San Luis Potos\u00ed, los caminos de flores, aromas del copal y el sonido de las campanas se entrelazan para recibir a quienes regresan cada a\u00f1o a visitar a los vivos. La ofrenda puede visitarse en Palacio Nacional del 31 de octubre al 2 de noviembre y es un s\u00edmbolo de memoria, respeto y celebraci\u00f3n de la vida.<\/span><\/p>\n<\/div>\n<p><script>(function(d, s, id) {\n  var js, fjs = d.getElementsByTagName(s)[0];\n  if (d.getElementById(id)) return;\n  js = d.createElement(s); js.id = id;\n  js.src = \"\/\/connect.facebook.net\/es_LA\/sdk.js#xfbml=1&appId=546007945598485&version=v2.3\";\n  fjs.parentNode.insertBefore(js, fjs);\n}(document, 'script', 'facebook-jssdk'));<\/script><\/p>\n","protected":false},"excerpt":{"rendered":"<p>Noticias \u00a0 El estado de Quer\u00e9taro participa en la ofrenda del D\u00eda de Muertos que se mont\u00f3 en Palacio Nacional de la Ciudad de M\u00e9xico, dedicada a los estados que resultaron afectados por las recientes lluvias, y que forma parte de las celebraciones que encabeza la Secretar\u00eda de Cultura del Gobierno de M\u00e9xico, a trav\u00e9s [&hellip;]<\/p>\n","protected":false},"author":2,"featured_media":52707,"comment_status":"","ping_status":"","sticky":false,"template":"","format":"standard","meta":{"_monsterinsights_skip_tracking":false,"_monsterinsights_sitenote_active":false,"_monsterinsights_sitenote_note":"","_monsterinsights_sitenote_category":0,"footnotes":""},"categories":[4],"tags":[],"class_list":["post-52706","post","type-post","status-publish","format-standard","has-post-thumbnail","hentry","category-queretaro"],"_links":{"self":[{"href":"https:\/\/informebajio.com.mx\/index.php?rest_route=\/wp\/v2\/posts\/52706","targetHints":{"allow":["GET"]}}],"collection":[{"href":"https:\/\/informebajio.com.mx\/index.php?rest_route=\/wp\/v2\/posts"}],"about":[{"href":"https:\/\/informebajio.com.mx\/index.php?rest_route=\/wp\/v2\/types\/post"}],"author":[{"embeddable":true,"href":"https:\/\/informebajio.com.mx\/index.php?rest_route=\/wp\/v2\/users\/2"}],"replies":[{"embeddable":true,"href":"https:\/\/informebajio.com.mx\/index.php?rest_route=%2Fwp%2Fv2%2Fcomments&post=52706"}],"version-history":[{"count":0,"href":"https:\/\/informebajio.com.mx\/index.php?rest_route=\/wp\/v2\/posts\/52706\/revisions"}],"wp:featuredmedia":[{"embeddable":true,"href":"https:\/\/informebajio.com.mx\/index.php?rest_route=\/wp\/v2\/media\/52707"}],"wp:attachment":[{"href":"https:\/\/informebajio.com.mx\/index.php?rest_route=%2Fwp%2Fv2%2Fmedia&parent=52706"}],"wp:term":[{"taxonomy":"category","embeddable":true,"href":"https:\/\/informebajio.com.mx\/index.php?rest_route=%2Fwp%2Fv2%2Fcategories&post=52706"},{"taxonomy":"post_tag","embeddable":true,"href":"https:\/\/informebajio.com.mx\/index.php?rest_route=%2Fwp%2Fv2%2Ftags&post=52706"}],"curies":[{"name":"wp","href":"https:\/\/api.w.org\/{rel}","templated":true}]}}