{"id":52712,"date":"2025-11-01T22:47:37","date_gmt":"2025-11-02T04:47:37","guid":{"rendered":"https:\/\/informebajio.com.mx\/?p=52712"},"modified":"2025-11-01T22:47:37","modified_gmt":"2025-11-02T04:47:37","slug":"morena-insiste-en-que-se-debe-acatar-fallo-que-prohibe-criminalizar-el-aborto","status":"publish","type":"post","link":"https:\/\/informebajio.com.mx\/?p=52712","title":{"rendered":"Morena insiste en que se debe acatar fallo que proh\u00edbe criminalizar el aborto"},"content":{"rendered":"<div>\n<h2><span style=\"font-weight: 400;\">Se buscar\u00e1 que las iniciativas controversiales puedan ser discutidas en comisiones unidas. <\/span><\/h2>\n<p><span style=\"font-weight: 400;\">Nayeli Hern\u00e1ndez<\/span><\/p>\n<p><span style=\"font-weight: 400;\">Fotos: Karen Guti\u00e9rrez<\/span><\/p>\n<p><span style=\"font-weight: 400;\">Noticias\u00a0<\/span><\/p>\n<p>\u00a0<\/p>\n<p><span style=\"font-weight: 400;\">El grupo parlamentario de Morena insisti\u00f3 en que promover\u00e1n que haya cambios al interior de las comisiones que integran el Congreso del Estado, para que la discusi\u00f3n de las iniciativas que se encuentran detenidas no quede en manos de un solo partido pol\u00edtico.\u00a0<\/span><\/p>\n<p><span style=\"font-weight: 400;\">Andrea Tovar Saavedra inform\u00f3 que se continuar\u00e1 promoviendo la despenalizaci\u00f3n del aborto en Quer\u00e9taro, al recordar que a\u00fan queda una iniciativa pendiente sobre este tema, que fue ingresada hace un a\u00f1o por el diputado Arturo Maximiliano Garc\u00eda, en conjunto con colectivos feministas, la cual permanece en la Comisi\u00f3n de Administraci\u00f3n y Procuraci\u00f3n de Justicia de la LXI Legislatura local, sin que haya sido discutida a\u00fan.\u00a0<\/span><\/p>\n<p><span style=\"font-weight: 400;\">Se\u00f1al\u00f3 que se contin\u00faa presionando dentro del congreso para que las iniciativas que no han logrado avanzar en las comisiones a las que fueron turnadas, puedan cambiarse a otra e incluso solicitar que se discutan en comisiones unidas para no dejar que temas controversiales como este quede \u201cen manos de un partido pol\u00edtico la decisi\u00f3n\u201d, al destacar que las comisiones deben ser plurales para que haya diferentes puntos de vista y puedan llegar a pleno las discusiones.\u00a0<\/span><\/p>\n<p><span style=\"font-weight: 400;\">La diputada de Morena destac\u00f3 que la discusi\u00f3n que se se est\u00e1 dando en el Congreso en torno a este tema, no debe ser desde una postura personal, ni desde una postura ideol\u00f3gica, sino desde la realidad.\u00a0<\/span><\/p>\n<p><span style=\"font-weight: 400;\">En este sentido, record\u00f3 que la Suprema Corte de Justicia de la Naci\u00f3n (SCJN), ya emiti\u00f3 una acci\u00f3n de inconstitucionalidad para aquellos estados que criminalicen el aborto porque no han homologado su legislaci\u00f3n local con la federal, como es el caso de Quer\u00e9taro.<\/span><\/p>\n<p><span style=\"font-weight: 400;\">\u201cLa Suprema Corte ya lo determin\u00f3, nosotros no somos quienes para decir si s\u00ed o no, simple y sencillamente tenemos que acatar lo que ha determinado la corte: que es inconstitucional criminalizar a las mujeres por cometer aborto antes de las 12 semanas, que quede muy claro. Despenalizarlo no es promoverlo, son dos cosas bien diferentes\u201d, explic\u00f3.\u00a0<\/span><\/p>\n<p><span style=\"font-weight: 400;\">Tras el rechazo de la iniciativa que buscaba despenalizar el aborto en Quer\u00e9taro, el diputado Homero Barrera, integrante de la Comisi\u00f3n de Administraci\u00f3n y Procuraci\u00f3n de Justicia, denunci\u00f3 que el dictamen que fue aprobado por los legisladores del PAN, Guillermo Vega y Enrique Correa, no fue entregado previo a la sesi\u00f3n, como lo establece la ley, y tampoco fue\u00a0 entregado despu\u00e9s, por lo que se\u00f1al\u00f3 que s\u00f3lo conoce una parte del documento, y s\u00f3lo a trav\u00e9s de lo que ha podido visualizar en las transmisiones en vivo que se hicieron ese d\u00eda.\u00a0<\/span><\/p>\n<p><span style=\"font-weight: 400;\">\u201cno nada m\u00e1s no se entreg\u00f3 el dictamen, sino que ocurri\u00f3 un hecho muy lamentable, que los otros dos integrantes, al querer justificar que s\u00ed hab\u00edan dado lectura a todo el dictamen para que fuera de conocimiento de todos los legisladores, o de los integrantes de la Comisi\u00f3n, resulta que a ellos no les gusta que haya opiniones de las mujeres, se saltaron el dictamen y al final solamente leyeron las conclusiones; es decir que esa sesi\u00f3n de comisi\u00f3n no tiene validez\u201d, afirm\u00f3.\u00a0<\/span><\/p>\n<p><span style=\"font-weight: 400;\">En este sentido, dijo que se analizar\u00e1 judicialmente la sesi\u00f3n para garantizar que se haya cumplido con lo que la ley establece y, de no ser as\u00ed, se podr\u00eda revertir el dictamen aprobado.\u00a0<\/span><\/p>\n<\/div>\n<p><script>(function(d, s, id) {\n  var js, fjs = d.getElementsByTagName(s)[0];\n  if (d.getElementById(id)) return;\n  js = d.createElement(s); js.id = id;\n  js.src = \"\/\/connect.facebook.net\/es_LA\/sdk.js#xfbml=1&appId=546007945598485&version=v2.3\";\n  fjs.parentNode.insertBefore(js, fjs);\n}(document, 'script', 'facebook-jssdk'));<\/script><\/p>\n","protected":false},"excerpt":{"rendered":"<p>Se buscar\u00e1 que las iniciativas controversiales puedan ser discutidas en comisiones unidas. Nayeli Hern\u00e1ndez Fotos: Karen Guti\u00e9rrez Noticias\u00a0 \u00a0 El grupo parlamentario de Morena insisti\u00f3 en que promover\u00e1n que haya cambios al interior de las comisiones que integran el Congreso del Estado, para que la discusi\u00f3n de las iniciativas que se encuentran detenidas no quede [&hellip;]<\/p>\n","protected":false},"author":2,"featured_media":52713,"comment_status":"","ping_status":"","sticky":false,"template":"","format":"standard","meta":{"_monsterinsights_skip_tracking":false,"_monsterinsights_sitenote_active":false,"_monsterinsights_sitenote_note":"","_monsterinsights_sitenote_category":0,"footnotes":""},"categories":[4],"tags":[],"class_list":["post-52712","post","type-post","status-publish","format-standard","has-post-thumbnail","hentry","category-queretaro"],"_links":{"self":[{"href":"https:\/\/informebajio.com.mx\/index.php?rest_route=\/wp\/v2\/posts\/52712","targetHints":{"allow":["GET"]}}],"collection":[{"href":"https:\/\/informebajio.com.mx\/index.php?rest_route=\/wp\/v2\/posts"}],"about":[{"href":"https:\/\/informebajio.com.mx\/index.php?rest_route=\/wp\/v2\/types\/post"}],"author":[{"embeddable":true,"href":"https:\/\/informebajio.com.mx\/index.php?rest_route=\/wp\/v2\/users\/2"}],"replies":[{"embeddable":true,"href":"https:\/\/informebajio.com.mx\/index.php?rest_route=%2Fwp%2Fv2%2Fcomments&post=52712"}],"version-history":[{"count":0,"href":"https:\/\/informebajio.com.mx\/index.php?rest_route=\/wp\/v2\/posts\/52712\/revisions"}],"wp:featuredmedia":[{"embeddable":true,"href":"https:\/\/informebajio.com.mx\/index.php?rest_route=\/wp\/v2\/media\/52713"}],"wp:attachment":[{"href":"https:\/\/informebajio.com.mx\/index.php?rest_route=%2Fwp%2Fv2%2Fmedia&parent=52712"}],"wp:term":[{"taxonomy":"category","embeddable":true,"href":"https:\/\/informebajio.com.mx\/index.php?rest_route=%2Fwp%2Fv2%2Fcategories&post=52712"},{"taxonomy":"post_tag","embeddable":true,"href":"https:\/\/informebajio.com.mx\/index.php?rest_route=%2Fwp%2Fv2%2Ftags&post=52712"}],"curies":[{"name":"wp","href":"https:\/\/api.w.org\/{rel}","templated":true}]}}