{"id":52720,"date":"2025-11-02T13:50:16","date_gmt":"2025-11-02T19:50:16","guid":{"rendered":"https:\/\/informebajio.com.mx\/?p=52720"},"modified":"2025-11-02T13:50:16","modified_gmt":"2025-11-02T19:50:16","slug":"atienden-caso-de-maltrato-infantil-en-jalpan","status":"publish","type":"post","link":"https:\/\/informebajio.com.mx\/?p=52720","title":{"rendered":"Atienden caso de maltrato infantil en Jalpan"},"content":{"rendered":"<div>\n<p><span style=\"font-weight: 400;\">Un ni\u00f1o de 12 a\u00f1os qued\u00f3 en resguardo de la Procuradur\u00eda del Menor\u00a0<\/span><\/p>\n<p>\u00a0<\/p>\n<p><span style=\"font-weight: 400;\">Por: Cipriano Morales\u00a0<\/span><\/p>\n<p><span style=\"font-weight: 400;\">Noticias\u00a0<\/span><\/p>\n<p><span style=\"font-weight: 400;\">Jalpan de Serra, Qro.- Maltrato infantil por parte de su padre sufri\u00f3 un menor de 12 a\u00f1os de edad, quien fue atendido por elementos de la Coordinaci\u00f3n Municipal de Protecci\u00f3n Civil de Jalpan que acudieron al sitio tras ser requeridos, mientras que la Procuradur\u00eda del Menor de Jalpan solicit\u00f3 el resguardo del menor, en tanto encuentran una red de apoyo familiar y al mismo tiempo dan seguimiento jur\u00eddico al caso para salvaguardar la protecci\u00f3n del ni\u00f1o maltratado.<\/span><\/p>\n<p><span style=\"font-weight: 400;\">En un principio, elementos de la Polic\u00eda Municipal de Jalpan fueron solicitados a la colonia Las Ortigas para atender un reporte de maltrato infantil, siendo alertados que se escuchaban gritos de un menor de edad por lo que enseguida se aproximaron al lugar, donde ya se encontraba la Procuradura del Menor y personal de Protecci\u00f3n Civil valorando al ni\u00f1o de nombre Jonathan \u201cR\u201d, de 12 a\u00f1os de edad, de quien se conoci\u00f3 padece diabetes infantil y que hab\u00eda sido golpeado con una vara de madera por su padre Bernardo \u201cR\u201d.<\/span><\/p>\n<p><span style=\"font-weight: 400;\">En este sentido, la Procuradura solicit\u00f3 a la polic\u00eda apoyo para el traslado del menor para ponerlo bajo resguardo en tanto encuentran una red de apoyo familiar y al mismo tiempo dar seguimiento jur\u00eddico para salvaguardar su protecci\u00f3n.<\/span><\/p>\n<p><br style=\"font-weight: 400;\"\/>\u00a0<img fetchpriority=\"high\" decoding=\"async\" class=\"alignnone size-medium wp-image-704222\" src=\"https:\/\/cdn.noticiasdequeretaro.com.mx\/wp-content\/uploads\/2025\/11\/02101026\/MALTRATO-infantil-600x337.jpeg\" alt=\"\" width=\"600\" height=\"337\" srcset=\"https:\/\/cdn.noticiasdequeretaro.com.mx\/wp-content\/uploads\/2025\/11\/02101026\/MALTRATO-infantil-600x337.jpeg 600w, https:\/\/cdn.noticiasdequeretaro.com.mx\/wp-content\/uploads\/2025\/11\/02101026\/MALTRATO-infantil-1024x576.jpeg 1024w, https:\/\/cdn.noticiasdequeretaro.com.mx\/wp-content\/uploads\/2025\/11\/02101026\/MALTRATO-infantil-300x169.jpeg 300w, https:\/\/cdn.noticiasdequeretaro.com.mx\/wp-content\/uploads\/2025\/11\/02101026\/MALTRATO-infantil-768x432.jpeg 768w, https:\/\/cdn.noticiasdequeretaro.com.mx\/wp-content\/uploads\/2025\/11\/02101026\/MALTRATO-infantil.jpeg 1156w\" sizes=\"(max-width: 600px) 100vw, 600px\"\/> <img loading=\"lazy\" decoding=\"async\" class=\"alignnone size-medium wp-image-704223\" src=\"https:\/\/cdn.noticiasdequeretaro.com.mx\/wp-content\/uploads\/2025\/11\/02101029\/PROTECCION-510x600.jpeg\" alt=\"\" width=\"510\" height=\"600\" srcset=\"https:\/\/cdn.noticiasdequeretaro.com.mx\/wp-content\/uploads\/2025\/11\/02101029\/PROTECCION-510x600.jpeg 510w, https:\/\/cdn.noticiasdequeretaro.com.mx\/wp-content\/uploads\/2025\/11\/02101029\/PROTECCION-255x300.jpeg 255w, https:\/\/cdn.noticiasdequeretaro.com.mx\/wp-content\/uploads\/2025\/11\/02101029\/PROTECCION.jpeg 650w\" sizes=\"auto, (max-width: 510px) 100vw, 510px\"\/><\/p>\n<\/div>\n<p><script>(function(d, s, id) {\n  var js, fjs = d.getElementsByTagName(s)[0];\n  if (d.getElementById(id)) return;\n  js = d.createElement(s); js.id = id;\n  js.src = \"\/\/connect.facebook.net\/es_LA\/sdk.js#xfbml=1&appId=546007945598485&version=v2.3\";\n  fjs.parentNode.insertBefore(js, fjs);\n}(document, 'script', 'facebook-jssdk'));<\/script><\/p>\n","protected":false},"excerpt":{"rendered":"<p>Un ni\u00f1o de 12 a\u00f1os qued\u00f3 en resguardo de la Procuradur\u00eda del Menor\u00a0 \u00a0 Por: Cipriano Morales\u00a0 Noticias\u00a0 Jalpan de Serra, Qro.- Maltrato infantil por parte de su padre sufri\u00f3 un menor de 12 a\u00f1os de edad, quien fue atendido por elementos de la Coordinaci\u00f3n Municipal de Protecci\u00f3n Civil de Jalpan que acudieron al sitio [&hellip;]<\/p>\n","protected":false},"author":2,"featured_media":52721,"comment_status":"","ping_status":"","sticky":false,"template":"","format":"standard","meta":{"_monsterinsights_skip_tracking":false,"_monsterinsights_sitenote_active":false,"_monsterinsights_sitenote_note":"","_monsterinsights_sitenote_category":0,"footnotes":""},"categories":[4],"tags":[],"class_list":["post-52720","post","type-post","status-publish","format-standard","has-post-thumbnail","hentry","category-queretaro"],"_links":{"self":[{"href":"https:\/\/informebajio.com.mx\/index.php?rest_route=\/wp\/v2\/posts\/52720","targetHints":{"allow":["GET"]}}],"collection":[{"href":"https:\/\/informebajio.com.mx\/index.php?rest_route=\/wp\/v2\/posts"}],"about":[{"href":"https:\/\/informebajio.com.mx\/index.php?rest_route=\/wp\/v2\/types\/post"}],"author":[{"embeddable":true,"href":"https:\/\/informebajio.com.mx\/index.php?rest_route=\/wp\/v2\/users\/2"}],"replies":[{"embeddable":true,"href":"https:\/\/informebajio.com.mx\/index.php?rest_route=%2Fwp%2Fv2%2Fcomments&post=52720"}],"version-history":[{"count":0,"href":"https:\/\/informebajio.com.mx\/index.php?rest_route=\/wp\/v2\/posts\/52720\/revisions"}],"wp:featuredmedia":[{"embeddable":true,"href":"https:\/\/informebajio.com.mx\/index.php?rest_route=\/wp\/v2\/media\/52721"}],"wp:attachment":[{"href":"https:\/\/informebajio.com.mx\/index.php?rest_route=%2Fwp%2Fv2%2Fmedia&parent=52720"}],"wp:term":[{"taxonomy":"category","embeddable":true,"href":"https:\/\/informebajio.com.mx\/index.php?rest_route=%2Fwp%2Fv2%2Fcategories&post=52720"},{"taxonomy":"post_tag","embeddable":true,"href":"https:\/\/informebajio.com.mx\/index.php?rest_route=%2Fwp%2Fv2%2Ftags&post=52720"}],"curies":[{"name":"wp","href":"https:\/\/api.w.org\/{rel}","templated":true}]}}