{"id":52735,"date":"2025-11-02T23:51:05","date_gmt":"2025-11-03T05:51:05","guid":{"rendered":"https:\/\/informebajio.com.mx\/?p=52735"},"modified":"2025-11-02T23:51:05","modified_gmt":"2025-11-03T05:51:05","slug":"en-prision-por-homicidio-calificado-en-huimilpan","status":"publish","type":"post","link":"https:\/\/informebajio.com.mx\/?p=52735","title":{"rendered":"En prisi\u00f3n por homicidio calificado en Huimilpan"},"content":{"rendered":"<div>\n<p><span style=\"font-weight: 400;\">La Fiscal\u00eda de Quer\u00e9taro, obtuvo la vinculaci\u00f3n a proceso de \u201cPipen\u201d, por su probable autor\u00eda en el delito de homicidio calificado, cometido en el municipio de Huimilpan.<\/span><\/p>\n<p><span style=\"font-weight: 400;\">De acuerdo con la carpeta de investigaci\u00f3n, el 26 de octubre de 2025, el ofendido acudi\u00f3 a una festividad realizada en la explanada de la comunidad Los Cues, donde fue agredido con un arma blanca por el imputado, quien le ocasion\u00f3 lesiones en el abdomen que le provocaron la muerte.<\/span><\/p>\n<p><span style=\"font-weight: 400;\">Tras las investigaciones ministeriales, periciales y policiales realizadas por personal de esta instituci\u00f3n, se obtuvo una orden de aprehensi\u00f3n en contra de \u201cPipen\u201d, misma que fue cumplimentada el 29 de octubre de 2025, por la Polic\u00eda de Investigaci\u00f3n del Delito en el municipio de San Juan del R\u00edo.a<\/span><\/p>\n<p><span style=\"font-weight: 400;\">En audiencia inicial, esta Fiscal\u00eda present\u00f3 los datos de prueba ante el Juez de Control, quien determin\u00f3 vincular a proceso al imputado y le impuso la medida cautelar de prisi\u00f3n preventiva oficiosa. Se concedi\u00f3 un plazo de tres meses de investigaci\u00f3n complementaria.<\/span><\/p>\n<\/div>\n<p><script>(function(d, s, id) {\n  var js, fjs = d.getElementsByTagName(s)[0];\n  if (d.getElementById(id)) return;\n  js = d.createElement(s); js.id = id;\n  js.src = \"\/\/connect.facebook.net\/es_LA\/sdk.js#xfbml=1&appId=546007945598485&version=v2.3\";\n  fjs.parentNode.insertBefore(js, fjs);\n}(document, 'script', 'facebook-jssdk'));<\/script><\/p>\n","protected":false},"excerpt":{"rendered":"<p>La Fiscal\u00eda de Quer\u00e9taro, obtuvo la vinculaci\u00f3n a proceso de \u201cPipen\u201d, por su probable autor\u00eda en el delito de homicidio calificado, cometido en el municipio de Huimilpan. De acuerdo con la carpeta de investigaci\u00f3n, el 26 de octubre de 2025, el ofendido acudi\u00f3 a una festividad realizada en la explanada de la comunidad Los Cues, [&hellip;]<\/p>\n","protected":false},"author":2,"featured_media":52736,"comment_status":"","ping_status":"","sticky":false,"template":"","format":"standard","meta":{"_monsterinsights_skip_tracking":false,"_monsterinsights_sitenote_active":false,"_monsterinsights_sitenote_note":"","_monsterinsights_sitenote_category":0,"footnotes":""},"categories":[4],"tags":[],"class_list":["post-52735","post","type-post","status-publish","format-standard","has-post-thumbnail","hentry","category-queretaro"],"_links":{"self":[{"href":"https:\/\/informebajio.com.mx\/index.php?rest_route=\/wp\/v2\/posts\/52735","targetHints":{"allow":["GET"]}}],"collection":[{"href":"https:\/\/informebajio.com.mx\/index.php?rest_route=\/wp\/v2\/posts"}],"about":[{"href":"https:\/\/informebajio.com.mx\/index.php?rest_route=\/wp\/v2\/types\/post"}],"author":[{"embeddable":true,"href":"https:\/\/informebajio.com.mx\/index.php?rest_route=\/wp\/v2\/users\/2"}],"replies":[{"embeddable":true,"href":"https:\/\/informebajio.com.mx\/index.php?rest_route=%2Fwp%2Fv2%2Fcomments&post=52735"}],"version-history":[{"count":0,"href":"https:\/\/informebajio.com.mx\/index.php?rest_route=\/wp\/v2\/posts\/52735\/revisions"}],"wp:featuredmedia":[{"embeddable":true,"href":"https:\/\/informebajio.com.mx\/index.php?rest_route=\/wp\/v2\/media\/52736"}],"wp:attachment":[{"href":"https:\/\/informebajio.com.mx\/index.php?rest_route=%2Fwp%2Fv2%2Fmedia&parent=52735"}],"wp:term":[{"taxonomy":"category","embeddable":true,"href":"https:\/\/informebajio.com.mx\/index.php?rest_route=%2Fwp%2Fv2%2Fcategories&post=52735"},{"taxonomy":"post_tag","embeddable":true,"href":"https:\/\/informebajio.com.mx\/index.php?rest_route=%2Fwp%2Fv2%2Ftags&post=52735"}],"curies":[{"name":"wp","href":"https:\/\/api.w.org\/{rel}","templated":true}]}}