{"id":52752,"date":"2025-11-03T14:53:10","date_gmt":"2025-11-03T20:53:10","guid":{"rendered":"https:\/\/informebajio.com.mx\/?p=52752"},"modified":"2025-11-03T14:53:10","modified_gmt":"2025-11-03T20:53:10","slug":"presentan-estudiantes-tec-queretaro-escuela-comedor-hnahnu","status":"publish","type":"post","link":"https:\/\/informebajio.com.mx\/?p=52752","title":{"rendered":"Presentan estudiantes Tec Quer\u00e9taro Escuela-Comedor H\u00f1\u00e3h\u00f1u"},"content":{"rendered":"<div>\n<p><span style=\"font-weight: 400;\">Por Jahaira Lara<\/span><\/p>\n<p><span style=\"font-weight: 400;\">Noticias\u00a0<\/span><\/p>\n<p>\u00a0<\/p>\n<p><span style=\"font-weight: 400;\">Estudiantes de la Escuela de Arquitectura, Arte y Dise\u00f1o del Tecnol\u00f3gico de Monterrey, campus Quer\u00e9taro, participaron en la construcci\u00f3n de la Escuela-Comedor H\u00f1\u00e3h\u00f1u en la comunidad de San Ildefonso Tultepec\u00a0 en el municipio de Amealco de Bonfil.\u00a0<\/span><\/p>\n<p><span style=\"font-weight: 400;\">La escuela, construida en 140 m\u00b2, se divide en dos espacios principales: la zona de usos m\u00faltiples, \u00e1rea de servicios, \u00e1rea de clases y comedor, en la parte posterior un espacio abierto para cultivo dom\u00e9stico, actividades l\u00fadicas y una serie de biofiltros para tratar el agua residual de la cocina.<\/span><\/p>\n<p><span style=\"font-weight: 400;\">De acuerdo con la decana nacional de la Escuela de Arquitectura, Arte y Dise\u00f1o, Mariana Amatullo, este proyecto es una manifestaci\u00f3n de lo que se logra cuando el conocimiento universitario se pone al servicio de la sociedad.<\/span><\/p>\n<p><span style=\"font-weight: 400;\">\u201cLa Escuela-Comedor es un s\u00edmbolo de esperanza, dignidad y comunidad, una manifestaci\u00f3n de lo que sucede cuando el conocimiento se pone al servicio de la sociedad\u201d, refiri\u00f3.<\/span><\/p>\n<p><span style=\"font-weight: 400;\">Adem\u00e1s de que el proyecto arquitect\u00f3nico surge a partir del Taller de Arquitectura Ciudadana, cuya misi\u00f3n desde su creaci\u00f3n en el 2010 es la autoproducci\u00f3n social del h\u00e1bitat en comunidades urbanas y rurales.<\/span><\/p>\n<p><span style=\"font-weight: 400;\">A trav\u00e9s de este proyecto los j\u00f3venes desarrollaron capacidades de dise\u00f1o y construcci\u00f3n a trav\u00e9s de la metodolog\u00eda Design-Build, y procesos de dise\u00f1o participativo con la comunidad beneficiada, destac\u00f3 Viviana Barquero, directora de divisi\u00f3n de Arquitectura, Arte y Dise\u00f1o, campus Quer\u00e9taro.<\/span><\/p>\n<p><span style=\"font-weight: 400;\">El dise\u00f1o est\u00e1 dividido en dos \u00e1reas principales: una zona de usos m\u00faltiples, que funciona como aula y comedor; una zona de servicios que incluye cocina, bodegas y ba\u00f1o; en su parte posterior, un espacio abierto permite desarrollar actividades de cultivo dom\u00e9stico y educaci\u00f3n ambiental, adem\u00e1s de incorporar biofiltros y un sistema de humedales para tratar el agua residual de la cocina.\u00a0\u00a0<\/span><\/p>\n<p><span style=\"font-weight: 400;\">Adem\u00e1s, el espacio integra un \u201cba\u00f1o seco de cubeta\u201d, tecnolog\u00eda ecol\u00f3gica que reduce el consumo de agua y transforma residuos org\u00e1nicos en composta, fortaleciendo el ciclo de sostenibilidad del lugar.\u00a0<\/span><\/p>\n<p><span style=\"font-weight: 400;\">De acuerdo con el director general del campus, Pascual Alcocer, esta iniciativa busca dar a conocer el impacto de la filantrop\u00eda del Tec de Monterrey para transformar y apoyar a distintas realidades a trav\u00e9s de proyectos educativos, generando resultados que trascienden m\u00e1s all\u00e1 de las aulas.\u00a0<\/span><\/p>\n<\/div>\n<p><script>(function(d, s, id) {\n  var js, fjs = d.getElementsByTagName(s)[0];\n  if (d.getElementById(id)) return;\n  js = d.createElement(s); js.id = id;\n  js.src = \"\/\/connect.facebook.net\/es_LA\/sdk.js#xfbml=1&appId=546007945598485&version=v2.3\";\n  fjs.parentNode.insertBefore(js, fjs);\n}(document, 'script', 'facebook-jssdk'));<\/script><\/p>\n","protected":false},"excerpt":{"rendered":"<p>Por Jahaira Lara Noticias\u00a0 \u00a0 Estudiantes de la Escuela de Arquitectura, Arte y Dise\u00f1o del Tecnol\u00f3gico de Monterrey, campus Quer\u00e9taro, participaron en la construcci\u00f3n de la Escuela-Comedor H\u00f1\u00e3h\u00f1u en la comunidad de San Ildefonso Tultepec\u00a0 en el municipio de Amealco de Bonfil.\u00a0 La escuela, construida en 140 m\u00b2, se divide en dos espacios principales: la [&hellip;]<\/p>\n","protected":false},"author":2,"featured_media":52753,"comment_status":"","ping_status":"","sticky":false,"template":"","format":"standard","meta":{"_monsterinsights_skip_tracking":false,"_monsterinsights_sitenote_active":false,"_monsterinsights_sitenote_note":"","_monsterinsights_sitenote_category":0,"footnotes":""},"categories":[4],"tags":[],"class_list":["post-52752","post","type-post","status-publish","format-standard","has-post-thumbnail","hentry","category-queretaro"],"_links":{"self":[{"href":"https:\/\/informebajio.com.mx\/index.php?rest_route=\/wp\/v2\/posts\/52752","targetHints":{"allow":["GET"]}}],"collection":[{"href":"https:\/\/informebajio.com.mx\/index.php?rest_route=\/wp\/v2\/posts"}],"about":[{"href":"https:\/\/informebajio.com.mx\/index.php?rest_route=\/wp\/v2\/types\/post"}],"author":[{"embeddable":true,"href":"https:\/\/informebajio.com.mx\/index.php?rest_route=\/wp\/v2\/users\/2"}],"replies":[{"embeddable":true,"href":"https:\/\/informebajio.com.mx\/index.php?rest_route=%2Fwp%2Fv2%2Fcomments&post=52752"}],"version-history":[{"count":0,"href":"https:\/\/informebajio.com.mx\/index.php?rest_route=\/wp\/v2\/posts\/52752\/revisions"}],"wp:featuredmedia":[{"embeddable":true,"href":"https:\/\/informebajio.com.mx\/index.php?rest_route=\/wp\/v2\/media\/52753"}],"wp:attachment":[{"href":"https:\/\/informebajio.com.mx\/index.php?rest_route=%2Fwp%2Fv2%2Fmedia&parent=52752"}],"wp:term":[{"taxonomy":"category","embeddable":true,"href":"https:\/\/informebajio.com.mx\/index.php?rest_route=%2Fwp%2Fv2%2Fcategories&post=52752"},{"taxonomy":"post_tag","embeddable":true,"href":"https:\/\/informebajio.com.mx\/index.php?rest_route=%2Fwp%2Fv2%2Ftags&post=52752"}],"curies":[{"name":"wp","href":"https:\/\/api.w.org\/{rel}","templated":true}]}}