{"id":52768,"date":"2025-11-04T05:56:47","date_gmt":"2025-11-04T11:56:47","guid":{"rendered":"https:\/\/informebajio.com.mx\/?p=52768"},"modified":"2025-11-04T05:56:47","modified_gmt":"2025-11-04T11:56:47","slug":"inaugura-chepe-guerrero-nuevas-aulas-didacticas-de-preescolar-en-la-negreta","status":"publish","type":"post","link":"https:\/\/informebajio.com.mx\/?p=52768","title":{"rendered":"Inaugura Chepe Guerrero nuevas aulas did\u00e1cticas de preescolar en La Negreta"},"content":{"rendered":"<div>\n<p><span style=\"font-weight: 400;\">Noticias<\/span><\/p>\n<p>\u00a0<\/p>\n<p><span style=\"font-weight: 400;\">El alcalde de Corregidora, Chepe Guerrero, inaugur\u00f3 tres nuevas aulas did\u00e1cticas en el Jard\u00edn de Ni\u00f1os \u201cSara P\u00e9rez de Madero\u201d, ubicado en La Negreta, con el objetivo de fortalecer la infraestructura educativa y brindar mejores espacios de aprendizaje a las ni\u00f1as y los ni\u00f1os.<\/span><\/p>\n<p><span style=\"font-weight: 400;\">En los honores a la bandera y entrega de obra, destac\u00f3 el compromiso de su administraci\u00f3n con la educaci\u00f3n como motor de desarrollo social.<\/span><\/p>\n<p><span style=\"font-weight: 400;\">Lo menos que podemos hacer con el esfuerzo de las familias es ser emp\u00e1ticos \u2014dijo.<\/span><\/p>\n<p><span style=\"font-weight: 400;\">\u201cSabemos el esfuerzo que hacen las familias para que sus hijas e hijos vengan a la escuela, desde el uniforme hasta el transporte. Lo menos que podemos hacer como autoridad es ser emp\u00e1ticos y solidarios para apoyarlos y asegurar que nunca dejen de venir, ni a este ni a ning\u00fan nivel educativo\u201d, expres\u00f3 Chepe Guerrero.<\/span><\/p>\n<p><span style=\"font-weight: 400;\">Por su parte, el Arq. Fernando Orozco Vega, director general del Instituto de Infraestructura F\u00edsica Educativa del Estado de Quer\u00e9taro (IIFEQ), inform\u00f3 que la obra consisti\u00f3 en la construcci\u00f3n de tres aulas did\u00e1cticas anexadas al edificio ya existente, con una inversi\u00f3n de tres millones de pesos.<\/span><\/p>\n<p><span style=\"font-weight: 400;\">Destac\u00f3 que el Comit\u00e9 de Obra estuvo al pendiente del proceso para asegurar que los trabajos se realizaran en tiempo y forma, garantizando espacios seguros y funcionales: \u201cel gobernador Mauricio Kuri ha estado muy al pendiente de que la infraestructura educativa est\u00e9 al d\u00eda y crezca conforme a la poblaci\u00f3n. Este es un claro ejemplo de c\u00f3mo la coordinaci\u00f3n entre el estado, el municipio y la comunidad escolar da resultados positivos\u201d, se\u00f1al\u00f3 Orozco Vega.<\/span><\/p>\n<p><span style=\"font-weight: 400;\">La directora del plantel, Mar\u00eda del Pilar Elizondo Bravo, agradeci\u00f3 a las autoridades municipales y educativas por el respaldo brindado a la instituci\u00f3n: \u201cqueremos dar las gracias por apoyar la educaci\u00f3n y realizar esta obra de mejora en nuestra escuela. Reitero mi compromiso y el de mis compa\u00f1eras de mantener en \u00f3ptimas condiciones las instalaciones y ofrecer un servicio profesional a la comunidad\u201d, afirm\u00f3.<\/span><\/p>\n<p><span style=\"font-weight: 400;\">Durante la entrega de obra estuvieron presentes el senador Agust\u00edn Dorantes L\u00e1mbarri y el diputado local Antonio Zapata Guerrero, quienes reconocieron el trabajo conjunto entre el municipio, el estado y la comunidad escolar para seguir fortaleciendo la educaci\u00f3n en Corregidora.<\/span><\/p>\n<\/div>\n<p><script>(function(d, s, id) {\n  var js, fjs = d.getElementsByTagName(s)[0];\n  if (d.getElementById(id)) return;\n  js = d.createElement(s); js.id = id;\n  js.src = \"\/\/connect.facebook.net\/es_LA\/sdk.js#xfbml=1&appId=546007945598485&version=v2.3\";\n  fjs.parentNode.insertBefore(js, fjs);\n}(document, 'script', 'facebook-jssdk'));<\/script><\/p>\n","protected":false},"excerpt":{"rendered":"<p>Noticias \u00a0 El alcalde de Corregidora, Chepe Guerrero, inaugur\u00f3 tres nuevas aulas did\u00e1cticas en el Jard\u00edn de Ni\u00f1os \u201cSara P\u00e9rez de Madero\u201d, ubicado en La Negreta, con el objetivo de fortalecer la infraestructura educativa y brindar mejores espacios de aprendizaje a las ni\u00f1as y los ni\u00f1os. En los honores a la bandera y entrega de [&hellip;]<\/p>\n","protected":false},"author":2,"featured_media":52769,"comment_status":"","ping_status":"","sticky":false,"template":"","format":"standard","meta":{"_monsterinsights_skip_tracking":false,"_monsterinsights_sitenote_active":false,"_monsterinsights_sitenote_note":"","_monsterinsights_sitenote_category":0,"footnotes":""},"categories":[4],"tags":[],"class_list":["post-52768","post","type-post","status-publish","format-standard","has-post-thumbnail","hentry","category-queretaro"],"_links":{"self":[{"href":"https:\/\/informebajio.com.mx\/index.php?rest_route=\/wp\/v2\/posts\/52768","targetHints":{"allow":["GET"]}}],"collection":[{"href":"https:\/\/informebajio.com.mx\/index.php?rest_route=\/wp\/v2\/posts"}],"about":[{"href":"https:\/\/informebajio.com.mx\/index.php?rest_route=\/wp\/v2\/types\/post"}],"author":[{"embeddable":true,"href":"https:\/\/informebajio.com.mx\/index.php?rest_route=\/wp\/v2\/users\/2"}],"replies":[{"embeddable":true,"href":"https:\/\/informebajio.com.mx\/index.php?rest_route=%2Fwp%2Fv2%2Fcomments&post=52768"}],"version-history":[{"count":0,"href":"https:\/\/informebajio.com.mx\/index.php?rest_route=\/wp\/v2\/posts\/52768\/revisions"}],"wp:featuredmedia":[{"embeddable":true,"href":"https:\/\/informebajio.com.mx\/index.php?rest_route=\/wp\/v2\/media\/52769"}],"wp:attachment":[{"href":"https:\/\/informebajio.com.mx\/index.php?rest_route=%2Fwp%2Fv2%2Fmedia&parent=52768"}],"wp:term":[{"taxonomy":"category","embeddable":true,"href":"https:\/\/informebajio.com.mx\/index.php?rest_route=%2Fwp%2Fv2%2Fcategories&post=52768"},{"taxonomy":"post_tag","embeddable":true,"href":"https:\/\/informebajio.com.mx\/index.php?rest_route=%2Fwp%2Fv2%2Ftags&post=52768"}],"curies":[{"name":"wp","href":"https:\/\/api.w.org\/{rel}","templated":true}]}}