{"id":52772,"date":"2025-11-04T10:56:51","date_gmt":"2025-11-04T16:56:51","guid":{"rendered":"https:\/\/informebajio.com.mx\/?p=52772"},"modified":"2025-11-04T10:56:51","modified_gmt":"2025-11-04T16:56:51","slug":"listo-aiq-para-recibir-mas-vuelos-tras-cancelaciones-en-el-aicm-y-aifa","status":"publish","type":"post","link":"https:\/\/informebajio.com.mx\/?p=52772","title":{"rendered":"Listo AIQ para recibir m\u00e1s vuelos tras cancelaciones en el AICM y AIFA"},"content":{"rendered":"<div>\n<p><span style=\"font-weight: 400;\">Nayeli Hern\u00e1ndez<\/span><\/p>\n<p><span style=\"font-weight: 400;\">Noticias<\/span><\/p>\n<p>\u00a0<\/p>\n<p><span style=\"font-weight: 400;\">Tras la decisi\u00f3n del gobierno de Estados Unidos de cancelar vuelos comerciales y de carga desde el Aeropuerto Internacional de la Ciudad de M\u00e9xico (AICM) y el Aeropuerto Internacional Felipe \u00c1ngeles (AIFA), el Aeropuerto Internacional de Quer\u00e9taro (AIQ) est\u00e1 preparado para recibir nuevas operaciones a\u00e9reas.<\/span><\/p>\n<p><span style=\"font-weight: 400;\">Marco Antonio del Prete Tercero, secretario de Desarrollo Sustentable (Sedesu), explic\u00f3 que, aunque la medida estadounidense fue tomada en respuesta a las reducciones operativas impuestas por M\u00e9xico, el AIQ mantiene condiciones \u00f3ptimas de seguridad y operatividad para atender a las aerol\u00edneas interesadas en trasladar sus rutas hacia el aeropuerto queretano.<\/span><\/p>\n<p><span style=\"font-weight: 400;\">\u201cEl aeropuerto sigue ofreciendo las condiciones de seguridad, de operatividad que normalmente ha ofrecido. Eso ya ser\u00e1 decisi\u00f3n de las aerol\u00edneas el decidir operar sobre el aeropuerto de Quer\u00e9taro\u201d, indic\u00f3.<\/span><\/p>\n<p><span style=\"font-weight: 400;\">Se\u00f1al\u00f3 que muchas aerol\u00edneas que operaban en el AIFA ya lo hacen desde Quer\u00e9taro, y que el aeropuerto se encuentra dispuesto a recibir m\u00e1s vuelos, siempre que las compa\u00f1\u00edas realicen los estudios de mercado necesarios.<\/span><\/p>\n<p><span style=\"font-weight: 400;\">\u201cEs cuesti\u00f3n de que hagan su estudio de mercado, que definan la conveniencia de poder operar desde Quer\u00e9taro. Nosotros estaremos dispuestos para apoyar cualquier decisi\u00f3n que las aerol\u00edneas tomen\u201d, expres\u00f3.<\/span><\/p>\n<p><span style=\"font-weight: 400;\">Del Prete Tercero detall\u00f3 que actualmente el AIQ mueve cerca de ocho mil toneladas de carga al mes, y en ese rubro no presenta limitaciones operativas. En cuanto a transporte de pasajeros, opera al 70 por ciento de su capacidad, por lo que ya se proyecta una ampliaci\u00f3n de la terminal.<\/span><\/p>\n<p><span style=\"font-weight: 400;\">\u201cEstamos a un 70 por ciento, por eso ya estamos pensando en ampliar la terminal de pasajeros. Esta terminal podr\u00e1 dar hasta tres millones de pasajeros aproximadamente, este a\u00f1o estimamos cerrar en dos millones trescientos mil, entonces tenemos capacidad para seguir adelante\u201d, precis\u00f3.<\/span><\/p>\n<p><span style=\"font-weight: 400;\">Adem\u00e1s, explic\u00f3 que en operaciones a\u00e9reas el aeropuerto utiliza solo el 15 por ciento de su capacidad total, lo que le permite ampliar la oferta de vuelos tanto nacionales como internacionales.<\/span><\/p>\n<p><span style=\"font-weight: 400;\">Finalmente, adelant\u00f3 que ya se trabaja en el proyecto ejecutivo para la ampliaci\u00f3n de la terminal de pasajeros, donde se establecer\u00e1n los tiempos de ejecuci\u00f3n y metas de crecimiento del aeropuerto.<\/span><\/p>\n<p>\u00a0<\/p>\n<\/div>\n<p><script>(function(d, s, id) {\n  var js, fjs = d.getElementsByTagName(s)[0];\n  if (d.getElementById(id)) return;\n  js = d.createElement(s); js.id = id;\n  js.src = \"\/\/connect.facebook.net\/es_LA\/sdk.js#xfbml=1&appId=546007945598485&version=v2.3\";\n  fjs.parentNode.insertBefore(js, fjs);\n}(document, 'script', 'facebook-jssdk'));<\/script><\/p>\n","protected":false},"excerpt":{"rendered":"<p>Nayeli Hern\u00e1ndez Noticias \u00a0 Tras la decisi\u00f3n del gobierno de Estados Unidos de cancelar vuelos comerciales y de carga desde el Aeropuerto Internacional de la Ciudad de M\u00e9xico (AICM) y el Aeropuerto Internacional Felipe \u00c1ngeles (AIFA), el Aeropuerto Internacional de Quer\u00e9taro (AIQ) est\u00e1 preparado para recibir nuevas operaciones a\u00e9reas. Marco Antonio del Prete Tercero, secretario [&hellip;]<\/p>\n","protected":false},"author":2,"featured_media":52773,"comment_status":"","ping_status":"","sticky":false,"template":"","format":"standard","meta":{"_monsterinsights_skip_tracking":false,"_monsterinsights_sitenote_active":false,"_monsterinsights_sitenote_note":"","_monsterinsights_sitenote_category":0,"footnotes":""},"categories":[4],"tags":[],"class_list":["post-52772","post","type-post","status-publish","format-standard","has-post-thumbnail","hentry","category-queretaro"],"_links":{"self":[{"href":"https:\/\/informebajio.com.mx\/index.php?rest_route=\/wp\/v2\/posts\/52772","targetHints":{"allow":["GET"]}}],"collection":[{"href":"https:\/\/informebajio.com.mx\/index.php?rest_route=\/wp\/v2\/posts"}],"about":[{"href":"https:\/\/informebajio.com.mx\/index.php?rest_route=\/wp\/v2\/types\/post"}],"author":[{"embeddable":true,"href":"https:\/\/informebajio.com.mx\/index.php?rest_route=\/wp\/v2\/users\/2"}],"replies":[{"embeddable":true,"href":"https:\/\/informebajio.com.mx\/index.php?rest_route=%2Fwp%2Fv2%2Fcomments&post=52772"}],"version-history":[{"count":0,"href":"https:\/\/informebajio.com.mx\/index.php?rest_route=\/wp\/v2\/posts\/52772\/revisions"}],"wp:featuredmedia":[{"embeddable":true,"href":"https:\/\/informebajio.com.mx\/index.php?rest_route=\/wp\/v2\/media\/52773"}],"wp:attachment":[{"href":"https:\/\/informebajio.com.mx\/index.php?rest_route=%2Fwp%2Fv2%2Fmedia&parent=52772"}],"wp:term":[{"taxonomy":"category","embeddable":true,"href":"https:\/\/informebajio.com.mx\/index.php?rest_route=%2Fwp%2Fv2%2Fcategories&post=52772"},{"taxonomy":"post_tag","embeddable":true,"href":"https:\/\/informebajio.com.mx\/index.php?rest_route=%2Fwp%2Fv2%2Ftags&post=52772"}],"curies":[{"name":"wp","href":"https:\/\/api.w.org\/{rel}","templated":true}]}}