{"id":52782,"date":"2025-11-05T01:58:12","date_gmt":"2025-11-05T07:58:12","guid":{"rendered":"https:\/\/informebajio.com.mx\/?p=52782"},"modified":"2025-11-05T01:58:12","modified_gmt":"2025-11-05T07:58:12","slug":"reforma-federal-obligara-a-estados-a-municipalizar-el-servicio-de-agua-alberto-portela","status":"publish","type":"post","link":"https:\/\/informebajio.com.mx\/?p=52782","title":{"rendered":"Reforma federal obligar\u00e1 a estados a municipalizar el servicio de agua: Alberto Portela"},"content":{"rendered":"<div>\n<p><span style=\"font-weight: 400;\">Nayeli Hern\u00e1ndez<\/span><\/p>\n<p><span style=\"font-weight: 400;\">Fotos: Nadia Maldonado<\/span><\/p>\n<p><span style=\"font-weight: 400;\">Noticias<\/span><\/p>\n<p>\u00a0<\/p>\n<p><span style=\"font-weight: 400;\">La reforma a la Ley General de Aguas, impulsada por el gobierno federal, obligar\u00e1 a los estados a municipalizar el servicio de agua, es decir, que los ayuntamientos ser\u00e1n los encargados directos del abastecimiento dom\u00e9stico, explic\u00f3 el abogado especialista en derecho ambiental Alberto Portela Avello.<\/span><\/p>\n<p><span style=\"font-weight: 400;\">Durante su ponencia \u201cIndustria y Gobernanza del Agua\u201d, presentada en un foro organizado por el Consejo Consultivo del Agua, en el marco de la construcci\u00f3n del Programa H\u00eddrico Estatal, el especialista aclar\u00f3 que la Comisi\u00f3n Estatal de Aguas (CEA) no desaparecer\u00e1, pero s\u00ed tendr\u00e1 que transformarse conforme a la nueva legislaci\u00f3n federal.<\/span><\/p>\n<p><span style=\"font-weight: 400;\">\u201cEl 115 constitucional establece una estructura distinta, y pues s\u00ed, se tiene que transformar, pero no va a desaparecer. Se debe transformar de forma en que los municipios sean los titulares del Servicio P\u00fablico de Suministro y Saneamiento de Agua, porque eso es lo que marca la legislaci\u00f3n\u201d, explic\u00f3.<\/span><\/p>\n<p><span style=\"font-weight: 400;\">Se\u00f1al\u00f3 que la municipalizaci\u00f3n aplicar\u00e1 \u00fanicamente al servicio dom\u00e9stico, ya que la mayor\u00eda de las industrias en Quer\u00e9taro opera con t\u00edtulos de concesi\u00f3n y sistemas propios de abastecimiento, sin depender de la CEA.<\/span><\/p>\n<p><span style=\"font-weight: 400;\">Sin embargo, explic\u00f3 que, aunque la ley mandata la municipalizaci\u00f3n, los municipios no est\u00e1n preparados para asumir la operaci\u00f3n inmediata del servicio, por lo que propuso la creaci\u00f3n de un comit\u00e9 intermunicipal para mantener la coordinaci\u00f3n actual, pero bajo una nueva estructura jur\u00eddica.<\/span><\/p>\n<p><span style=\"font-weight: 400;\">\u201cAhorita no creo que est\u00e9n preparados para ese cambio de manera inmediata, y menos hacerlo a partir de enero o de febrero del pr\u00f3ximo a\u00f1o. Por eso la propuesta que estamos haciendo es que se conjunten en un comit\u00e9 intermunicipal\u201d, apunt\u00f3.<\/span><\/p>\n<p><span style=\"font-weight: 400;\">Asimismo, subray\u00f3 que la legislaci\u00f3n federal no establece plazos, mecanismos ni sanciones para el cumplimiento de esta transici\u00f3n, adem\u00e1s, agreg\u00f3 que, con la reforma, los recursos federales destinados al agua ya no podr\u00e1n entregarse a organismos estatales, sino directamente a los municipios.<\/span><\/p>\n<p><span style=\"font-weight: 400;\">\u201cSe elev\u00f3 el presupuesto para los municipios en materia de agua y se va a entregar presupuesto para los municipios desde el punto de vista federal, pero no se puede entregar a un \u00f3rgano estatal (\u2026) No hay ahorita una claridad de c\u00f3mo se va a llevar esta municipalizaci\u00f3n. Lo \u00fanico que hay claridad es que ya la federaci\u00f3n lo mandat\u00f3, y que no va a haber vuelta atr\u00e1s\u201d, dijo.<\/span><\/p>\n<p><span style=\"font-weight: 400;\">Portela Avello explic\u00f3 que, aunque la CEA podr\u00eda evolucionar hacia un organismo intermunicipal, los municipios deber\u00e1n decidir si conforman nuevamente una comisi\u00f3n conjunta, pero ya sin depender del gobierno estatal.<\/span><\/p>\n<p><span style=\"font-weight: 400;\">Finalmente, el abogado indic\u00f3 que, tras la aprobaci\u00f3n de la reforma federal (prevista para este a\u00f1o), los congresos locales deber\u00e1n adecuar su legislaci\u00f3n en 2026, lo que implicar\u00e1 cambios en la estructura institucional del manejo del agua en todo el pa\u00eds.<\/span><\/p>\n<p><span style=\"font-weight: 400;\">\u201cSi sale publicada la federal, todos los estados van a tener que actuar en consecuencia para modificar sus legislaciones a la ley general. Es constitucional\u201d, concluy\u00f3.<\/span><\/p>\n<\/div>\n<p><script>(function(d, s, id) {\n  var js, fjs = d.getElementsByTagName(s)[0];\n  if (d.getElementById(id)) return;\n  js = d.createElement(s); js.id = id;\n  js.src = \"\/\/connect.facebook.net\/es_LA\/sdk.js#xfbml=1&appId=546007945598485&version=v2.3\";\n  fjs.parentNode.insertBefore(js, fjs);\n}(document, 'script', 'facebook-jssdk'));<\/script><\/p>\n","protected":false},"excerpt":{"rendered":"<p>Nayeli Hern\u00e1ndez Fotos: Nadia Maldonado Noticias \u00a0 La reforma a la Ley General de Aguas, impulsada por el gobierno federal, obligar\u00e1 a los estados a municipalizar el servicio de agua, es decir, que los ayuntamientos ser\u00e1n los encargados directos del abastecimiento dom\u00e9stico, explic\u00f3 el abogado especialista en derecho ambiental Alberto Portela Avello. Durante su ponencia [&hellip;]<\/p>\n","protected":false},"author":2,"featured_media":52783,"comment_status":"","ping_status":"","sticky":false,"template":"","format":"standard","meta":{"_monsterinsights_skip_tracking":false,"_monsterinsights_sitenote_active":false,"_monsterinsights_sitenote_note":"","_monsterinsights_sitenote_category":0,"footnotes":""},"categories":[4],"tags":[],"class_list":["post-52782","post","type-post","status-publish","format-standard","has-post-thumbnail","hentry","category-queretaro"],"_links":{"self":[{"href":"https:\/\/informebajio.com.mx\/index.php?rest_route=\/wp\/v2\/posts\/52782","targetHints":{"allow":["GET"]}}],"collection":[{"href":"https:\/\/informebajio.com.mx\/index.php?rest_route=\/wp\/v2\/posts"}],"about":[{"href":"https:\/\/informebajio.com.mx\/index.php?rest_route=\/wp\/v2\/types\/post"}],"author":[{"embeddable":true,"href":"https:\/\/informebajio.com.mx\/index.php?rest_route=\/wp\/v2\/users\/2"}],"replies":[{"embeddable":true,"href":"https:\/\/informebajio.com.mx\/index.php?rest_route=%2Fwp%2Fv2%2Fcomments&post=52782"}],"version-history":[{"count":0,"href":"https:\/\/informebajio.com.mx\/index.php?rest_route=\/wp\/v2\/posts\/52782\/revisions"}],"wp:featuredmedia":[{"embeddable":true,"href":"https:\/\/informebajio.com.mx\/index.php?rest_route=\/wp\/v2\/media\/52783"}],"wp:attachment":[{"href":"https:\/\/informebajio.com.mx\/index.php?rest_route=%2Fwp%2Fv2%2Fmedia&parent=52782"}],"wp:term":[{"taxonomy":"category","embeddable":true,"href":"https:\/\/informebajio.com.mx\/index.php?rest_route=%2Fwp%2Fv2%2Fcategories&post=52782"},{"taxonomy":"post_tag","embeddable":true,"href":"https:\/\/informebajio.com.mx\/index.php?rest_route=%2Fwp%2Fv2%2Ftags&post=52782"}],"curies":[{"name":"wp","href":"https:\/\/api.w.org\/{rel}","templated":true}]}}