{"id":52784,"date":"2025-11-05T06:59:36","date_gmt":"2025-11-05T12:59:36","guid":{"rendered":"https:\/\/informebajio.com.mx\/?p=52784"},"modified":"2025-11-05T06:59:36","modified_gmt":"2025-11-05T12:59:36","slug":"reubicaran-a-familias-en-hercules-y-san-juan-por-paso-del-tren","status":"publish","type":"post","link":"https:\/\/informebajio.com.mx\/?p=52784","title":{"rendered":"Reubicar\u00e1n a familias en H\u00e9rcules y San Juan por paso del tren"},"content":{"rendered":"<div>\n<p><span style=\"font-weight: 400;\">Nayeli Hern\u00e1ndez<\/span><\/p>\n<p><span style=\"font-weight: 400;\">Noticias\u00a0<\/span><\/p>\n<p>\u00a0<\/p>\n<p><span style=\"font-weight: 400;\">El gobernador del estado, Mauricio Kuri Gonz\u00e1lez, confirm\u00f3 que las obras del tren M\u00e9xico-Quer\u00e9taro implicar\u00e1n la reubicaci\u00f3n de personas que habitan cerca de las v\u00edas del tren, aunque precis\u00f3 que los detalles ser\u00e1n informados por la Agencia Reguladora del Transporte Ferroviario (ARTF).<\/span><\/p>\n<p><span style=\"font-weight: 400;\">Explic\u00f3 que su gobierno mantiene comunicaci\u00f3n constante con las autoridades federales encargadas del proyecto, entre ellas la Secretar\u00eda de Infraestructura, Comunicaciones y Transportes (SICT), con el objetivo de socializar las obras y evitar mayores afectaciones a las comunidades.<\/span><\/p>\n<p><span style=\"font-weight: 400;\">\u201cVeo muy poco el impacto ambiental, sobre todo lo que les preocupaba mucho a los medioambientalistas (\u2026) Me gustar\u00eda que lo manejaran bien ellos (la federaci\u00f3n) porque no me gustar\u00eda manejar una informaci\u00f3n incompleta, pero seguramente s\u00ed (se tendr\u00e1n que reubicar) porque por el tama\u00f1o de la obra, lo debe de tener\u201d, declar\u00f3.\u00a0<\/span><\/p>\n<p><span style=\"font-weight: 400;\">Respecto al puente que pasa por arriba de Bernardo Quintana, a la altura de la colonia \u00c1lamos, que se ha planteado que se tendr\u00e1 que rehacer en su totalidad, el mandatario queretano dijo que ser\u00e1 clave la comunicaci\u00f3n con la federaci\u00f3n para poder socializar los temas con los queretanos.\u00a0<\/span><\/p>\n<p><span style=\"font-weight: 400;\">\u201cNecesitamos mucha comunicaci\u00f3n por parte de los que van a hacer el tren, y la Agencia est\u00e1 muy abierta para poder socializar\u201d, agreg\u00f3.<\/span><\/p>\n<p><span style=\"font-weight: 400;\">De acuerdo con informaci\u00f3n preliminar, algunas zonas que podr\u00edan verse afectadas son Los H\u00e9roes, en el municipio de El Marqu\u00e9s; la zona de Alcanfores, en la capital del estado; y algunos puntos en San Juan del R\u00edo.<\/span><\/p>\n<p><span style=\"font-weight: 400;\">El gobernador enfatiz\u00f3 que a\u00fan no hay fechas definidas para el inicio de los trabajos y pidi\u00f3 que la informaci\u00f3n sobre avances sea emitida directamente por la federaci\u00f3n.<\/span><\/p>\n<p><span style=\"font-weight: 400;\">Kuri Gonz\u00e1lez reiter\u00f3 la colaboraci\u00f3n de su administraci\u00f3n con el gobierno federal para que el proyecto se ejecute con orden y transparencia.<\/span><\/p>\n<p><span style=\"font-weight: 400;\">\u201cLes pedimos que sea muy r\u00e1pido. Nosotros seguiremos colaborando y manteniendo la comunicaci\u00f3n abierta para que todo se haga con orden y con la ciudadan\u00eda informada\u201d, concluy\u00f3.<\/span><\/p>\n<\/div>\n<p><script>(function(d, s, id) {\n  var js, fjs = d.getElementsByTagName(s)[0];\n  if (d.getElementById(id)) return;\n  js = d.createElement(s); js.id = id;\n  js.src = \"\/\/connect.facebook.net\/es_LA\/sdk.js#xfbml=1&appId=546007945598485&version=v2.3\";\n  fjs.parentNode.insertBefore(js, fjs);\n}(document, 'script', 'facebook-jssdk'));<\/script><\/p>\n","protected":false},"excerpt":{"rendered":"<p>Nayeli Hern\u00e1ndez Noticias\u00a0 \u00a0 El gobernador del estado, Mauricio Kuri Gonz\u00e1lez, confirm\u00f3 que las obras del tren M\u00e9xico-Quer\u00e9taro implicar\u00e1n la reubicaci\u00f3n de personas que habitan cerca de las v\u00edas del tren, aunque precis\u00f3 que los detalles ser\u00e1n informados por la Agencia Reguladora del Transporte Ferroviario (ARTF). Explic\u00f3 que su gobierno mantiene comunicaci\u00f3n constante con las [&hellip;]<\/p>\n","protected":false},"author":2,"featured_media":52785,"comment_status":"","ping_status":"","sticky":false,"template":"","format":"standard","meta":{"_monsterinsights_skip_tracking":false,"_monsterinsights_sitenote_active":false,"_monsterinsights_sitenote_note":"","_monsterinsights_sitenote_category":0,"footnotes":""},"categories":[4],"tags":[],"class_list":["post-52784","post","type-post","status-publish","format-standard","has-post-thumbnail","hentry","category-queretaro"],"_links":{"self":[{"href":"https:\/\/informebajio.com.mx\/index.php?rest_route=\/wp\/v2\/posts\/52784","targetHints":{"allow":["GET"]}}],"collection":[{"href":"https:\/\/informebajio.com.mx\/index.php?rest_route=\/wp\/v2\/posts"}],"about":[{"href":"https:\/\/informebajio.com.mx\/index.php?rest_route=\/wp\/v2\/types\/post"}],"author":[{"embeddable":true,"href":"https:\/\/informebajio.com.mx\/index.php?rest_route=\/wp\/v2\/users\/2"}],"replies":[{"embeddable":true,"href":"https:\/\/informebajio.com.mx\/index.php?rest_route=%2Fwp%2Fv2%2Fcomments&post=52784"}],"version-history":[{"count":0,"href":"https:\/\/informebajio.com.mx\/index.php?rest_route=\/wp\/v2\/posts\/52784\/revisions"}],"wp:featuredmedia":[{"embeddable":true,"href":"https:\/\/informebajio.com.mx\/index.php?rest_route=\/wp\/v2\/media\/52785"}],"wp:attachment":[{"href":"https:\/\/informebajio.com.mx\/index.php?rest_route=%2Fwp%2Fv2%2Fmedia&parent=52784"}],"wp:term":[{"taxonomy":"category","embeddable":true,"href":"https:\/\/informebajio.com.mx\/index.php?rest_route=%2Fwp%2Fv2%2Fcategories&post=52784"},{"taxonomy":"post_tag","embeddable":true,"href":"https:\/\/informebajio.com.mx\/index.php?rest_route=%2Fwp%2Fv2%2Ftags&post=52784"}],"curies":[{"name":"wp","href":"https:\/\/api.w.org\/{rel}","templated":true}]}}