{"id":52825,"date":"2025-11-06T23:02:49","date_gmt":"2025-11-07T05:02:49","guid":{"rendered":"https:\/\/informebajio.com.mx\/?p=52825"},"modified":"2025-11-06T23:02:49","modified_gmt":"2025-11-07T05:02:49","slug":"estacion-del-tren-mexico-queretaro-podria-colapsar-zona-de-los-heroes","status":"publish","type":"post","link":"https:\/\/informebajio.com.mx\/?p=52825","title":{"rendered":"Estaci\u00f3n del tren M\u00e9xico-Quer\u00e9taro podr\u00eda colapsar zona de Los H\u00e9roes"},"content":{"rendered":"<div>\n<h2><span style=\"font-weight: 400;\">Necesario ampliar y rehabilitar vialidades clave.<\/span><\/h2>\n<p><span style=\"font-weight: 400;\">Nayeli Hern\u00e1ndez<\/span><\/p>\n<p><span style=\"font-weight: 400;\">Noticias<\/span><\/p>\n<p>\u00a0<\/p>\n<p><span style=\"font-weight: 400;\">Ante la pr\u00f3xima instalaci\u00f3n de la estaci\u00f3n principal del tren M\u00e9xico\u2013Quer\u00e9taro frente al fraccionamiento Los H\u00e9roes, el presidente municipal de El Marqu\u00e9s, Rodrigo Monsalvo Castel\u00e1n, urgi\u00f3 a que el proyecto federal llegue acompa\u00f1ado de obras complementarias de movilidad, pues la zona enfrenta ya un alto nivel de saturaci\u00f3n vehicular.<\/span><\/p>\n<p><span style=\"font-weight: 400;\">\u201cSe est\u00e1 viniendo a la zona m\u00e1s complicada en cuesti\u00f3n de movilidad que tenemos en el municipio. Hay que resolver aqu\u00ed el puente de la 200 con la 210 de entrada, hay que arreglar la parte enfrente de H\u00e9roes, porque como era el paso del tren, el cruce del tren, si se fijan es un cuello de botella, porque va de dos carriles a dos y ah\u00ed se hace de uno\u201d, explic\u00f3.<\/span><\/p>\n<p><span style=\"font-weight: 400;\">El edil detall\u00f3 que su administraci\u00f3n ha mantenido comunicaci\u00f3n con el gobierno federal y que ya se les confirm\u00f3 la ubicaci\u00f3n de la estaci\u00f3n, as\u00ed como la existencia de una bolsa econ\u00f3mica federal para la liberaci\u00f3n de predios; sin embargo, se\u00f1al\u00f3 que las vialidades estatales y federales que confluyen en el punto deber\u00e1n adecuarse para evitar un colapso vial.<\/span><\/p>\n<p><span style=\"font-weight: 400;\">\u201cEsperamos que venga con recurso, nosotros estamos en la mejor disposici\u00f3n de apoyar en lo posible, aunque son carreteras estatales y federales. Pero si no se arreglan estos cruces, va a generar mucho problema de movilidad\u201d, advirti\u00f3.<\/span><\/p>\n<p><span style=\"font-weight: 400;\">Entre los puntos cr\u00edticos a atender, Rodrigo Monsalvo mencion\u00f3 la carretera 200 a la altura de la comunidad de Navajas, as\u00ed como el cruce de Jes\u00fas Mar\u00eda y la carretera 210, que conecta con la autopista federal 57. Adem\u00e1s, destac\u00f3 la necesidad de mejorar el acceso a La Piedad, donde los congestionamientos se han vuelto cotidianos.<\/span><\/p>\n<p><span style=\"font-weight: 400;\">\u201cEstamos a punto de colapsar la carretera m\u00e1s importante del pa\u00eds en horarios pico de tr\u00e1fico. Ya llegamos a hacer cola para entrar a La Piedad, y si le subimos tantito m\u00e1s con la gente que quiera venir a la estaci\u00f3n del tren, pues vamos a colapsar esa carretera\u201d, expres\u00f3.<\/span><\/p>\n<p><span style=\"font-weight: 400;\">El alcalde inform\u00f3 que en las pr\u00f3ximas semanas sostendr\u00e1 una reuni\u00f3n espec\u00edfica con autoridades federales y estatales para definir los proyectos viales y los montos de inversi\u00f3n que se requerir\u00e1n para acompa\u00f1ar la obra ferroviaria.<\/span><\/p>\n<p><span style=\"font-weight: 400;\">Finalmente, el alcalde marquesino reiter\u00f3 que el municipio colaborar\u00e1 en todo lo necesario para facilitar el avance del tren, pero insisti\u00f3 en que sin intervenciones viales previas, la llegada de la estaci\u00f3n podr\u00eda agravar los problemas de tr\u00e1fico en la zona metropolitana.<\/span><\/p>\n<p>\u00a0<\/p>\n<\/div>\n<p><script>(function(d, s, id) {\n  var js, fjs = d.getElementsByTagName(s)[0];\n  if (d.getElementById(id)) return;\n  js = d.createElement(s); js.id = id;\n  js.src = \"\/\/connect.facebook.net\/es_LA\/sdk.js#xfbml=1&appId=546007945598485&version=v2.3\";\n  fjs.parentNode.insertBefore(js, fjs);\n}(document, 'script', 'facebook-jssdk'));<\/script><\/p>\n","protected":false},"excerpt":{"rendered":"<p>Necesario ampliar y rehabilitar vialidades clave. Nayeli Hern\u00e1ndez Noticias \u00a0 Ante la pr\u00f3xima instalaci\u00f3n de la estaci\u00f3n principal del tren M\u00e9xico\u2013Quer\u00e9taro frente al fraccionamiento Los H\u00e9roes, el presidente municipal de El Marqu\u00e9s, Rodrigo Monsalvo Castel\u00e1n, urgi\u00f3 a que el proyecto federal llegue acompa\u00f1ado de obras complementarias de movilidad, pues la zona enfrenta ya un alto [&hellip;]<\/p>\n","protected":false},"author":2,"featured_media":52826,"comment_status":"","ping_status":"","sticky":false,"template":"","format":"standard","meta":{"_monsterinsights_skip_tracking":false,"_monsterinsights_sitenote_active":false,"_monsterinsights_sitenote_note":"","_monsterinsights_sitenote_category":0,"footnotes":""},"categories":[4],"tags":[],"class_list":["post-52825","post","type-post","status-publish","format-standard","has-post-thumbnail","hentry","category-queretaro"],"_links":{"self":[{"href":"https:\/\/informebajio.com.mx\/index.php?rest_route=\/wp\/v2\/posts\/52825","targetHints":{"allow":["GET"]}}],"collection":[{"href":"https:\/\/informebajio.com.mx\/index.php?rest_route=\/wp\/v2\/posts"}],"about":[{"href":"https:\/\/informebajio.com.mx\/index.php?rest_route=\/wp\/v2\/types\/post"}],"author":[{"embeddable":true,"href":"https:\/\/informebajio.com.mx\/index.php?rest_route=\/wp\/v2\/users\/2"}],"replies":[{"embeddable":true,"href":"https:\/\/informebajio.com.mx\/index.php?rest_route=%2Fwp%2Fv2%2Fcomments&post=52825"}],"version-history":[{"count":0,"href":"https:\/\/informebajio.com.mx\/index.php?rest_route=\/wp\/v2\/posts\/52825\/revisions"}],"wp:featuredmedia":[{"embeddable":true,"href":"https:\/\/informebajio.com.mx\/index.php?rest_route=\/wp\/v2\/media\/52826"}],"wp:attachment":[{"href":"https:\/\/informebajio.com.mx\/index.php?rest_route=%2Fwp%2Fv2%2Fmedia&parent=52825"}],"wp:term":[{"taxonomy":"category","embeddable":true,"href":"https:\/\/informebajio.com.mx\/index.php?rest_route=%2Fwp%2Fv2%2Fcategories&post=52825"},{"taxonomy":"post_tag","embeddable":true,"href":"https:\/\/informebajio.com.mx\/index.php?rest_route=%2Fwp%2Fv2%2Ftags&post=52825"}],"curies":[{"name":"wp","href":"https:\/\/api.w.org\/{rel}","templated":true}]}}