{"id":52833,"date":"2025-11-07T04:03:16","date_gmt":"2025-11-07T10:03:16","guid":{"rendered":"https:\/\/informebajio.com.mx\/?p=52833"},"modified":"2025-11-07T04:03:16","modified_gmt":"2025-11-07T10:03:16","slug":"si-habra-boda","status":"publish","type":"post","link":"https:\/\/informebajio.com.mx\/?p=52833","title":{"rendered":"\u00a1S\u00ed habr\u00e1 boda!"},"content":{"rendered":"<div>\n<p><span style=\"font-weight: 400;\">Cristian Castro contin\u00faa dando de qu\u00e9 hablar durante su estancia en Argentina. Tras semanas de rumores y declaraciones contradictorias sobre su relaci\u00f3n con Mariela S\u00e1nchez, el int\u00e9rprete de Azul sorprendi\u00f3 al confirmar que s\u00ed habr\u00e1 boda y, adem\u00e1s, revel\u00f3 la fecha exacta en que se llevar\u00e1 a cabo el enlace. La noticia llega poco despu\u00e9s de que ambos negaran planes matrimoniales, lo que genera a\u00fan m\u00e1s expectaci\u00f3n entre sus seguidores.<\/span><\/p>\n<p>\u00a0<\/p>\n<p><span style=\"font-weight: 400;\">Durante una charla con medios locales, Cristian asegur\u00f3 que el casamiento est\u00e1 confirmado. \u201cEn realidad dijimos que era el 2 de febrero, \u00bfeh? Pero el 3 de diciembre tambi\u00e9n ten\u00eda raz\u00f3n porque es el cumplea\u00f1os de mi abuela. As\u00ed que est\u00e1bamos ah\u00ed dudando entre el 3 de diciembre y el 2 de febrero. S\u00ed, 2 de febrero\u201d, expres\u00f3 con su caracter\u00edstico sentido del humor.<\/span><\/p>\n<p>\u00a0<\/p>\n<p><span style=\"font-weight: 400;\">El cantante mexicano detall\u00f3 que la ceremonia se realizar\u00e1 en Argentina, pa\u00eds donde reside su prometida. \u201cVamos a hacer ac\u00e1, en la iglesita, la iglesita del pueblo de Mariela\u201d, dijo entre risas, mientras ella lo correg\u00eda asegurando que Carlos Paz no es un pueblo, sino una ciudad grande. \u201cBueno, bueno\u2026 es como que est\u00e1 un poquito afuera de la ciudad\u201d, agreg\u00f3 Cristian, provocando las carcajadas de los presentes.<\/span><\/p>\n<p>\u00a0<\/p>\n<p><span style=\"font-weight: 400;\">Adem\u00e1s, el artista cont\u00f3 que ambos se encuentran prepar\u00e1ndose de manera formal para la boda, incluso tomando el \u201ccursillo de novios\u201d, requisito tradicional para el magno evento. \u201cEstamos en onda religiosa, estamos aprendi\u00e9ndonos bien el credo. Est\u00e1 re dif\u00edcil\u201d, confes\u00f3 divertido. Con esta revelaci\u00f3n, Castro mostr\u00f3 su entusiasmo por esta nueva etapa en su vida sentimental.<\/span><\/p>\n<p>\u00a0<\/p>\n<p><span style=\"font-weight: 400;\">El solista tambi\u00e9n aprovech\u00f3 para bromear sobre su comportamiento como pareja. \u201cLa verdad que bien, haciendo buena letra con Mariela y tratando de cumplir como novio, aunque todos piensen que soy medio mal novio\u201d, dijo entre risas, evidenciando que su relaci\u00f3n atraviesa un momento estable y lleno de complicidad, pese a los rumores que hab\u00edan circulado semanas atr\u00e1s sobre una posible separaci\u00f3n.<\/span><\/p>\n<p>\u00a0<\/p>\n<p><span style=\"font-weight: 400;\">Cabe recordar que hace solo unas semanas la pareja hab\u00eda negado p\u00fablicamente que existieran planes de llegar al altar, luego de que surgieran versiones sobre un supuesto compromiso. En aquel momento, tanto Cristian como Mariela aseguraron que estaban enfocados en conocerse mejor. Sin embargo, las nuevas declaraciones parecen confirmar que la relaci\u00f3n avanza con paso firme y que ambos est\u00e1n listos para dar el siguiente paso.<\/span><\/p>\n<\/div>\n<p><script>(function(d, s, id) {\n  var js, fjs = d.getElementsByTagName(s)[0];\n  if (d.getElementById(id)) return;\n  js = d.createElement(s); js.id = id;\n  js.src = \"\/\/connect.facebook.net\/es_LA\/sdk.js#xfbml=1&appId=546007945598485&version=v2.3\";\n  fjs.parentNode.insertBefore(js, fjs);\n}(document, 'script', 'facebook-jssdk'));<\/script><\/p>\n","protected":false},"excerpt":{"rendered":"<p>Cristian Castro contin\u00faa dando de qu\u00e9 hablar durante su estancia en Argentina. Tras semanas de rumores y declaraciones contradictorias sobre su relaci\u00f3n con Mariela S\u00e1nchez, el int\u00e9rprete de Azul sorprendi\u00f3 al confirmar que s\u00ed habr\u00e1 boda y, adem\u00e1s, revel\u00f3 la fecha exacta en que se llevar\u00e1 a cabo el enlace. La noticia llega poco despu\u00e9s [&hellip;]<\/p>\n","protected":false},"author":2,"featured_media":52834,"comment_status":"","ping_status":"","sticky":false,"template":"","format":"standard","meta":{"_monsterinsights_skip_tracking":false,"_monsterinsights_sitenote_active":false,"_monsterinsights_sitenote_note":"","_monsterinsights_sitenote_category":0,"footnotes":""},"categories":[4],"tags":[],"class_list":["post-52833","post","type-post","status-publish","format-standard","has-post-thumbnail","hentry","category-queretaro"],"_links":{"self":[{"href":"https:\/\/informebajio.com.mx\/index.php?rest_route=\/wp\/v2\/posts\/52833","targetHints":{"allow":["GET"]}}],"collection":[{"href":"https:\/\/informebajio.com.mx\/index.php?rest_route=\/wp\/v2\/posts"}],"about":[{"href":"https:\/\/informebajio.com.mx\/index.php?rest_route=\/wp\/v2\/types\/post"}],"author":[{"embeddable":true,"href":"https:\/\/informebajio.com.mx\/index.php?rest_route=\/wp\/v2\/users\/2"}],"replies":[{"embeddable":true,"href":"https:\/\/informebajio.com.mx\/index.php?rest_route=%2Fwp%2Fv2%2Fcomments&post=52833"}],"version-history":[{"count":0,"href":"https:\/\/informebajio.com.mx\/index.php?rest_route=\/wp\/v2\/posts\/52833\/revisions"}],"wp:featuredmedia":[{"embeddable":true,"href":"https:\/\/informebajio.com.mx\/index.php?rest_route=\/wp\/v2\/media\/52834"}],"wp:attachment":[{"href":"https:\/\/informebajio.com.mx\/index.php?rest_route=%2Fwp%2Fv2%2Fmedia&parent=52833"}],"wp:term":[{"taxonomy":"category","embeddable":true,"href":"https:\/\/informebajio.com.mx\/index.php?rest_route=%2Fwp%2Fv2%2Fcategories&post=52833"},{"taxonomy":"post_tag","embeddable":true,"href":"https:\/\/informebajio.com.mx\/index.php?rest_route=%2Fwp%2Fv2%2Ftags&post=52833"}],"curies":[{"name":"wp","href":"https:\/\/api.w.org\/{rel}","templated":true}]}}