{"id":52986,"date":"2025-11-12T22:54:02","date_gmt":"2025-11-13T04:54:02","guid":{"rendered":"https:\/\/informebajio.com.mx\/?p=52986"},"modified":"2025-11-12T22:54:02","modified_gmt":"2025-11-13T04:54:02","slug":"ramirez-bedolla-el-gobernador-al-que-se-le-incendio-michoacan-en-un-mes","status":"publish","type":"post","link":"https:\/\/informebajio.com.mx\/?p=52986","title":{"rendered":"Ram\u00edrez Bedolla, el gobernador al que se le incendi\u00f3 Michoac\u00e1n en un mes"},"content":{"rendered":"<div data-dtm-region=\"articulo_cuerpo\">\n<p class=\"\">\u201cHan sido cuatro a\u00f1os trepidantes\u201d, dec\u00eda en octubre con una amplia sonrisa el gobernador de Michoac\u00e1n, Alfredo Ram\u00edrez Bedolla, sin saber que las cosas en su Estado cambiar\u00edan completamente en un mes, despu\u00e9s del asesinato de Bernardo Bravo, un l\u00edder limonero, y de Carlos Manzo, el alcalde independiente de Uruapan, quien fue ultimado a pesar de tener <a href=\"https:\/\/elpais.com\/mexico\/2025-11-04\/un-atentado-con-el-sello-del-cartel-jalisco-un-pistolero-suicida-y-un-gobernador-distraido-confluyen-como-pistas-del-crimen-contra-carlos-manzo.html\" target=\"_blank\" rel=\"noreferrer\" title=\"https:\/\/elpais.com\/mexico\/2025-11-04\/un-atentado-con-el-sello-del-cartel-jalisco-un-pistolero-suicida-y-un-gobernador-distraido-confluyen-como-pistas-del-crimen-contra-carlos-manzo.html\">protecci\u00f3n federal y estatal<\/a>. El pol\u00edtico morenista rebosaba optimismo en aquellos primeros d\u00edas del mes pasado, despu\u00e9s de presentar su cuarto informe de gobierno en medio de una vistosa campa\u00f1a de propaganda titulada \u201cHoy Michoac\u00e1n es mejor\u201d.<\/p>\n<p class=\"\">Entrevistado en la televisi\u00f3n p\u00fablica estatal, Ram\u00edrez Bedolla cantaba victoria por haber revertido la condici\u00f3n de \u201cestado fallido\u201d en la que recibi\u00f3 la Administraci\u00f3n de manos del exgobernador perredista Silvano Aureoles. \u201cMichoac\u00e1n ven\u00eda de un coctel de crisis: magisterial, financiera, de seguridad, ingobernabilidad, corrupci\u00f3n\u2026\u201d, dec\u00eda con triunfalismo. <\/p>\n<p class=\"\">El gobernador presum\u00eda una disminuci\u00f3n de 60% en homicidios dolosos, pues con Aureoles se comet\u00edan 270 al mes, y ahora \u201csolamente 95 o 100\u201d. Hablaba con soltura sobre inversiones, el final del conflicto magisterial, la reducci\u00f3n de la deuda y la construcci\u00f3n de escuelas y hospitales. Mostraba su orgullo por la construcci\u00f3n de los telef\u00e9ricos de Morelia y Uruapan, una obra de 3.000 millones de pesos que hab\u00eda copiado a lo que Claudia Sheinbaum hizo en Ciudad de M\u00e9xico.<\/p>\n<p class=\"\">Bast\u00f3 un mes para que la realidad se impusiera sobre la propaganda, con tres asesinatos sensibles que han convertido a Michoac\u00e1n en el foco rojo nacional y en un motivo de crisis para Sheinbaum, quien ha presentado <a href=\"https:\/\/elpais.com\/mexico\/2025-11-04\/claudia-sheinbaum-anuncia-la-intervencion-federal-en-michoacan-con-un-plan-de-paz-y-justicia.html\" target=\"_self\" rel=\"\" title=\"https:\/\/elpais.com\/mexico\/2025-11-04\/claudia-sheinbaum-anuncia-la-intervencion-federal-en-michoacan-con-un-plan-de-paz-y-justicia.html\">un ambicioso plan de seguridad y justicia<\/a>, que en los hechos es una intervenci\u00f3n federal semejante a las que intentaron los expresidentes Felipe Calder\u00f3n en 2007 y Enrique Pe\u00f1a Nieto en 2014. <\/p>\n<p class=\"\">El asesinato de <a href=\"https:\/\/elpais.com\/mexico\/2025-10-21\/los-ultimos-pasos-del-lider-agricultor-bernardo-bravo-manriquez-en-michoacan-antes-de-ser-asesinado.html\" target=\"_self\" rel=\"\" title=\"https:\/\/elpais.com\/mexico\/2025-10-21\/los-ultimos-pasos-del-lider-agricultor-bernardo-bravo-manriquez-en-michoacan-antes-de-ser-asesinado.html\">Bernardo Bravo<\/a>, ocurrido el 19 de octubre y el de <a href=\"https:\/\/elpais.com\/mexico\/2025-11-09\/la-vida-despues-de-carlos-manzo.html\" target=\"_self\" rel=\"\" title=\"https:\/\/elpais.com\/mexico\/2025-11-09\/la-vida-despues-de-carlos-manzo.html\">Carlos Manzo<\/a>, el 1 de noviembre, adem\u00e1s del de <a href=\"https:\/\/elpais.com\/mexico\/2025-11-02\/asesinado-el-sobrino-del-viejo-lider-autodefensa-hipolito-mora-en-michoacan.html\" target=\"_self\" rel=\"\" title=\"https:\/\/elpais.com\/mexico\/2025-11-02\/asesinado-el-sobrino-del-viejo-lider-autodefensa-hipolito-mora-en-michoacan.html\">Alejandro Torres Mora<\/a>, sobrino del viejo l\u00edder de autodefensas Hip\u00f3lito Mora, han dejado en claro que la extorsi\u00f3n y la violencia siguen presentes en Michoac\u00e1n.<\/p>\n<figure class=\"a_m a_m-h \"><span class=\"_db a_m_w _pr lb_btn\"><img decoding=\"auto\" class=\"_re lazyload a_m-h\" height=\"311\" srcset=\"https:\/\/imagenes.elpais.com\/resizer\/v2\/6HENQNDF4VBKVC5HRNZYB5HNUI.jpg?auth=f325734501f7465a9657740e5de02bffdb1192793943ec65d4f697bb3f3ce55c&amp;width=414 414w,https:\/\/imagenes.elpais.com\/resizer\/v2\/6HENQNDF4VBKVC5HRNZYB5HNUI.jpg?auth=f325734501f7465a9657740e5de02bffdb1192793943ec65d4f697bb3f3ce55c&amp;width=828 640w,https:\/\/imagenes.elpais.com\/resizer\/v2\/6HENQNDF4VBKVC5HRNZYB5HNUI.jpg?auth=f325734501f7465a9657740e5de02bffdb1192793943ec65d4f697bb3f3ce55c&amp;width=980 1000w,https:\/\/imagenes.elpais.com\/resizer\/v2\/6HENQNDF4VBKVC5HRNZYB5HNUI.jpg?auth=f325734501f7465a9657740e5de02bffdb1192793943ec65d4f697bb3f3ce55c&amp;width=1960 1960w\" width=\"414\" sizes=\"auto, (min-width:1199px) 1155px,(min-width:1001px) calc(100vw - 44px),(min-width:768px) 767px, 100vw\" src=\"https:\/\/imagenes.elpais.com\/resizer\/v2\/6HENQNDF4VBKVC5HRNZYB5HNUI.jpg?auth=f325734501f7465a9657740e5de02bffdb1192793943ec65d4f697bb3f3ce55c&amp;width=414\" loading=\"lazy\"\/><svg aria-hidden=\"true\" class=\"icon_multimedia_ampliar | _pa a_m_i a_m_i-a _dn\" viewbox=\"0 0 40 40\"><use xlink:href=\"#svg-ampliar\"\/><\/svg><\/span><figcaption class=\"a_m_p\" aria-hidden=\"true\"><span>Alfredo Ram\u00edrez Bedolla en el funeral de Carlos Manzo, en Uruapan, el 2 de noviembre.<\/span><span class=\"a_m_m\">@ARBedolla<\/span><\/figcaption><\/figure>\n<p class=\"\">Lo hab\u00eda advertido la oposici\u00f3n el 25 de septiembre, cuando Ram\u00edrez Bedolla compareci\u00f3 ante el Congreso estatal para presentar su informe y escuch\u00f3 al priista Guillermo Valencia Reyes advertirle: \u201clos municipios claman por protecci\u00f3n, seguridad y paz, y no hay que dejarlos solos. Hay una cifra tr\u00e1gica de alcaldes ejecutados en estos cuatro a\u00f1os\u201d.<\/p>\n<p class=\"\">Si algo ha ensombrecido la Administraci\u00f3n de Ram\u00edrez Bedolla es el asesinato de siete alcaldes: Enrique Vel\u00e1zquez, de Coatepec, y C\u00e9sar Arturo Valencia, de Aguililla, en 2022; Guillermo Torres, de Churumuco, y Yolanda S\u00e1nchez, de Cotija, en 2024; Salvador Bastida, de Tac\u00e1mbaro; Martha Laura Mendoza, de Tac\u00e1mbaro, y Carlos Manzo, de Uruapan, en 2025.<\/p>\n<p class=\"\">\u201cLa violencia persiste, la extorsi\u00f3n asfixia y el miedo es rutina (..) Esa es la realidad que no aparece en el informe\u201d, le espet\u00f3 la diputada panista Ana Vanesa Caratachea, en un Congreso donde Morena gobierna casi sin contrapesos.<\/p>\n<h3 class=\"\">\u201cEntiendo m\u00e1s sobre violencia de lo que creen\u201d<\/h3>\n<p class=\"\">Cuando era ni\u00f1o, Ram\u00edrez Bedolla fue v\u00edctima de la violencia que caracteriza a Michoac\u00e1n, uno de los estados mexicanos a los que la Revoluci\u00f3n no les hizo justicia. Con altos niveles de marginaci\u00f3n, fue el principal expulsor de migrantes en el siglo XX, tierra de caciques, de cultivo de enervantes y de rutas de narcotr\u00e1fico. En ese Michoac\u00e1n b\u00e1rbaro, a mediados de los a\u00f1os ochenta fue asesinado el padre del actual gobernador, quien era abogado y ganadero.<\/p>\n<p class=\"\">\u201cHace casi 40 a\u00f1os, en el mismo Uruapan, asesinaron a mi padre y mi madre valiente, que era dentista, nos sac\u00f3 adelante. Entiendo m\u00e1s de lo que creen la huella de la violencia y lo dif\u00edcil que es quedar hu\u00e9rfano a los diez a\u00f1os\u201d, narr\u00f3 \u00e9l mismo durante la presentaci\u00f3n del Plan Michoac\u00e1n, frente a la presidenta y el gabinete de seguridad, el pasado domingo.<\/p>\n<p class=\"\">Por eso, afirm\u00f3, el asesinato del alcalde de Uruapan, Carlos Manzo, lo llev\u00f3 a su pasado de violencia y orfandad, que miles de michoacanos comparten.<\/p>\n<p class=\"\">Ram\u00edrez Bedolla naci\u00f3 en 1976, en Morelia, y se form\u00f3 como abogado en la Universidad Michoacana de San Nicol\u00e1s. Atra\u00eddo por el tambi\u00e9n michoacano Cuauht\u00e9moc C\u00e1rdenas, inici\u00f3 su carrera pol\u00edtica en 1997, cuando el l\u00edder moral del PRD buscaba la jefatura de Gobierno del Distrito Federal, la capital del pa\u00eds. <\/p>\n<p class=\"\">Bedolla ocup\u00f3 cargos menores en el PRD capitalino hasta que, en 2001, lleg\u00f3 a una subdirecci\u00f3n en la Tesorer\u00eda, cuando Andr\u00e9s Manuel L\u00f3pez Obrador gan\u00f3 la jefatura de Gobierno e invit\u00f3 a Carlos Urz\u00faa a ser su secretario de Finanzas y a \u00d3scar Rosado, actual titular de la Condusef, como tesorero. <\/p>\n<figure class=\"a_m a_m-h \"><span class=\"_db a_m_w _pr lb_btn\"><img decoding=\"auto\" class=\"_re lazyload a_m-h\" height=\"276\" srcset=\"https:\/\/imagenes.elpais.com\/resizer\/v2\/FIG62WAEZVBFBMYB762ADDVYXE.jpg?auth=8c18b89f058e3201f773bcfbd4398bbcb4c376915f09865f49597b97361df85d&amp;width=414 414w,https:\/\/imagenes.elpais.com\/resizer\/v2\/FIG62WAEZVBFBMYB762ADDVYXE.jpg?auth=8c18b89f058e3201f773bcfbd4398bbcb4c376915f09865f49597b97361df85d&amp;width=828 640w,https:\/\/imagenes.elpais.com\/resizer\/v2\/FIG62WAEZVBFBMYB762ADDVYXE.jpg?auth=8c18b89f058e3201f773bcfbd4398bbcb4c376915f09865f49597b97361df85d&amp;width=980 1000w,https:\/\/imagenes.elpais.com\/resizer\/v2\/FIG62WAEZVBFBMYB762ADDVYXE.jpg?auth=8c18b89f058e3201f773bcfbd4398bbcb4c376915f09865f49597b97361df85d&amp;width=1960 1960w\" width=\"414\" sizes=\"auto, (min-width:1199px) 1155px,(min-width:1001px) calc(100vw - 44px),(min-width:768px) 767px, 100vw\" src=\"https:\/\/imagenes.elpais.com\/resizer\/v2\/FIG62WAEZVBFBMYB762ADDVYXE.jpg?auth=8c18b89f058e3201f773bcfbd4398bbcb4c376915f09865f49597b97361df85d&amp;width=414\" loading=\"lazy\"\/><svg aria-hidden=\"true\" class=\"icon_multimedia_ampliar | _pa a_m_i a_m_i-a _dn\" viewbox=\"0 0 40 40\"><use xlink:href=\"#svg-ampliar\"\/><\/svg><\/span><figcaption class=\"a_m_p\" aria-hidden=\"true\"><span>L\u00f3pez Obrador y Ram\u00edrez Bedolla en la presentaci\u00f3n del plan de Apoyo a Michoac\u00e1n, en Morelia, el 9 de octubre de 2021.<\/span><span class=\"a_m_m\">Presidencia (Cuartoscuro)<\/span><\/figcaption><\/figure>\n<p class=\"\">Su regreso a Michoac\u00e1n ocurri\u00f3 cinco a\u00f1os m\u00e1s tarde, en el \u00faltimo a\u00f1o del gobernador L\u00e1zaro C\u00e1rdenas Batel (2001-2007), el primog\u00e9nito de Cuauht\u00e9moc C\u00e1rdenas. El gobernador lo invit\u00f3 a la Secretar\u00eda de Desarrollo Econ\u00f3mico local, donde dos a\u00f1os despu\u00e9s, en el mandato de Leonel Godoy, tambi\u00e9n del PRD, se convirti\u00f3 en subsecretario para el desarrollo de micro y peque\u00f1as empresas. <\/p>\n<p class=\"\">En 2011, al final del Gobierno de Godoy y despu\u00e9s de que el PRI rompiera una racha de gobiernos de izquierdas con el triunfo de Fausto Vallejo, Bedolla fue nombrado presidente estatal del PRD. Meses m\u00e1s tarde renunci\u00f3 a la dirigencia y al partido y se uni\u00f3 en 2012 al Movimiento de Regeneraci\u00f3n Nacional, que entonces buscaba su registro como partido pol\u00edtico. Fue el responsable del proyecto econ\u00f3mico en el Estado. <\/p>\n<p class=\"\">Su lealtad a L\u00f3pez Obrador fue premiada en 2015, con la candidatura a la presidencia municipal de Morelia, la capital del Estado. Tras una campa\u00f1a testimonial, Ram\u00edrez Bedolla qued\u00f3 en octavo lugar, con apenas 11.000 votos. Fue derrotado por el expanista Alfonso Mart\u00ednez Alc\u00e1zar, quien compiti\u00f3 como independiente. El candidato del PRD en aquellos comicios era Ra\u00fal Mor\u00f3n, quien se ir\u00eda a Morena a\u00f1os despu\u00e9s. En esa elecci\u00f3n, el PRD regres\u00f3 a la gubernatura de la mano de Silvano Aureoles, pero sin la corriente de L\u00f3pez Obrador. <\/p>\n<h3 class=\"\">Candidato sustituto<\/h3>\n<p class=\"\">Ram\u00edrez Bedolla se convirti\u00f3 en diputado local en 2018, el a\u00f1o en que AMLO conquist\u00f3 la presidencia. En el Congreso local fue un severo cr\u00edtico del gobernador Aureoles, a quien acusaba de ser un pol\u00edtico en campa\u00f1a y no un gobernador en funciones. Denunci\u00f3 su fracaso en seguridad y la quiebra de las finanzas estatales. Present\u00f3 adem\u00e1s una controversia constitucional contra la aprobaci\u00f3n de una deuda que, seg\u00fan sus c\u00e1lculos, llegaba a casi 20.000 millones de pesos.<\/p>\n<p class=\"\">De cara al proceso electoral de 2021, Morena dej\u00f3 en manos de una encuesta la elecci\u00f3n de su candidato a gobernador en 2021. El experredista Ra\u00fal Mor\u00f3n gan\u00f3 con m\u00e1s de 50% de las preferencias, mientras que Ram\u00edrez Bedolla apenas logr\u00f3 el 22% y debi\u00f3 conformarse con una nueva candidatura a la presidencia municipal de Morelia.<\/p>\n<figure class=\"a_m a_m-h \"><span class=\"_db a_m_w _pr lb_btn\"><img decoding=\"auto\" class=\"_re lazyload a_m-h\" height=\"276\" srcset=\"https:\/\/imagenes.elpais.com\/resizer\/v2\/AMA5ZK6RAZFJHGT57754HUBXGY.jpg?auth=4d55909b946ad6bc765aec52302f8647f31f96d8dcfe79726c1a1e9a9fbb4f49&amp;width=414 414w,https:\/\/imagenes.elpais.com\/resizer\/v2\/AMA5ZK6RAZFJHGT57754HUBXGY.jpg?auth=4d55909b946ad6bc765aec52302f8647f31f96d8dcfe79726c1a1e9a9fbb4f49&amp;width=828 640w,https:\/\/imagenes.elpais.com\/resizer\/v2\/AMA5ZK6RAZFJHGT57754HUBXGY.jpg?auth=4d55909b946ad6bc765aec52302f8647f31f96d8dcfe79726c1a1e9a9fbb4f49&amp;width=980 1000w,https:\/\/imagenes.elpais.com\/resizer\/v2\/AMA5ZK6RAZFJHGT57754HUBXGY.jpg?auth=4d55909b946ad6bc765aec52302f8647f31f96d8dcfe79726c1a1e9a9fbb4f49&amp;width=1960 1960w\" width=\"414\" sizes=\"auto, (min-width:1199px) 1155px,(min-width:1001px) calc(100vw - 44px),(min-width:768px) 767px, 100vw\" src=\"https:\/\/imagenes.elpais.com\/resizer\/v2\/AMA5ZK6RAZFJHGT57754HUBXGY.jpg?auth=4d55909b946ad6bc765aec52302f8647f31f96d8dcfe79726c1a1e9a9fbb4f49&amp;width=414\" loading=\"lazy\"\/><svg aria-hidden=\"true\" class=\"icon_multimedia_ampliar | _pa a_m_i a_m_i-a _dn\" viewbox=\"0 0 40 40\"><use xlink:href=\"#svg-ampliar\"\/><\/svg><\/span><figcaption class=\"a_m_p\" aria-hidden=\"true\"><span>Alfredo Ram\u00edrez Bedolla en su registro como candidato a la gobernatura de Michoac\u00e1n, en Morelia, el 1 de mayo de 2021.<\/span><span class=\"a_m_m\">Juan Jos\u00e9 Estrada Seraf\u00edn (Cuartoscuro)<\/span><\/figcaption><\/figure>\n<p class=\"\">Mor\u00f3n, no obstante, viol\u00f3 las reglas de fiscalizaci\u00f3n. En marzo de 2021, el Instituto Nacional Electoral (INE) le cancel\u00f3 el registro como candidato y dio cinco d\u00edas a Morena para nombrar un sustituto. Este fue Ram\u00edrez Bedolla, quien s\u00f3lo tuvo un mes para hacer campa\u00f1a y,sin embargo, gan\u00f3 las elecciones del 6 de junio con una apretada ventaja de 50.000 votos y apenas 3% sobre su competidor Carlos Herrera Tello, el abanderado de la coalici\u00f3n PRD, PAN y PRI.<\/p>\n<p class=\"\">El triunfo de Ram\u00edrez Bedolla se vio opacado por la denuncia de la oposici\u00f3n, que llev\u00f3 hasta el Tribunal Electoral del Poder Judicial de la Federaci\u00f3n (TEPJF) una solicitud de nulidad de los comicios por la violencia generalizada y la intervenci\u00f3n del crimen organizado para beneficiar a Morena. El Tribunal confirm\u00f3 el triunfo del morenista, pero anul\u00f3 las casillas de cuatro municipios (M\u00fagica, Gabriel Zamora, La Huacana y Nuevo Urecho) admitiendo que hubo intervenci\u00f3n del crimen organizado, aunque no la consider\u00f3 determinante en el resultado.<\/p>\n<p class=\"\">El gobernador inici\u00f3 su periodo con esa m\u00e1cula, magnificada por la denuncia de los dirigentes de la oposici\u00f3n, que elevaron a la Organizaci\u00f3n de Estados Americanos la supuesta interferencia del narcotr\u00e1fico en las elecciones en los estados de Michoac\u00e1n y Sinaloa.<\/p>\n<p class=\"\">El morenista ha acumulado otros se\u00f1alamientos, como su parentesco con su t\u00eda Anabel Bedolla Mar\u00edn. \u00c9sta fue esposa de Adalberto Fructuoso Compar\u00e1n, un exalcalde perredista de Aguililla, que fue detenido en 2021 y extraditado a Estados Unidos acusado de ser parte de Los Viagra, uno de los grupos criminales que tienen presencia en la entidad.<\/p>\n<p class=\"\">Pese a todo, Ram\u00edrez Bedolla se convirti\u00f3 en uno de los gobernadores consentidos de L\u00f3pez Obrador y en un entusiasta promotor de la campa\u00f1a de Claudia Sheinbaum. Una an\u00e9cdota muestra su cercan\u00eda con la hoy presidenta: en enero de 2023, cuando la entonces jefa de Gobierno buscaba ser la abanderada presidencial de su partido, viaj\u00f3 a Morelia como parte de sus giras de promoci\u00f3n. Ese d\u00eda, <a href=\"https:\/\/elpais.com\/mexico\/2023-01-12\/una-de-las-victimas-de-la-linea-3-denuncia-al-metro-tras-el-choque-en-el-que-murio-una-persona.html\" target=\"_self\" rel=\"\" title=\"https:\/\/elpais.com\/mexico\/2023-01-12\/una-de-las-victimas-de-la-linea-3-denuncia-al-metro-tras-el-choque-en-el-que-murio-una-persona.html\">un tren del Metro choc\u00f3 en la L\u00ednea 3<\/a>, dejando una persona muerta y 106 heridas. Sheinbaum suspendi\u00f3 la visita y regres\u00f3 a toda prisa a la capital. Lo hizo a bordo de un helic\u00f3ptero facilitado por el gobernador michoacano.<\/p>\n<p class=\"\">La fortuna no le sonr\u00ede hoy a Ram\u00edrez Bedolla, quien fue echado a gritos del funeral de Carlos Manzo el 2 de noviembre, y a quien le ha surgido un movimiento social en su entidad que le reclama m\u00e1s atenci\u00f3n a la seguridad, combate al crimen organizado y poner fin a las extorsiones. El movimiento <a href=\"https:\/\/elpais.com\/mexico\/2025-11-03\/michoacan-exige-justicia-por-el-asesinato-de-carlos-manzo-en-imagenes.html\" target=\"_blank\" rel=\"noreferrer\" title=\"https:\/\/elpais.com\/mexico\/2025-11-03\/michoacan-exige-justicia-por-el-asesinato-de-carlos-manzo-en-imagenes.html\">toma las calles y los palacios municipales<\/a> y ha convertido el sombrero del exalcalde de Uruapan en un s\u00edmbolo de resistencia. En esa circunstancia es que ahora Claudia Sheinbaum sale en su auxilio.<\/p>\n<\/div>\n<p><\/p>\n","protected":false},"excerpt":{"rendered":"<p>\u201cHan sido cuatro a\u00f1os trepidantes\u201d, dec\u00eda en octubre con una amplia sonrisa el gobernador de Michoac\u00e1n, Alfredo Ram\u00edrez Bedolla, sin saber que las cosas en su Estado cambiar\u00edan completamente en un mes, despu\u00e9s del asesinato de Bernardo Bravo, un l\u00edder limonero, y de Carlos Manzo, el alcalde independiente de Uruapan, quien fue ultimado a pesar [&hellip;]<\/p>\n","protected":false},"author":2,"featured_media":52987,"comment_status":"","ping_status":"","sticky":false,"template":"","format":"standard","meta":{"_monsterinsights_skip_tracking":false,"_monsterinsights_sitenote_active":false,"_monsterinsights_sitenote_note":"","_monsterinsights_sitenote_category":0,"footnotes":""},"categories":[7],"tags":[],"class_list":["post-52986","post","type-post","status-publish","format-standard","has-post-thumbnail","hentry","category-michoacan"],"_links":{"self":[{"href":"https:\/\/informebajio.com.mx\/index.php?rest_route=\/wp\/v2\/posts\/52986","targetHints":{"allow":["GET"]}}],"collection":[{"href":"https:\/\/informebajio.com.mx\/index.php?rest_route=\/wp\/v2\/posts"}],"about":[{"href":"https:\/\/informebajio.com.mx\/index.php?rest_route=\/wp\/v2\/types\/post"}],"author":[{"embeddable":true,"href":"https:\/\/informebajio.com.mx\/index.php?rest_route=\/wp\/v2\/users\/2"}],"replies":[{"embeddable":true,"href":"https:\/\/informebajio.com.mx\/index.php?rest_route=%2Fwp%2Fv2%2Fcomments&post=52986"}],"version-history":[{"count":0,"href":"https:\/\/informebajio.com.mx\/index.php?rest_route=\/wp\/v2\/posts\/52986\/revisions"}],"wp:featuredmedia":[{"embeddable":true,"href":"https:\/\/informebajio.com.mx\/index.php?rest_route=\/wp\/v2\/media\/52987"}],"wp:attachment":[{"href":"https:\/\/informebajio.com.mx\/index.php?rest_route=%2Fwp%2Fv2%2Fmedia&parent=52986"}],"wp:term":[{"taxonomy":"category","embeddable":true,"href":"https:\/\/informebajio.com.mx\/index.php?rest_route=%2Fwp%2Fv2%2Fcategories&post=52986"},{"taxonomy":"post_tag","embeddable":true,"href":"https:\/\/informebajio.com.mx\/index.php?rest_route=%2Fwp%2Fv2%2Ftags&post=52986"}],"curies":[{"name":"wp","href":"https:\/\/api.w.org\/{rel}","templated":true}]}}