{"id":52996,"date":"2025-11-13T08:55:29","date_gmt":"2025-11-13T14:55:29","guid":{"rendered":"https:\/\/informebajio.com.mx\/?p=52996"},"modified":"2025-11-13T08:55:29","modified_gmt":"2025-11-13T14:55:29","slug":"que-le-falta-al-plan-michoacan-por-la-paz-y-la-justicia","status":"publish","type":"post","link":"https:\/\/informebajio.com.mx\/?p=52996","title":{"rendered":"\u00bfQu\u00e9 le falta al Plan Michoac\u00e1n por la Paz y la Justicia?"},"content":{"rendered":"<div data-dtm-region=\"articulo_cuerpo\">\n<p class=\"\">La paz, como dice la Presidenta Claudia Sheinbaum, no se impone con las armas, sino que se construye en comunidad; y en M\u00e9xico muchas comunidades llevan veinte a\u00f1os viviendo las consecuencias de <a href=\"https:\/\/elpais.com\/mexico\/2025-11-09\/la-vida-despues-de-carlos-manzo.html\" target=\"_self\" rel=\"\" title=\"https:\/\/elpais.com\/mexico\/2025-11-09\/la-vida-despues-de-carlos-manzo.html\">la violencia extrema <\/a>que han dejado los conflictos armados con los diversos carteles. <\/p>\n<p class=\"\">Alcanzar la paz implica reducir de manera significativa la violencia; al tiempo que se gestionan los impactos sociales que han dejado los conflictos armados en las comunidades. <a href=\"https:\/\/elpais.com\/mexico\/2025-11-10\/la-ofensiva-de-sheinbaum-en-el-estado-de-michoacan-deja-cinco-detenidos-vinculados-al-cartel-de-jalisco-en-tres-dias.html\" target=\"_self\" rel=\"\" title=\"https:\/\/elpais.com\/mexico\/2025-11-10\/la-ofensiva-de-sheinbaum-en-el-estado-de-michoacan-deja-cinco-detenidos-vinculados-al-cartel-de-jalisco-en-tres-dias.html\">El Plan anunciado por el Gobierno Federal<\/a> refiere diversas acciones sobre seguridad, justicia, empleo, educaci\u00f3n, etc. pero le faltan propuestas de pol\u00edticas p\u00fablicas orientadas a la reparaci\u00f3n del da\u00f1o, la no repetici\u00f3n de las violencias y la reconciliaci\u00f3n social. <\/p>\n<p class=\"\">Ac\u00e1 diez propuestas al respecto:<\/p>\n<p class=\"\">1. Dise\u00f1ar un programa urgente de atenci\u00f3n y cuidado a infancias y juventudes que han estado expuestas a los conflictos armados a fin de romper c\u00edrculos de violencia y que puedan tener acceso a una vida plena y pac\u00edfica, dirigido particularmente a ni\u00f1os, ni\u00f1as y adolescentes:<\/p>\n<p class=\"\">\u2014Que forman parte de grupos delictivos como <a href=\"https:\/\/elpais.com\/mexico\/2025-09-21\/reclutados-por-el-cartel-en-el-rancho-la-vega-me-ofrecieron-trabajo-por-facebook-pero-luego-me-dijeron-que-seria-sicario-o-me-descuartizaban.html\" target=\"_self\" rel=\"\" title=\"https:\/\/elpais.com\/mexico\/2025-09-21\/reclutados-por-el-cartel-en-el-rancho-la-vega-me-ofrecieron-trabajo-por-facebook-pero-luego-me-dijeron-que-seria-sicario-o-me-descuartizaban.html\">v\u00edctimas de reclutamiento forzado<\/a>.<\/p>\n<p class=\"\">\u2014Que han quedado hu\u00e9rfanos porque sus padres fueron parte de las fuerzas de seguridad, integrantes de grupos criminales o v\u00edctimas del conflicto.<\/p>\n<p class=\"\">\u2014Que tienen a su padre o madre en prisi\u00f3n.<\/p>\n<p class=\"\">2. Atender la salud emocional de las v\u00edctimas directas e indirectas de los conflictos armados. Ello deber\u00e1 priorizar los impactos a la salud mental de personas que vivieron tortura, desaparici\u00f3n forzada, reclutamiento forzado, orfandad, desplazamiento forzado y violencias sexuales.<\/p>\n<p class=\"\">3. Prevenir y atender el desplazamiento forzado consecuencia de la violencia y presencia de organizaciones armadas. <\/p>\n<p class=\"\">4. Atender los efectos de la degradaci\u00f3n ambiental de sembrad\u00edos y talas ilegales.<\/p>\n<p class=\"\">5. Detener la venganza por medio de procesos restaurativos entre v\u00edctimas y victimarios, y fortalecer la reparaci\u00f3n colectiva, particularmente en territorios o comunidades que estuvieron o est\u00e1n expuestos a la violencia a gran escala.<\/p>\n<p class=\"\">6. Generar un Plan de Desmovilizaci\u00f3n Criminal y Desarme que surja del an\u00e1lisis de contexto de los diferentes grupos, estructuras, motivaciones y objetivos, con el fin de desarticularlos y prevenir su continuidad.<\/p>\n<p class=\"\">7. Priorizar el encarcelamiento de <a href=\"https:\/\/elpais.com\/mexico\/2025-11-08\/michoacan-es-uno-de-los-estados-mas-letales-para-los-alcaldes-a-pesar-de-las-intervenciones-federales.html\" target=\"_self\" rel=\"\" title=\"https:\/\/elpais.com\/mexico\/2025-11-08\/michoacan-es-uno-de-los-estados-mas-letales-para-los-alcaldes-a-pesar-de-las-intervenciones-federales.html\">los delincuentes de alto impacto <\/a>y la desmovilizaci\u00f3n masiva de los delincuentes de bajo impacto. La prioridad de la acci\u00f3n penal deber\u00e1 estar dirigida a delitos relacionados con la libertad y la integridad personal y\/o la vida en todas sus modalidades.<\/p>\n<p class=\"\">8. Dise\u00f1ar e implementar un Sistema Nacional de Desmovilizaci\u00f3n e Integraci\u00f3n que, de manera transversal, diferenciada y a nivel local, promueva la integraci\u00f3n econ\u00f3mica y social de campesinos, productores, vendedores y distribuidores de narcomenudeo que no est\u00e9n vinculados a delitos de alto impacto. Particularmente, <a href=\"https:\/\/elpais.com\/mexico\/2025-11-06\/las-soluciones-al-campo-propuestas-por-agricultura-se-enfocan-en-tres-estados-y-dejan-fuera-al-resto.html\" target=\"_self\" rel=\"\" title=\"https:\/\/elpais.com\/mexico\/2025-11-06\/las-soluciones-al-campo-propuestas-por-agricultura-se-enfocan-en-tres-estados-y-dejan-fuera-al-resto.html\">los campesinos que son extorsionados para sembrar drogas<\/a>, o los j\u00f3venes que son usados por el crimen organizado como mensajeros, tambi\u00e9n llamados \u201cantenas o halcones\u201d. <\/p>\n<p class=\"\">9. Dise\u00f1ar e implementar un Sistema Nacional de Reinserci\u00f3n que aborde la integraci\u00f3n econ\u00f3mica y social de personas que salen de prisi\u00f3n con el fin de evitar la reincidencia y romper c\u00edrculos de violencia en sus familias y comunidades.<\/p>\n<p class=\"\">10. Fomentar una cultura de paz basada en gesti\u00f3n de emociones y manejo de conflictos. En este sentido, se debe superar la idea de que las ferias de libro, o los talleres de arte generan paz por s\u00ed mismos. La cultura para la paz se trata de usar las expresiones art\u00edsticas como herramientas para implementar procesos comunitarios sostenidos, con pedagog\u00edas y metodolog\u00edas especializadas que tengan como objetivos la modificaci\u00f3n de conductas violentas, y la reconciliaci\u00f3n social.<\/p>\n<p class=\"\">La construcci\u00f3n de paz requiere mucho m\u00e1s que acciones aisladas o \u201catender las causas\u201d de manera generalizada. El cese de la violencia cruza necesariamente por cuidar, sanar y reconciliar a comunidades enteras. Eso implica pol\u00edticas p\u00fablicas diferenciadas, especializadas y sostenidas, capacitaci\u00f3n, presupuesto y desde luego voluntad pol\u00edtica. Ni Michoac\u00e1n, ni el resto del pa\u00eds podemos esperar m\u00e1s.<\/p>\n<aside class=\"a_np\">\n<p><strong>Paola Zavala Saeb<\/strong> es abogada, crimin\u00f3loga y activista. Fundadora de los Laboratorios para la Paz del Centro Cultural Universitario Tlatelolco de la UNAM y de OCUPA, Organizaci\u00f3n Comunitaria para la Paz, A.C.<\/p>\n<\/aside>\n<\/div>\n<p><\/p>\n","protected":false},"excerpt":{"rendered":"<p>La paz, como dice la Presidenta Claudia Sheinbaum, no se impone con las armas, sino que se construye en comunidad; y en M\u00e9xico muchas comunidades llevan veinte a\u00f1os viviendo las consecuencias de la violencia extrema que han dejado los conflictos armados con los diversos carteles. Alcanzar la paz implica reducir de manera significativa la violencia; [&hellip;]<\/p>\n","protected":false},"author":2,"featured_media":52997,"comment_status":"","ping_status":"","sticky":false,"template":"","format":"standard","meta":{"_monsterinsights_skip_tracking":false,"_monsterinsights_sitenote_active":false,"_monsterinsights_sitenote_note":"","_monsterinsights_sitenote_category":0,"footnotes":""},"categories":[7],"tags":[],"class_list":["post-52996","post","type-post","status-publish","format-standard","has-post-thumbnail","hentry","category-michoacan"],"_links":{"self":[{"href":"https:\/\/informebajio.com.mx\/index.php?rest_route=\/wp\/v2\/posts\/52996","targetHints":{"allow":["GET"]}}],"collection":[{"href":"https:\/\/informebajio.com.mx\/index.php?rest_route=\/wp\/v2\/posts"}],"about":[{"href":"https:\/\/informebajio.com.mx\/index.php?rest_route=\/wp\/v2\/types\/post"}],"author":[{"embeddable":true,"href":"https:\/\/informebajio.com.mx\/index.php?rest_route=\/wp\/v2\/users\/2"}],"replies":[{"embeddable":true,"href":"https:\/\/informebajio.com.mx\/index.php?rest_route=%2Fwp%2Fv2%2Fcomments&post=52996"}],"version-history":[{"count":0,"href":"https:\/\/informebajio.com.mx\/index.php?rest_route=\/wp\/v2\/posts\/52996\/revisions"}],"wp:featuredmedia":[{"embeddable":true,"href":"https:\/\/informebajio.com.mx\/index.php?rest_route=\/wp\/v2\/media\/52997"}],"wp:attachment":[{"href":"https:\/\/informebajio.com.mx\/index.php?rest_route=%2Fwp%2Fv2%2Fmedia&parent=52996"}],"wp:term":[{"taxonomy":"category","embeddable":true,"href":"https:\/\/informebajio.com.mx\/index.php?rest_route=%2Fwp%2Fv2%2Fcategories&post=52996"},{"taxonomy":"post_tag","embeddable":true,"href":"https:\/\/informebajio.com.mx\/index.php?rest_route=%2Fwp%2Fv2%2Ftags&post=52996"}],"curies":[{"name":"wp","href":"https:\/\/api.w.org\/{rel}","templated":true}]}}