{"id":53006,"date":"2025-11-13T18:57:08","date_gmt":"2025-11-14T00:57:08","guid":{"rendered":"https:\/\/informebajio.com.mx\/?p=53006"},"modified":"2025-11-13T18:57:08","modified_gmt":"2025-11-14T00:57:08","slug":"la-vida-despues-de-carlos-manzo","status":"publish","type":"post","link":"https:\/\/informebajio.com.mx\/?p=53006","title":{"rendered":"La vida despu\u00e9s de Carlos Manzo"},"content":{"rendered":"<div data-dtm-region=\"articulo_cuerpo\">\n<p class=\"\">Un arma de gran calibre, un rifle de francotirador, con su b\u00edpode y una mira telesc\u00f3pica, la ristra de proyectiles colgando de ese animal de muerte&#8230; <a href=\"https:\/\/elpais.com\/mexico\/2025-11-04\/los-dos-dias-de-furia-en-michoacan-manzo-no-murio-lo-mato-el-estado.html#?rel=mas\" target=\"_self\" rel=\"\" title=\"https:\/\/elpais.com\/mexico\/2025-11-04\/los-dos-dias-de-furia-en-michoacan-manzo-no-murio-lo-mato-el-estado.html#?rel=mas\">Carlos Manzo<\/a> lo toma como si fuera la pata de un caballo herido, contrariado, las manos en el corvej\u00f3n y la cuartilla: una imagen extra\u00f1a. El texto que acompa\u00f1a aclara que el armatoste es, en realidad, un fusil de juguete. Un ni\u00f1o lo ha entregado a cambio de un carrito. \u201cTodos los d\u00edas vamos a estar haciendo el canje de estos juguetes por otros, que son m\u00e1s bonitos para convivir en armon\u00eda\u201d, sigue el texto. Impresiona la escena, Manzo con su caracter\u00edstico sombrero, imagen de su naciente movimiento pol\u00edtico, su guayabera blanca y el morral de algod\u00f3n, el reverso amable de una de sus cruzadas, la lucha contra la delincuencia. <\/p>\n<p class=\"\">Publicada en su cuenta de Facebook, la foto en cuesti\u00f3n se tom\u00f3 en Uruapan, en el Estado de Michoac\u00e1n, en enero de 2023. Manzo era entonces diputado federal, posici\u00f3n que hab\u00eda alcanzado un par de a\u00f1os antes, de la mano de Morena. El pol\u00edtico acababa de inaugurar en el municipio la \u201cGuardia Comunitaria del Sombrero\u201d, su casa de enlace con los habitantes del distrito, alrededor de 350.000. Ah\u00ed mont\u00f3 consultorios, una farmacia y luego la convirti\u00f3 en pista de despegue para su campa\u00f1a a la presidencia municipal, elecci\u00f3n que ganar\u00eda un a\u00f1o y medio m\u00e1s tarde. Pero en enero de 2023, Manzo posaba all\u00ed con varias armas de juguete, algunas parecidas a una pistola nueve mil\u00edmetros real, <a href=\"https:\/\/elpais.com\/mexico\/2025-11-06\/las-autoridades-de-michoacan-identifican-al-asesino-de-carlos-manzo-como-victor-manuel-un-adolescente-de-17-anos-originario-de-paracho.html\" target=\"_self\" rel=\"\" title=\"https:\/\/elpais.com\/mexico\/2025-11-06\/las-autoridades-de-michoacan-identifican-al-asesino-de-carlos-manzo-como-victor-manuel-un-adolescente-de-17-anos-originario-de-paracho.html\">el arma que us\u00f3 su asesino<\/a>, hace ahora una semana, cuando lo atac\u00f3 a balazos en el centro del municipio. <\/p>\n<p class=\"\"><a href=\"https:\/\/elpais.com\/mexico\/2025-11-02\/asesinado-carlos-manzo-el-alcalde-de-uruapan-en-michoacan-en-medio-de-una-celebracion-por-el-dia-de-muertos.html\" target=\"_self\" rel=\"\" title=\"https:\/\/elpais.com\/mexico\/2025-11-02\/asesinado-carlos-manzo-el-alcalde-de-uruapan-en-michoacan-en-medio-de-una-celebracion-por-el-dia-de-muertos.html\">Siete proyectiles acabaron con la vida de Manzo<\/a>, que muri\u00f3 en medio de una verbena por las celebraciones del D\u00eda de Muertos en su Uruapan natal, con la plaza del pueblo llena de catrinas y rancheros. El ataque qued\u00f3 recogido en v\u00eddeo porque mucha gente grababa c\u00f3mo los vecinos encend\u00edan velas, debajo de una catrina gigante. Desde el primer momento, s\u00e1bado por la noche, el enojo escal\u00f3 y escal\u00f3, entre marchas y protestas, en Uruapan y Morelia, la capital estatal, un hartazgo contra la violencia criminal, que prend\u00eda como anta\u00f1o lo hicieron otras masacres y dem\u00e1s eventos violentos, caso de la matanza de integrantes de las familias LeBar\u00f3n-Langford-Miller, en Sonora, en 2019, o antes, salvando las distancias, la desaparici\u00f3n de 43 estudiantes normalistas en Guerrero, en 2014. <\/p>\n<aside class=\"a_ei\">\n<header class=\"a_ei_h _db\">M\u00c1S INFORMACI\u00d3N<\/header>\n<\/aside>\n<p class=\"\">Tras los titubeos iniciales, el Gobierno federal, que dirige Claudia Sheinbaum, convoc\u00f3 al Gabinete de Seguridad, de manera extraordinaria, el domingo, reuni\u00f3n que sirvi\u00f3 para dar una imagen de urgencia. Michoac\u00e1n se estaba convirtiendo en un problema. El atentado contra Manzo ocurr\u00eda apenas una semana despu\u00e9s del <a href=\"https:\/\/elpais.com\/mexico\/2025-10-20\/asesinan-al-empresario-y-productor-de-limones-bernardo-bravo-en-michoacan.html\" target=\"_self\" rel=\"\" title=\"https:\/\/elpais.com\/mexico\/2025-10-20\/asesinan-al-empresario-y-productor-de-limones-bernardo-bravo-en-michoacan.html\">asesinato de Bernardo Bravo<\/a>, l\u00edder de los productores de lim\u00f3n de la regi\u00f3n aleda\u00f1a a Uruapan. Si en t\u00e9rminos pol\u00edticos, el caso de Bravo supon\u00eda un severo toque de atenci\u00f3n, el ataque contra Manzo obligaba a cambiar de velocidad. El Ejecutivo llevaba meses presumiendo reducciones en delitos de alto impacto, pero aquello volaba por los aires cualquier tabla estad\u00edstica.<\/p>\n<figure class=\"a_m a_m-h \"><span class=\"_db a_m_w _pr lb_btn\"><img decoding=\"auto\" class=\"_re lazyload a_m-h\" height=\"233\" srcset=\"https:\/\/imagenes.elpais.com\/resizer\/v2\/KGHEEXBC2RECRCZE5UDKLCFT5I.jpg?auth=8abab769b623569b113829f58c6b20fae61caa1c810fa21b56274c6f71da50fe&amp;width=414 414w,https:\/\/imagenes.elpais.com\/resizer\/v2\/KGHEEXBC2RECRCZE5UDKLCFT5I.jpg?auth=8abab769b623569b113829f58c6b20fae61caa1c810fa21b56274c6f71da50fe&amp;width=828 640w,https:\/\/imagenes.elpais.com\/resizer\/v2\/KGHEEXBC2RECRCZE5UDKLCFT5I.jpg?auth=8abab769b623569b113829f58c6b20fae61caa1c810fa21b56274c6f71da50fe&amp;width=980 1000w,https:\/\/imagenes.elpais.com\/resizer\/v2\/KGHEEXBC2RECRCZE5UDKLCFT5I.jpg?auth=8abab769b623569b113829f58c6b20fae61caa1c810fa21b56274c6f71da50fe&amp;width=1960 1960w\" width=\"414\" sizes=\"auto, (min-width:1199px) 1155px,(min-width:1001px) calc(100vw - 44px),(min-width:768px) 767px, 100vw\" src=\"https:\/\/imagenes.elpais.com\/resizer\/v2\/KGHEEXBC2RECRCZE5UDKLCFT5I.jpg?auth=8abab769b623569b113829f58c6b20fae61caa1c810fa21b56274c6f71da50fe&amp;width=414\" loading=\"lazy\"\/><svg aria-hidden=\"true\" class=\"icon_multimedia_ampliar | _pa a_m_i a_m_i-a _dn\" viewbox=\"0 0 40 40\"><use xlink:href=\"#svg-ampliar\"\/><\/svg><\/span><figcaption class=\"a_m_p\" aria-hidden=\"true\"><span>Carlos Manzo patrullando en Uruapan, en julio de 2025.<br \/>\n<\/span><span class=\"a_m_m\">Juan Jos\u00e9 Estrada Seraf\u00edn<\/span><\/figcaption><\/figure>\n<p class=\"\">Durante los primeros meses de mandato de Sheinbaum, criminales <a href=\"https:\/\/elpais.com\/mexico\/2024-10-08\/el-macabro-asesinato-del-alcalde-de-chilpancingo-abre-un-nuevo-frente-en-la-crisis-de-violencia-en-mexico.html\" target=\"_self\" rel=\"\" title=\"https:\/\/elpais.com\/mexico\/2024-10-08\/el-macabro-asesinato-del-alcalde-de-chilpancingo-abre-un-nuevo-frente-en-la-crisis-de-violencia-en-mexico.html\">hab\u00edan matado ya a un pu\u00f1ado de alcaldes<\/a>, pero Manzo era especial. Era un pol\u00edtico muy popular, alejado ya de Morena, que hab\u00eda hecho campa\u00f1a criticando la tibieza de sus antecesores contra el crimen; un hombre que hab\u00eda combatido la corrupci\u00f3n en la polic\u00eda local y contaba ahora con una corporaci\u00f3n presentable; un funcionario que se pon\u00eda chaleco antibalas para ir a patrullar y luego presum\u00eda las detenciones en sus redes, fuera un ladr\u00f3n de motos o el l\u00edder local del grupo criminal predominante en la zona, el Cartel Jalisco Nueva Generaci\u00f3n (CJNG). Si lo de Bravo hab\u00eda torcido los gestos, el ataque contra Manzo prend\u00eda las antorchas. <\/p>\n<p class=\"\">La l\u00f3gica reactiva del Gobierno no ayudaba. El Gabinete de Seguridad conoc\u00eda los problemas de Michoac\u00e1n desde el principio. De hecho, <a href=\"https:\/\/t.co\/jkXna80Fwk\" target=\"_blank\" rel=\"\" title=\"https:\/\/t.co\/jkXna80Fwk\">en su estrategia para los primeros 100 d\u00edas en el poder<\/a>, figuraba la atenci\u00f3n al Estado, en particular a la zona limonera, en que trabajaba Bravo, donde existe un problema muy grave de extorsi\u00f3n. En estos 13 meses de mandato, el Gobierno ha detenido a alg\u00fan que otro extorsionador, plaga nacional, ha mostrado su preocupaci\u00f3n por el uso de drones con explosivos y minas antipersona en los campos de la zona, ha hecho operativos aqu\u00ed y all\u00e1, como uno de la Marina en mayo, <a href=\"https:\/\/elpais.com\/mexico\/2025-05-17\/abatidos-12-integrantes-del-cartel-jalisco-en-una-operacion-de-la-marina-en-michoacan.html\" target=\"_self\" rel=\"\" title=\"https:\/\/elpais.com\/mexico\/2025-05-17\/abatidos-12-integrantes-del-cartel-jalisco-en-una-operacion-de-la-marina-en-michoacan.html\">que acab\u00f3 con 12 criminales abatidos<\/a>, supuestamente en combate. Pero el problema persist\u00eda. <\/p>\n<p class=\"\">No es que fuera f\u00e1cil contenerlo. Michoac\u00e1n ha sido un polvor\u00edn desde hace m\u00e1s de 20 a\u00f1os, campo de pruebas de los sucesivos Gobiernos en materia de seguridad. La connivencia de pol\u00edticos y criminales y las detenciones y muertes de viejos capos han desembocado en un presente, en que m\u00e1s de una docena de bandas delictivas, que conviven en alianzas cambiantes, pelean por extorsionar al rico panorama agr\u00edcola local. Porque el lim\u00f3n es solo una parcela, <a href=\"https:\/\/elpais.com\/mexico\/actualidad\/2023-11-11\/aguacates-y-trafico-de-armas-la-combinacion-criminal-que-asfixia-a-michoacan.html#?rel=mas\" target=\"_self\" rel=\"\" title=\"https:\/\/elpais.com\/mexico\/actualidad\/2023-11-11\/aguacates-y-trafico-de-armas-la-combinacion-criminal-que-asfixia-a-michoacan.html#?rel=mas\">luego est\u00e1 el aguacate<\/a>, cultivo con base en Uruapan y alrededores, que exporta m\u00e1s de 3.000 millones de d\u00f3lares al a\u00f1o a Estados Unidos. Se a\u00f1ade a la ecuaci\u00f3n, adem\u00e1s, la producci\u00f3n y el consumo de drogas, especialmente la metanfetamina, hilo conductor delictivo en la regi\u00f3n.<\/p>\n<p class=\"\">Abatido por los escoltas del alcalde segundos despu\u00e9s del atentado, el asesino de Carlos Manzo ha resultado ser un muchacho de 17 a\u00f1os, originario de Paracho, algo al norte de Uruapan. Seg\u00fan ha dicho el fiscal del Estado, el joven, V\u00edctor Ubaldo, era adicto a la metanfetamina y se hab\u00eda ido de casa una semana antes del ataque. En im\u00e1genes del muchacho que ha repartido la dependencia, se ve un rostro ani\u00f1ado, los p\u00e1rpados ligeramente bajos, las facciones suaves. No mucho tiempo atr\u00e1s, V\u00edctor Ubaldo podr\u00eda haber sido uno de los ni\u00f1os que acudi\u00f3 a la casa de campa\u00f1a de Manzo, en enero de 2023, a cambiar sus armas de juguete por carros o balones de f\u00fatbol. Ahora es un cad\u00e1ver m\u00e1s, v\u00edctima y victimario, pieza menor del engranaje violento que atenaza a M\u00e9xico. <\/p>\n<p class=\"\">En entrevistas que ha dado a finales de esta semana, el fiscal de Michoac\u00e1n, Carlos Torres, ha aclarado que el sicario era parte de la estructura del CJNG. Es una explicaci\u00f3n que no dice demasiado. Por un lado, EL PA\u00cdS y otros medios ya hab\u00edan informado d\u00edas atr\u00e1s de ese asunto. Por otro, \u00bfde qu\u00e9 sirve hacer una afirmaci\u00f3n as\u00ed, carente de toda profundidad, sin aportar nada m\u00e1s? Porque ahora mismo, nadie en todo el pa\u00eds sabe c\u00f3mo capt\u00f3 el CJNG a V\u00edctor Ubaldo; nadie sabe c\u00f3mo se hizo adicto a la metanfetamina; nadie sabe qu\u00e9 peripecias vitales le llevaron a tomar la decisi\u00f3n que tom\u00f3. La explicaci\u00f3n del fiscal transita el camino de tantas otras en estos a\u00f1os de masacres en el pa\u00eds, los datos como baldosas en el vac\u00edo, conceptos como CJNG y adicci\u00f3n a la metanfetamina, como rutas a una pretendida tranquilidad. <\/p>\n<p class=\"\">Los detalles de la identidad del asesino se han ido conociendo mientras la viuda de Carlos Manzo juraba su cargo como nueva alcaldesa de Uruapan, previa visita a Claudia Sheinbaum, en Palacio Nacional. <a href=\"https:\/\/elpais.com\/mexico\/2025-11-05\/grecia-quiroz-voy-a-seguir-los-pasos-de-carlos-manzo-les-voy-a-dejar-un-uruapan-un-michoacan-y-un-mexico-que-el-hubiese-querido.html\" target=\"_self\" rel=\"\" title=\"https:\/\/elpais.com\/mexico\/2025-11-05\/grecia-quiroz-voy-a-seguir-los-pasos-de-carlos-manzo-les-voy-a-dejar-un-uruapan-un-michoacan-y-un-mexico-que-el-hubiese-querido.html\">Grecia Quiroz inauguraba as\u00ed la vida<\/a> sin su marido, el padre de sus hijos, el \u00faltimo, un beb\u00e9 de apenas 14 meses. Su camino parec\u00eda marcado desde el domingo, d\u00eda posterior al atentado, cuando la mujer le puso el micr\u00f3fono a la herida en la plaza del municipio, en el homenaje al alcalde asesinado. Entre sollozos, grit\u00f3: \u201cFue el \u00fanico que se atrevi\u00f3 a levantar la voz, a hablar con la verdad, sin temor a nada\u201d. M\u00e1s que aplausos, la concurrencia construy\u00f3 un gru\u00f1ido grave. Si Quiroz hubiera ordenado marchar hasta Ciudad de M\u00e9xico, pocos habr\u00edan dudado. <\/p>\n<figure class=\"a_m a_m-h \"><span class=\"_db a_m_w _pr lb_btn\"><img decoding=\"auto\" class=\"_re lazyload a_m-h\" height=\"276\" srcset=\"https:\/\/imagenes.elpais.com\/resizer\/v2\/UZOXBITL55IXBMAVQ2SUGXCQEQ.jpg?auth=85d9b494115d952354815b6f34b1a3ff0aa2c5c1c019eac45d041f95ca3dc751&amp;width=414 414w,https:\/\/imagenes.elpais.com\/resizer\/v2\/UZOXBITL55IXBMAVQ2SUGXCQEQ.jpg?auth=85d9b494115d952354815b6f34b1a3ff0aa2c5c1c019eac45d041f95ca3dc751&amp;width=828 640w,https:\/\/imagenes.elpais.com\/resizer\/v2\/UZOXBITL55IXBMAVQ2SUGXCQEQ.jpg?auth=85d9b494115d952354815b6f34b1a3ff0aa2c5c1c019eac45d041f95ca3dc751&amp;width=980 1000w,https:\/\/imagenes.elpais.com\/resizer\/v2\/UZOXBITL55IXBMAVQ2SUGXCQEQ.jpg?auth=85d9b494115d952354815b6f34b1a3ff0aa2c5c1c019eac45d041f95ca3dc751&amp;width=1960 1960w\" width=\"414\" sizes=\"auto, (min-width:1199px) 1155px,(min-width:1001px) calc(100vw - 44px),(min-width:768px) 767px, 100vw\" src=\"https:\/\/imagenes.elpais.com\/resizer\/v2\/UZOXBITL55IXBMAVQ2SUGXCQEQ.jpg?auth=85d9b494115d952354815b6f34b1a3ff0aa2c5c1c019eac45d041f95ca3dc751&amp;width=414\" loading=\"lazy\"\/><svg aria-hidden=\"true\" class=\"icon_multimedia_ampliar | _pa a_m_i a_m_i-a _dn\" viewbox=\"0 0 40 40\"><use xlink:href=\"#svg-ampliar\"\/><\/svg><\/span><figcaption class=\"a_m_p\" aria-hidden=\"true\"><span>Funeral de Manzo Uruap\u00e1n, el 2 de noviembre.<\/span><span class=\"a_m_m\">Eduardo Verdugo (AP)<\/span><\/figcaption><\/figure>\n<p class=\"\">En Palacio Nacional, acci\u00f3n y cautela se han alternado estos d\u00edas con miradas al pasado. Las condolencias del principio dieron paso a las cr\u00edticas a gobiernos pret\u00e9ritos, de signo contrario, causantes, a su juicio, de la violencia presente. Luego, el Ejecutivo se ha sacado de la manga <a href=\"https:\/\/elpais.com\/mexico\/2025-11-04\/claudia-sheinbaum-anuncia-la-intervencion-federal-en-michoacan-con-un-plan-de-paz-y-justicia.html\" target=\"_self\" rel=\"\" title=\"https:\/\/elpais.com\/mexico\/2025-11-04\/claudia-sheinbaum-anuncia-la-intervencion-federal-en-michoacan-con-un-plan-de-paz-y-justicia.html\">un nuevo plan de intervenci\u00f3n federal para pacificar Michoac\u00e1n<\/a>, idea que, ir\u00f3nicamente, han tenido tambi\u00e9n los presidentes criticados. Desde luego, Sheinbaum defiende el alma humanista del suyo, diferente a los otros, ha dicho, ninguno tan detestado en el imaginario de Morena como el desembarco castrense de Felipe Calder\u00f3n (2006-2012), en sus primeros d\u00edas de mandato, cuando apenas se ajustaba la banda presidencial.<\/p>\n<p class=\"\">El que peor parado parece ahora mismo es el gobernador del Estado, Alfredo Ram\u00edrez Bedolla, tambi\u00e9n de Morena. El Ejecutivo central lo mira con recelo, inquieto y molesto con su falta de atenci\u00f3n al problema de la inseguridad. En estos d\u00edas, Bedolla, que lleva cuatro a\u00f1os en el cargo, no ha insistido demasiado en defenderse. Parec\u00eda afectado, el mandatario, con el asesinato de Manzo. No en vano, uno y otro compartieron campa\u00f1a, all\u00e1 por 2021, trabajo que acab\u00f3 con el primero en el Palacio de Gobierno de Morelia. Terciado ya su mandato, en medio de las protestas de esta semana, manifestantes lograron adue\u00f1arse del inmueble. Sus salones se llenaron de gente gritando, lanzando los muebles por la ventana.<\/p>\n<\/div>\n<p><\/p>\n","protected":false},"excerpt":{"rendered":"<p>Un arma de gran calibre, un rifle de francotirador, con su b\u00edpode y una mira telesc\u00f3pica, la ristra de proyectiles colgando de ese animal de muerte&#8230; Carlos Manzo lo toma como si fuera la pata de un caballo herido, contrariado, las manos en el corvej\u00f3n y la cuartilla: una imagen extra\u00f1a. El texto que acompa\u00f1a [&hellip;]<\/p>\n","protected":false},"author":2,"featured_media":53007,"comment_status":"","ping_status":"","sticky":false,"template":"","format":"standard","meta":{"_monsterinsights_skip_tracking":false,"_monsterinsights_sitenote_active":false,"_monsterinsights_sitenote_note":"","_monsterinsights_sitenote_category":0,"footnotes":""},"categories":[7],"tags":[],"class_list":["post-53006","post","type-post","status-publish","format-standard","has-post-thumbnail","hentry","category-michoacan"],"_links":{"self":[{"href":"https:\/\/informebajio.com.mx\/index.php?rest_route=\/wp\/v2\/posts\/53006","targetHints":{"allow":["GET"]}}],"collection":[{"href":"https:\/\/informebajio.com.mx\/index.php?rest_route=\/wp\/v2\/posts"}],"about":[{"href":"https:\/\/informebajio.com.mx\/index.php?rest_route=\/wp\/v2\/types\/post"}],"author":[{"embeddable":true,"href":"https:\/\/informebajio.com.mx\/index.php?rest_route=\/wp\/v2\/users\/2"}],"replies":[{"embeddable":true,"href":"https:\/\/informebajio.com.mx\/index.php?rest_route=%2Fwp%2Fv2%2Fcomments&post=53006"}],"version-history":[{"count":0,"href":"https:\/\/informebajio.com.mx\/index.php?rest_route=\/wp\/v2\/posts\/53006\/revisions"}],"wp:featuredmedia":[{"embeddable":true,"href":"https:\/\/informebajio.com.mx\/index.php?rest_route=\/wp\/v2\/media\/53007"}],"wp:attachment":[{"href":"https:\/\/informebajio.com.mx\/index.php?rest_route=%2Fwp%2Fv2%2Fmedia&parent=53006"}],"wp:term":[{"taxonomy":"category","embeddable":true,"href":"https:\/\/informebajio.com.mx\/index.php?rest_route=%2Fwp%2Fv2%2Fcategories&post=53006"},{"taxonomy":"post_tag","embeddable":true,"href":"https:\/\/informebajio.com.mx\/index.php?rest_route=%2Fwp%2Fv2%2Ftags&post=53006"}],"curies":[{"name":"wp","href":"https:\/\/api.w.org\/{rel}","templated":true}]}}