{"id":53025,"date":"2025-11-14T15:00:49","date_gmt":"2025-11-14T21:00:49","guid":{"rendered":"https:\/\/informebajio.com.mx\/?p=53025"},"modified":"2025-11-14T15:00:49","modified_gmt":"2025-11-14T21:00:49","slug":"felipe-calderon-cuando-yo-sali-se-dejo-que-los-criminales-volvieran-a-crecer-y-se-apoderaron-del-estado","status":"publish","type":"post","link":"https:\/\/informebajio.com.mx\/?p=53025","title":{"rendered":"Felipe Calder\u00f3n: \u201cCuando yo sal\u00ed, se dej\u00f3 que los criminales volvieran a crecer y se apoderaron del Estado\u201d"},"content":{"rendered":"<div data-dtm-region=\"articulo_cuerpo\">\n<p class=\"\">En plena crisis de seguridad en M\u00e9xico, agravada por los asesinatos que han conmocionado a Michoac\u00e1n en las \u00faltimas semanas, el expresidente Felipe Calder\u00f3n ha a\u00f1adido m\u00e1s le\u00f1a al fuego del descontento social. Desde el foro ABECEB realizado en Buenos Aires este fin de semana, Calder\u00f3n ha defendido su lucha contra el crimen organizado y ha se\u00f1alado que desde su salida del poder, los gobiernos han abandonado al pa\u00eds a los narcotraficantes, <a href=\"https:\/\/elpais.com\/mexico\/2025-11-09\/sheinbaum-presenta-la-ofensiva-del-estado-para-michoacan-la-seguridad-y-la-paz-son-frutos-de-la-justicia-no-traicionaremos-la-confianza-del-pueblo.html\" target=\"_self\" rel=\"\" title=\"https:\/\/elpais.com\/mexico\/2025-11-09\/sheinbaum-presenta-la-ofensiva-del-estado-para-michoacan-la-seguridad-y-la-paz-son-frutos-de-la-justicia-no-traicionaremos-la-confianza-del-pueblo.html\">dejando a Estados enteros como Michoac\u00e1n a su merced<\/a>. \u201cCuando yo sal\u00ed, se dej\u00f3 que los criminales volvieran a crecer y se apoderaron del Estado\u201d, ha se\u00f1alado y ha a\u00f1adido que la delincuencia ha tomado el control de varios pa\u00edses de la regi\u00f3n. \u201cEs un problema grav\u00edsimo para Am\u00e9rica Latina, el m\u00e1s grave de M\u00e9xico, el m\u00e1s grave de muchos pa\u00edses y no estamos teniendo la certeza, la cordura ni el esp\u00edritu de Estado para superarlo\u201d, ha sentenciado.<\/p>\n<p class=\"\">Calder\u00f3n, que estuvo al mando de M\u00e9xico bajo la bandera del PAN entre 2006 y 2012 y que ahora vive en Espa\u00f1a, <a href=\"https:\/\/elpais.com\/mexico\/2023-10-06\/el-expresidente-felipe-calderon-pide-a-estados-unidos-vigilar-las-elecciones-de-2024.html\" target=\"_self\" rel=\"\" title=\"https:\/\/elpais.com\/mexico\/2023-10-06\/el-expresidente-felipe-calderon-pide-a-estados-unidos-vigilar-las-elecciones-de-2024.html\">ha vuelto a cargar contra la estrategia de seguridad del Gobierno de Morena<\/a>. Durante su intervenci\u00f3n en el foro, ha criticado que el \u00fanico poder que resist\u00eda la corrupci\u00f3n de las administraciones y se enfrentaba al r\u00e9gimen del terror de los grupos armados eran los jueces antes de ser sustituidos por la <a href=\"https:\/\/elpais.com\/mexico\/2025-06-01\/reforma-judicial-que-sigue-tras-las-elecciones-de-jueces-magistrados-y-ministros-del-1-de-junio.html\" target=\"_self\" rel=\"\" title=\"https:\/\/elpais.com\/mexico\/2025-06-01\/reforma-judicial-que-sigue-tras-las-elecciones-de-jueces-magistrados-y-ministros-del-1-de-junio.html\">reforma judicial<\/a> impulsada por Andr\u00e9s Manuel L\u00f3pez Obrador y consumada por su sucesora, Claudia Sheinbaum. \u201c[Ahora] son planillas autorizadas por el partido que gobierna, puros militantes simpatizantes de Morena, donde hay de todo. Hay gente capaz y la gran mayor\u00eda gente sin preparaci\u00f3n, algunos corruptos e incluso abogados de narcotraficantes lograron ser jueces\u201d, ha indicado el expresidente.<\/p>\n<aside class=\"a_ei\">\n<header class=\"a_ei_h _db\">M\u00e1s informaci\u00f3n<\/header>\n<\/aside>\n<p class=\"\">En su discurso ha subrayado que la inseguridad derivada del narcotr\u00e1fico es una crisis general que aqueja a Am\u00e9rica Latina. \u201cEl problema para m\u00ed no es la droga en s\u00ed misma, no es el consumo, obviamente es una variable fundamental del problema. El problema es que las bandas criminales en Am\u00e9rica Latina se est\u00e1n apoderando del Estado y est\u00e1n reemplazando o pretendiendo reemplazar funciones del Estado claves que eran monop\u00f3licas\u201d, ha asegurado en referencia a la funci\u00f3n legislativa, la judicial y la fiscal en M\u00e9xico. <\/p>\n<p class=\"\">En la lucha de los carteles por controlar no solo las rutas, sino amplias extensiones de territorio para otros negocios como el dominio sobre los comercios, el Estado <a href=\"https:\/\/elpais.com\/mexico\/2025-11-06\/oro-armas-y-carteles-la-batalla-por-una-mina-mexicana-de-mil-millones-de-dolares.html\" target=\"_self\" rel=\"\" title=\"https:\/\/elpais.com\/mexico\/2025-11-06\/oro-armas-y-carteles-la-batalla-por-una-mina-mexicana-de-mil-millones-de-dolares.html\">perdi\u00f3 el control de la red de sobornos a funcionarios mexicanos <\/a>implicados en el crimen, seg\u00fan Calder\u00f3n. \u201cNecesitamos hacer un estado mucho m\u00e1s capaz, mucho m\u00e1s confiable, mucho m\u00e1s eficaz. Fiscales, jueces, polic\u00edas, mucho m\u00e1s eficaces para este nuevo flagelo de Am\u00e9rica Latina\u201d, ha urgido.<\/p>\n<p class=\"\">El expresidente tambi\u00e9n ha hecho referencia al desamparo que vive el Estado de Michoac\u00e1n ante <a href=\"https:\/\/elpais.com\/mexico\/2025-07-08\/extorsion-la-nueva-cruzada-del-gobierno-contra-un-delito-que-se-ha-metido-en-la-piel-de-mexico.html\" target=\"_self\" rel=\"\" title=\"https:\/\/elpais.com\/mexico\/2025-07-08\/extorsion-la-nueva-cruzada-del-gobierno-contra-un-delito-que-se-ha-metido-en-la-piel-de-mexico.html\">la extorsi\u00f3n<\/a>, que considera que tendr\u00eda que ser una de las mayores preocupaciones de los gobiernos. \u201cEl criminal que ya domine esa esquina le pide a la trabajadora sexual, le pide al comerciante ambulante, al migrante, le pide cuota. Ahora, cuando se deja que ese negocio criminal avance y capture al Estado completo, las v\u00edctimas de un negocio ilegal no pueden pedir la protecci\u00f3n del Estado. Nadie la puede pedir porque los criminales son el Estado. Esa es la tragedia que en Michoac\u00e1n est\u00e1 pasando\u201d, ha asegurado sobre las cuotas que se les cobran a los productores agr\u00edcolas del Estado.<\/p>\n<p class=\"\">\u201cYo lanc\u00e9 efectivamente una ofensiva contra el crimen organizado para expulsar a las organizaciones criminales del Estado. Lo logramos en buena medida a pesar del sabotaje de los gobiernos locales\u201d, ha recordado. Sin embargo, culpa a sus sucesores del abandono de esa pol\u00edtica y de la consecuente crisis de seguridad que deriv\u00f3 de ello, poniendo como ejemplo a Michoac\u00e1n. \u201cEl l\u00edder de los limoneros, que lo extorsiona el crimen organizado, organiz\u00f3 y pidi\u00f3 la protecci\u00f3n del Estado. El gobierno entonces no lo apoy\u00f3 y lo mataron. <a href=\"https:\/\/elpais.com\/mexico\/2025-10-20\/asesinan-al-empresario-y-productor-de-limones-bernardo-bravo-en-michoacan.html\" target=\"_self\" rel=\"\" title=\"https:\/\/elpais.com\/mexico\/2025-10-20\/asesinan-al-empresario-y-productor-de-limones-bernardo-bravo-en-michoacan.html\">11 a\u00f1os despu\u00e9s, su hijo hizo lo mismo<\/a>. Y hace 15 d\u00edas lo mataron tambi\u00e9n. <a href=\"https:\/\/elpais.com\/mexico\/2025-11-09\/la-vida-despues-de-carlos-manzo.html\" target=\"_blank\" rel=\"noreferrer\" title=\"https:\/\/elpais.com\/mexico\/2025-11-09\/la-vida-despues-de-carlos-manzo.html\">Y el s\u00e1bado el alcalde<\/a>\u201d, ha enumerado sobre los \u00faltimos homicidios en el campo agr\u00edcola michoacano. \u201cMi advertencia es esta: la mayor amenaza de nuestros pueblos es el crimen organizado y tenemos que recomponer con una verdadera pol\u00edtica de Estado, llevar a otras dimensiones nuestras instituciones de seguridad y justicia que puedan enfrentar este mal\u201d, ha zanjado. <\/p>\n<\/div>\n<p><\/p>\n","protected":false},"excerpt":{"rendered":"<p>En plena crisis de seguridad en M\u00e9xico, agravada por los asesinatos que han conmocionado a Michoac\u00e1n en las \u00faltimas semanas, el expresidente Felipe Calder\u00f3n ha a\u00f1adido m\u00e1s le\u00f1a al fuego del descontento social. Desde el foro ABECEB realizado en Buenos Aires este fin de semana, Calder\u00f3n ha defendido su lucha contra el crimen organizado y [&hellip;]<\/p>\n","protected":false},"author":2,"featured_media":53026,"comment_status":"","ping_status":"","sticky":false,"template":"","format":"standard","meta":{"_monsterinsights_skip_tracking":false,"_monsterinsights_sitenote_active":false,"_monsterinsights_sitenote_note":"","_monsterinsights_sitenote_category":0,"footnotes":""},"categories":[7],"tags":[],"class_list":["post-53025","post","type-post","status-publish","format-standard","has-post-thumbnail","hentry","category-michoacan"],"_links":{"self":[{"href":"https:\/\/informebajio.com.mx\/index.php?rest_route=\/wp\/v2\/posts\/53025","targetHints":{"allow":["GET"]}}],"collection":[{"href":"https:\/\/informebajio.com.mx\/index.php?rest_route=\/wp\/v2\/posts"}],"about":[{"href":"https:\/\/informebajio.com.mx\/index.php?rest_route=\/wp\/v2\/types\/post"}],"author":[{"embeddable":true,"href":"https:\/\/informebajio.com.mx\/index.php?rest_route=\/wp\/v2\/users\/2"}],"replies":[{"embeddable":true,"href":"https:\/\/informebajio.com.mx\/index.php?rest_route=%2Fwp%2Fv2%2Fcomments&post=53025"}],"version-history":[{"count":0,"href":"https:\/\/informebajio.com.mx\/index.php?rest_route=\/wp\/v2\/posts\/53025\/revisions"}],"wp:featuredmedia":[{"embeddable":true,"href":"https:\/\/informebajio.com.mx\/index.php?rest_route=\/wp\/v2\/media\/53026"}],"wp:attachment":[{"href":"https:\/\/informebajio.com.mx\/index.php?rest_route=%2Fwp%2Fv2%2Fmedia&parent=53025"}],"wp:term":[{"taxonomy":"category","embeddable":true,"href":"https:\/\/informebajio.com.mx\/index.php?rest_route=%2Fwp%2Fv2%2Fcategories&post=53025"},{"taxonomy":"post_tag","embeddable":true,"href":"https:\/\/informebajio.com.mx\/index.php?rest_route=%2Fwp%2Fv2%2Ftags&post=53025"}],"curies":[{"name":"wp","href":"https:\/\/api.w.org\/{rel}","templated":true}]}}