{"id":53049,"date":"2025-11-15T21:02:32","date_gmt":"2025-11-16T03:02:32","guid":{"rendered":"https:\/\/informebajio.com.mx\/?p=53049"},"modified":"2025-11-15T21:02:32","modified_gmt":"2025-11-16T03:02:32","slug":"por-que-la-ejecucion-de-manzo-hizo-crisis","status":"publish","type":"post","link":"https:\/\/informebajio.com.mx\/?p=53049","title":{"rendered":"Por qu\u00e9 la ejecuci\u00f3n de Manzo hizo crisis"},"content":{"rendered":"<div data-dtm-region=\"articulo_cuerpo\">\n<p class=\"\">Para Claudia Sheinbaum Michoac\u00e1n es especial. En su juventud, Cher\u00e1n fue clave. En su campa\u00f1a, ah\u00ed honr\u00f3 al tata L\u00e1zaro. Y en los ochenta el ejemplo del ingeniero C\u00e1rdenas impuls\u00f3 su activismo. Ahora, el <a href=\"https:\/\/elpais.com\/mexico\/2025-11-04\/los-dos-dias-de-furia-en-michoacan-manzo-no-murio-lo-mato-el-estado.html\" target=\"_self\" rel=\"\" title=\"https:\/\/elpais.com\/mexico\/2025-11-04\/los-dos-dias-de-furia-en-michoacan-manzo-no-murio-lo-mato-el-estado.html\">Estado de Ocampo es el epicentro de su primera gran crisis<\/a>. <\/p>\n<p class=\"\">La presidenta de M\u00e9xico decidi\u00f3 que una de sus bazas fuera la estrategia de lucha anticrimen. L\u00f3gicamente, en la campa\u00f1a presum\u00eda la baja de los \u00edndices delincuenciales en la Ciudad de M\u00e9xico. <a href=\"https:\/\/elpais.com\/mexico\/2025-07-14\/sheinbaum-profundiza-la-lucha-contra-la-violencia-en-busca-de-un-sello-propio.html\" target=\"_self\" rel=\"\" title=\"https:\/\/elpais.com\/mexico\/2025-07-14\/sheinbaum-profundiza-la-lucha-contra-la-violencia-en-busca-de-un-sello-propio.html\">Prometi\u00f3 lograr lo mismo a nivel pa\u00eds<\/a>. <\/p>\n<p class=\"\">En el arranque del sexenio, mes a mes las estad\u00edsticas de la dupla Sheinbaum-Omar Garc\u00eda Harfuch abonaron la narrativa sobre un nuevo modelo de combate a la criminalidad con resultados inmediatos. Todo ca\u00eda como plomada en el agua. Todo, <a href=\"https:\/\/elpais.com\/mexico\/2025-07-08\/extorsion-la-nueva-cruzada-del-gobierno-contra-un-delito-que-se-ha-metido-en-la-piel-de-mexico.html\" target=\"_self\" rel=\"\" title=\"https:\/\/elpais.com\/mexico\/2025-07-08\/extorsion-la-nueva-cruzada-del-gobierno-contra-un-delito-que-se-ha-metido-en-la-piel-de-mexico.html\">menos la extorsi\u00f3n<\/a>. <\/p>\n<p class=\"\">Hay que ser justos y decir que Sheinbaum tiene raz\u00f3n en que la violencia tiene ra\u00edces muy a\u00f1ejas, que no empez\u00f3 con L\u00f3pez Obrador y menos en 2024. Y hay que decirle enhorabuena porque ella clausur\u00f3 el sonsonete de tolerancia que tuvo su predecesor con los criminales.<\/p>\n<p class=\"\">Lo que la presidenta no pudo prever es que su inicial discurso de \u00e9xito estad\u00edstico en seguridad se har\u00eda a\u00f1icos por el asesinato de lo m\u00e1s parecido a un s\u00edmbolo. Como cient\u00edfica viene de un mundo donde los datos suelen desde\u00f1ar al relato, y \u00e9ste se cobra caro ese desd\u00e9n. <\/p>\n<p class=\"\">En pol\u00edtica, no todo asesinado es igual. A toda v\u00edctima mortal se debe trato digno y procuraci\u00f3n de justicia; algunas demandan mucho m\u00e1s. Es como si unas crecieran rumbo al pante\u00f3n. \u00c9sta escap\u00f3 a la mortaja de estad\u00edsticas optimistas y reencarna como reclamo social. <\/p>\n<p class=\"\"><a href=\"https:\/\/elpais.com\/mexico\/2025-11-04\/un-atentado-con-el-sello-del-cartel-jalisco-un-pistolero-suicida-y-un-gobernador-distraido-confluyen-como-pistas-del-crimen-contra-carlos-manzo.html\" target=\"_self\" rel=\"\" title=\"https:\/\/elpais.com\/mexico\/2025-11-04\/un-atentado-con-el-sello-del-cartel-jalisco-un-pistolero-suicida-y-un-gobernador-distraido-confluyen-como-pistas-del-crimen-contra-carlos-manzo.html\">Carlos Manzo, presidente de Uruapan asesinado el s\u00e1bado<\/a> en medio de su gente, a\u00fan tiene algo que decirle a M\u00e9xico. Su voz no se calla desde que las balas le mataron. Su sombrero se ha vuelto instant\u00e1neo s\u00edmbolo de un m\u00e1rtir. Lejos de apagarse, su reclamo resuena.<\/p>\n<p class=\"\">Tal vitalidad no es solo porque Uruapan es famoso municipio; tampoco obedece a que su viuda ha relanzado el clamor de seguridad <a href=\"https:\/\/elpais.com\/mexico\/2025-11-04\/grecia-quiroz-viuda-de-carlos-manzo-llama-a-la-manifestacion-pacifica-en-uruapan.html\" target=\"_self\" rel=\"\" title=\"https:\/\/elpais.com\/mexico\/2025-11-04\/grecia-quiroz-viuda-de-carlos-manzo-llama-a-la-manifestacion-pacifica-en-uruapan.html\">que su marido profer\u00eda<\/a>; ni a que Manzo ten\u00eda una personalidad recia, palabras llanas, valent\u00eda probada y un compromiso con su pueblo. <\/p>\n<p class=\"\">Sumado a lo anterior, esa muerte le hizo crisis a Sheinbaum porque lo que el alcalde asesinado dec\u00eda \u2014combinaci\u00f3n de reclamo de justicia y de hartazgo sin pelos en la lengua\u2014 es lo que muchos piensan, en Michoac\u00e1n y fuera de la tierra de Morelos: que acaso vive el que se somete, el que pacta; que el rebelde ser\u00e1 silenciado. <\/p>\n<p class=\"\">La conmoci\u00f3n es producto de la impotencia. Si matan al que se atrevi\u00f3 a decir que al modelo claudista le sobra autosuficiencia ma\u00f1anera y le falta di\u00e1logo con sociedad y v\u00edctimas, qu\u00e9 ha de ser de quienes bajan la cabeza en la esperanza de que Palacio gane la guerra.<\/p>\n<p class=\"\">Los videos de Manzo cargando a su hijo minutos antes de desangrarse catalizan la frustraci\u00f3n de a\u00f1os y sexenios. El hartazgo ciudadano ya estaba a punto de ebullici\u00f3n tras la muerte d\u00edas atr\u00e1s del <a href=\"https:\/\/elpais.com\/mexico\/2025-10-20\/asesinan-al-empresario-y-productor-de-limones-bernardo-bravo-en-michoacan.html\" target=\"_self\" rel=\"\" title=\"https:\/\/elpais.com\/mexico\/2025-10-20\/asesinan-al-empresario-y-productor-de-limones-bernardo-bravo-en-michoacan.html\">limonero michoacano<\/a>. Otra v\u00edctima que demandaba menos cerraz\u00f3n.<\/p>\n<p class=\"\">Una de dos, Claudia Sheinbaum tiene hoy una crisis porque su equipo no le dice la verdad, y\/o porque ella no acepta compartir con la sociedad los funestos reportes que le pasan sus colaboradores. <\/p>\n<p class=\"\">La presidenta no recibi\u00f3 al alcalde Carlos Manzo porque no pod\u00eda prometerle apertura o soluci\u00f3n; no le abri\u00f3 las puertas porque luego c\u00f3mo iba a decirle al pueblo que hab\u00eda escuchado noticias de una realidad distinta a la que ella promueve en las ma\u00f1aneras. <\/p>\n<p class=\"\">Hoy, con el perd\u00f3n de la familia de Manzo, no es demasiado tarde para atender las peticiones del alcalde. Nada devolver\u00e1 a sus hijos al padre orgulloso de su cargo que fue Manzo, pero la presidenta s\u00ed puede honrar la memoria del edil cumpli\u00e9ndole a los uruapanenses. <\/p>\n<p class=\"\">La crisis toc\u00f3 este fin de semana los muros de Palacio Nacional y no va a remitir solo con el anuncio de un nuevo plan para Michoac\u00e1n. Prometer justicia tampoco ser\u00e1 suficiente. E insistir en que s\u00ed cuidaron al hoy muerto solo hace m\u00e1s grande la deuda del gobierno federal. <\/p>\n<p class=\"\">Lo que requiere Michoac\u00e1n es, primero que nada, la verdad. Que \u2014tras escuchar de viva voz, cosa que ya no puede hacer con Manzo, pero s\u00ed con los paisanos del presidente ultimado\u2014 la presidenta reconozca que una cosa son los planes en lo federal y otra el miedo en lo local.<\/p>\n<p class=\"\">Este alcalde independiente, que por igual critic\u00f3 a Felipe Calder\u00f3n que al gobierno actual, ha heredado a Uruapan una nueva oportunidad. Su viuda estar\u00eda por aceptar el reto de recoger la sangre de su marido para presidir a su pueblo. Sheinbaum no puede dejar sola, ni desprotegida, a quien es capaz de anteponer dignidad al miedo. <\/p>\n<p class=\"\">Michoac\u00e1n ya pose\u00eda una significaci\u00f3n especial para la presidenta. Esa tierra de los libres merece vivir en paz. Por esta crisis, el michoacano Manzo ya es parte de la biograf\u00eda pol\u00edtica de Claudia. De \u00e9sta depende que esa muerte sea muy lamentable, mas no en vano.<\/p>\n<\/div>\n<p><\/p>\n","protected":false},"excerpt":{"rendered":"<p>Para Claudia Sheinbaum Michoac\u00e1n es especial. En su juventud, Cher\u00e1n fue clave. En su campa\u00f1a, ah\u00ed honr\u00f3 al tata L\u00e1zaro. Y en los ochenta el ejemplo del ingeniero C\u00e1rdenas impuls\u00f3 su activismo. Ahora, el Estado de Ocampo es el epicentro de su primera gran crisis. La presidenta de M\u00e9xico decidi\u00f3 que una de sus bazas [&hellip;]<\/p>\n","protected":false},"author":2,"featured_media":53050,"comment_status":"","ping_status":"","sticky":false,"template":"","format":"standard","meta":{"_monsterinsights_skip_tracking":false,"_monsterinsights_sitenote_active":false,"_monsterinsights_sitenote_note":"","_monsterinsights_sitenote_category":0,"footnotes":""},"categories":[7],"tags":[],"class_list":["post-53049","post","type-post","status-publish","format-standard","has-post-thumbnail","hentry","category-michoacan"],"_links":{"self":[{"href":"https:\/\/informebajio.com.mx\/index.php?rest_route=\/wp\/v2\/posts\/53049","targetHints":{"allow":["GET"]}}],"collection":[{"href":"https:\/\/informebajio.com.mx\/index.php?rest_route=\/wp\/v2\/posts"}],"about":[{"href":"https:\/\/informebajio.com.mx\/index.php?rest_route=\/wp\/v2\/types\/post"}],"author":[{"embeddable":true,"href":"https:\/\/informebajio.com.mx\/index.php?rest_route=\/wp\/v2\/users\/2"}],"replies":[{"embeddable":true,"href":"https:\/\/informebajio.com.mx\/index.php?rest_route=%2Fwp%2Fv2%2Fcomments&post=53049"}],"version-history":[{"count":0,"href":"https:\/\/informebajio.com.mx\/index.php?rest_route=\/wp\/v2\/posts\/53049\/revisions"}],"wp:featuredmedia":[{"embeddable":true,"href":"https:\/\/informebajio.com.mx\/index.php?rest_route=\/wp\/v2\/media\/53050"}],"wp:attachment":[{"href":"https:\/\/informebajio.com.mx\/index.php?rest_route=%2Fwp%2Fv2%2Fmedia&parent=53049"}],"wp:term":[{"taxonomy":"category","embeddable":true,"href":"https:\/\/informebajio.com.mx\/index.php?rest_route=%2Fwp%2Fv2%2Fcategories&post=53049"},{"taxonomy":"post_tag","embeddable":true,"href":"https:\/\/informebajio.com.mx\/index.php?rest_route=%2Fwp%2Fv2%2Ftags&post=53049"}],"curies":[{"name":"wp","href":"https:\/\/api.w.org\/{rel}","templated":true}]}}