{"id":53067,"date":"2025-11-17T13:05:59","date_gmt":"2025-11-17T19:05:59","guid":{"rendered":"https:\/\/informebajio.com.mx\/?p=53067"},"modified":"2025-11-17T13:05:59","modified_gmt":"2025-11-17T19:05:59","slug":"no-me-interesa-quien-convoco-la-manifestacion-el-hartazgo-es-real","status":"publish","type":"post","link":"https:\/\/informebajio.com.mx\/?p=53067","title":{"rendered":"\u201cNo me interesa qui\u00e9n convoc\u00f3 la manifestaci\u00f3n. El hartazgo es real\u201d"},"content":{"rendered":"<div data-dtm-region=\"articulo_cuerpo\">\n<p class=\"\">La generaci\u00f3n Z ha alzado la voz en M\u00e9xico. <a href=\"https:\/\/elpais.com\/mexico\/2025-11-15\/una-multitud-secunda-la-manifestacion-de-la-generacion-z-en-mexico-con-escasa-afluencia-de-jovenes.html\" target=\"_blank\" rel=\"\" title=\"https:\/\/elpais.com\/mexico\/2025-11-15\/una-multitud-secunda-la-manifestacion-de-la-generacion-z-en-mexico-con-escasa-afluencia-de-jovenes.html\">Miles de personas han salido este s\u00e1bado a las calles de diferentes puntos del pa\u00eds<\/a> para clamar por una gran amalgama de demandas sociales, sintetizadas en la preocupaci\u00f3n por la inseguridad y su descontento con los partidos tradicionales y el Gobierno de Claudia Sheinbaum. La movilizaci\u00f3n impulsada por los j\u00f3venes de esa generaci\u00f3n \u2014comprendida por los nacidos entre 1997 y 2012\u2014 ha llevado a las calles a personas de todas las edades.<\/p>\n<p class=\"\">Los reclamos iniciaron con la b\u00fasqueda de la revocaci\u00f3n del mandato de Sheinbaum, pero el traum\u00e1tico asesinato a balazos del exalcalde de Uruapan Carlos Manzo a comienzos de noviembre volvi\u00f3 a poner la inseguridad en el centro de la mesa. La presidenta present\u00f3 en los \u00faltimos d\u00edas un <a href=\"https:\/\/elpais.com\/mexico\/2025-11-13\/el-gobierno-vincula-la-marcha-de-la-generacion-z-con-una-campana-internacional-de-desinformacion-estimada-en-mas-de-90-millones-de-pesos.html\" target=\"_blank\" rel=\"\" title=\"https:\/\/elpais.com\/mexico\/2025-11-13\/el-gobierno-vincula-la-marcha-de-la-generacion-z-con-una-campana-internacional-de-desinformacion-estimada-en-mas-de-90-millones-de-pesos.html\">informe en el que asociaba el movimiento a una campa\u00f1a internacional<\/a> en redes promovida por opositores y empresarios como el magnate Ricardo Salinas Pliego. Durante este s\u00e1bado han ondeado las <a href=\"https:\/\/elpais.com\/mexico\/2025-11-15\/la-marcha-de-la-generacion-z-en-ciudad-de-mexico-en-imagenes.html\" target=\"_blank\" rel=\"\" title=\"https:\/\/elpais.com\/mexico\/2025-11-15\/la-marcha-de-la-generacion-z-en-ciudad-de-mexico-en-imagenes.html\">banderas piratas de <i>One Piece<\/i><\/a>, la serie de <i>anime <\/i>en la que sus protagonistas enfrentan a gobiernos corruptos y que la generaci\u00f3n Z ha asumido como propia. Pero tambi\u00e9n lo han hecho las que ten\u00edan el rostro de Manzo y las de M\u00e9xico. No han faltado los gritos constantes contra el gobierno y el resto de partidos. EL PA\u00cdS conversa con seis de esos j\u00f3venes que han participado en la marcha realizada en Ciudad de M\u00e9xico.<\/p>\n<h3 class=\"\">Alexander S\u00e1nchez (Toluca, 21 a\u00f1os): \u201cNo hay un lugar seguro en M\u00e9xico, ya estamos cansados\u201d<\/h3>\n<figure class=\"a_m a_m-h \"><span class=\"_db a_m_w _pr lb_btn\"><img decoding=\"auto\" class=\"_re lazyload a_m-h\" height=\"277\" srcset=\"https:\/\/imagenes.elpais.com\/resizer\/v2\/4CGWTHF7W5A7FBS7TFJ4Q3JRKA.jpg?auth=c72b02e72c6dd9e1c2d594dde0645dbc27f5a1bf40ed9d912ab634df1bf2a094&amp;width=414 414w,https:\/\/imagenes.elpais.com\/resizer\/v2\/4CGWTHF7W5A7FBS7TFJ4Q3JRKA.jpg?auth=c72b02e72c6dd9e1c2d594dde0645dbc27f5a1bf40ed9d912ab634df1bf2a094&amp;width=828 640w,https:\/\/imagenes.elpais.com\/resizer\/v2\/4CGWTHF7W5A7FBS7TFJ4Q3JRKA.jpg?auth=c72b02e72c6dd9e1c2d594dde0645dbc27f5a1bf40ed9d912ab634df1bf2a094&amp;width=980 1000w,https:\/\/imagenes.elpais.com\/resizer\/v2\/4CGWTHF7W5A7FBS7TFJ4Q3JRKA.jpg?auth=c72b02e72c6dd9e1c2d594dde0645dbc27f5a1bf40ed9d912ab634df1bf2a094&amp;width=1960 1960w\" width=\"414\" sizes=\"auto, (min-width:1199px) 1155px,(min-width:1001px) calc(100vw - 44px),(min-width:768px) 767px, 100vw\" src=\"https:\/\/imagenes.elpais.com\/resizer\/v2\/4CGWTHF7W5A7FBS7TFJ4Q3JRKA.jpg?auth=c72b02e72c6dd9e1c2d594dde0645dbc27f5a1bf40ed9d912ab634df1bf2a094&amp;width=414\" loading=\"lazy\"\/><svg aria-hidden=\"true\" class=\"icon_multimedia_ampliar | _pa a_m_i a_m_i-a _dn\" viewbox=\"0 0 40 40\"><use xlink:href=\"#svg-ampliar\"\/><\/svg><\/span><figcaption class=\"a_m_p\" aria-hidden=\"true\"><span>Alexander S\u00e1nchez, de 21 a\u00f1os, proveniente de Toluca en el Estado de M\u00e9xico.<\/span><span class=\"a_m_m\">Aurea Del Rosario (El Pa\u00eds)<\/span><\/figcaption><\/figure>\n<h3 class=\"\"\/>\n<p class=\"\">Apenas se ven los ojos de Alexander S\u00e1nchez. Cubre su rostro con una bandana negra y un gorro. Tiene familia en Michoac\u00e1n, lo que le llev\u00f3 a participar en las protestas que se realizaron en Uruapan y L\u00e1zaro C\u00e1rdenas los d\u00edas siguientes al asesinato de Manzo. Supo de esta marcha a trav\u00e9s de las redes sociales. Suspira al decir que una de sus grandes preocupaciones es la inseguridad que vive el pa\u00eds: \u201cLa verdad, no hay un lugar seguro en M\u00e9xico. Creo que ya estamos cansados de eso\u201d. Pero est\u00e1 en la marcha por algo m\u00e1s grande. \u201cLo que hemos exigido todo este tiempo son nuestros derechos, que hasta un ni\u00f1o de primaria lo sabe: tenemos derecho a una vida digna, a un hogar, a una familia, a un sistema de salud gratuito y accesible para todos\u201d, expone. <\/p>\n<p class=\"\">S\u00e1nchez es una de las voces del descontento partidista. De fondo suenan las proclamas de los manifestantes contra Morena, pero su cansancio es con todos los partidos: \u201cTodos los partidos son lo mismo, lo \u00fanico que cambia es el color. Llevamos m\u00e1s de 80 a\u00f1os con la misma gente y no tenemos ning\u00fan cambio. Parece que nosotros somos los que tenemos que tomar las riendas de todo eso\u201d. Ha o\u00eddo hablar de las informaciones que expon\u00edan que el movimiento estaba inflado por las campa\u00f1as en redes de partidos opositores y empresarios como Salinas Pliego. \u201cComo siempre, va a haber gente que se va a aprovechar de eso. Va a intentar meter su propia cuchara en el pastel y va a querer aprovechar la situaci\u00f3n para su propio beneficio\u201d, sentencia. Ve c\u00f3mo otras generaciones se han sumado a la marcha de los Z, pero no le quitar\u00e1 el sue\u00f1o: \u201cTenemos el mismo prop\u00f3sito. No importa la edad, el g\u00e9nero, la religi\u00f3n\u201d. <\/p>\n<figure class=\"a_m\"><span class=\"_db a_m_c _rt _rt-9x16 a_m_c-v\"\/><figcaption class=\"a_m_p\">Asistentes de la marcha de la generaci\u00f3n Z.<span class=\"a_m_m\"><span>Foto:<\/span> <!-- -->Aurea del Rosario<!-- --> | <span>V\u00eddeo:<\/span> <!-- -->EPV<\/span><\/figcaption><\/figure>\n<h3 class=\"\">Casandra Moctezuma (Ciudad de M\u00e9xico, 28 a\u00f1os): \u201cVengo por la Salud. Ya no hay medicamentos en los institutos\u201d <\/h3>\n<figure class=\"a_m a_m-h \"><span class=\"_db a_m_w _pr lb_btn\"><img decoding=\"auto\" class=\"_re lazyload a_m-h\" height=\"277\" srcset=\"https:\/\/imagenes.elpais.com\/resizer\/v2\/DD53EX67ARGJ5IC4NEL6RJAC6Q.jpg?auth=3d355ec621c3fc85fd12e11d47644a6d69c18951a1475095e9e71b7d8d8a381f&amp;width=414 414w,https:\/\/imagenes.elpais.com\/resizer\/v2\/DD53EX67ARGJ5IC4NEL6RJAC6Q.jpg?auth=3d355ec621c3fc85fd12e11d47644a6d69c18951a1475095e9e71b7d8d8a381f&amp;width=828 640w,https:\/\/imagenes.elpais.com\/resizer\/v2\/DD53EX67ARGJ5IC4NEL6RJAC6Q.jpg?auth=3d355ec621c3fc85fd12e11d47644a6d69c18951a1475095e9e71b7d8d8a381f&amp;width=980 1000w,https:\/\/imagenes.elpais.com\/resizer\/v2\/DD53EX67ARGJ5IC4NEL6RJAC6Q.jpg?auth=3d355ec621c3fc85fd12e11d47644a6d69c18951a1475095e9e71b7d8d8a381f&amp;width=1960 1960w\" width=\"414\" sizes=\"auto, (min-width:1199px) 1155px,(min-width:1001px) calc(100vw - 44px),(min-width:768px) 767px, 100vw\" src=\"https:\/\/imagenes.elpais.com\/resizer\/v2\/DD53EX67ARGJ5IC4NEL6RJAC6Q.jpg?auth=3d355ec621c3fc85fd12e11d47644a6d69c18951a1475095e9e71b7d8d8a381f&amp;width=414\" loading=\"lazy\"\/><svg aria-hidden=\"true\" class=\"icon_multimedia_ampliar | _pa a_m_i a_m_i-a _dn\" viewbox=\"0 0 40 40\"><use xlink:href=\"#svg-ampliar\"\/><\/svg><\/span><figcaption class=\"a_m_p\" aria-hidden=\"true\"><span>Casandra Moctezuma, de 28 a\u00f1os, originaria de Ciudad de M\u00e9xico. <\/span><span class=\"a_m_m\">Aurea Del Rosario (El Pa\u00eds)<\/span><\/figcaption><\/figure>\n<h3 class=\"\"\/>\n<p class=\"\">Casandra Moctezuma estudia Enfermer\u00eda, una carrera que compagina con su trabajo en la misma \u00e1rea. Es eso lo que le ha tra\u00eddo este s\u00e1bado a manifestarse. Lleva una gorra blanca, de la que cuelga un pollito con sombrero y la bandera pirata. \u201cYa no hay medicamentos, ya no hay insumos en los institutos, en el IMSS\u201d, asegura. Dice que tambi\u00e9n ha salido a la calle porque le preocupa el futuro en M\u00e9xico: \u201cPor lo que vamos a heredar de nuestro pa\u00eds y lo que estamos heredando de nuestro Gobierno\u201d. R\u00ede, y dice que la marcha parece de otro tipo de generaci\u00f3n, pero asegura que es la generaci\u00f3n Z la que alza la voz. \u201cA m\u00ed no me pagaron, ni a nadie por estar aqu\u00ed\u201d, subraya. <\/p>\n<h3 class=\"\">Emmanuel Torres (Estado de M\u00e9xico, 21 a\u00f1os): \u201cEstamos cansados de c\u00f3mo se est\u00e1 manejando el pa\u00eds, de la inseguridad\u201d <\/h3>\n<h3 class=\"\"\/>\n<figure class=\"a_m a_m-h \"><span class=\"_db a_m_w _pr lb_btn\"><img decoding=\"auto\" class=\"_re lazyload a_m-h\" height=\"277\" srcset=\"https:\/\/imagenes.elpais.com\/resizer\/v2\/FQL7CCG7SJHK7HPLYLIQX5OCIY.jpg?auth=4374610708b29ae65a1f26c4048f3eea8c791dddcfd0862a567c160b16ca3568&amp;width=414 414w,https:\/\/imagenes.elpais.com\/resizer\/v2\/FQL7CCG7SJHK7HPLYLIQX5OCIY.jpg?auth=4374610708b29ae65a1f26c4048f3eea8c791dddcfd0862a567c160b16ca3568&amp;width=828 640w,https:\/\/imagenes.elpais.com\/resizer\/v2\/FQL7CCG7SJHK7HPLYLIQX5OCIY.jpg?auth=4374610708b29ae65a1f26c4048f3eea8c791dddcfd0862a567c160b16ca3568&amp;width=980 1000w,https:\/\/imagenes.elpais.com\/resizer\/v2\/FQL7CCG7SJHK7HPLYLIQX5OCIY.jpg?auth=4374610708b29ae65a1f26c4048f3eea8c791dddcfd0862a567c160b16ca3568&amp;width=1960 1960w\" width=\"414\" sizes=\"auto, (min-width:1199px) 1155px,(min-width:1001px) calc(100vw - 44px),(min-width:768px) 767px, 100vw\" src=\"https:\/\/imagenes.elpais.com\/resizer\/v2\/FQL7CCG7SJHK7HPLYLIQX5OCIY.jpg?auth=4374610708b29ae65a1f26c4048f3eea8c791dddcfd0862a567c160b16ca3568&amp;width=414\" loading=\"lazy\"\/><svg aria-hidden=\"true\" class=\"icon_multimedia_ampliar | _pa a_m_i a_m_i-a _dn\" viewbox=\"0 0 40 40\"><use xlink:href=\"#svg-ampliar\"\/><\/svg><\/span><figcaption class=\"a_m_p\" aria-hidden=\"true\"><span>Emmanuel Torres, de 21 a\u00f1os, proveniente del Estado de M\u00e9xico. <\/span><span class=\"a_m_m\">Aurea Del Rosario (El Pa\u00eds)<\/span><\/figcaption><\/figure>\n<p class=\"\">Es la primera marcha en la que participa Emmanuel Torres, un joven estudiante de Contadur\u00eda mexiquense. Usa un cubrebocas negro y lleva una gorra de los Pumas de la UNAM del mismo color. Sus ojos brillan al recordar el asesinato de Manzo. \u201cEra diferente. Estaba haciendo su trabajo y, por hacer su trabajo, lo mataron. \u00a1\u00bfPor qu\u00e9?!\u201d, clama. Dice que la gente reunida bajo el \u00c1ngel de la Independencia viene en modo de reproche: \u201cYa estamos cansados de c\u00f3mo se ha manejado el pa\u00eds, la inseguridad que hay, el trato hacia la gente. El discurso de las personas que tienen el poder no es congruente con lo que reflejan las acciones\u201d. Dice que est\u00e1n cansados, y que buscan un cambio en la Administraci\u00f3n. <\/p>\n<p class=\"\">Tambi\u00e9n se enter\u00f3 de la convocatoria en redes sociales. Le interes\u00f3 que los j\u00f3venes de su generaci\u00f3n se interesaran por el futuro de su pa\u00eds. \u201cHablo con amigos, con compa\u00f1eros y noto cierto desinter\u00e9s, no le dan la atenci\u00f3n que esto requiere\u201d, lamenta. Le motiva que gente de todas las edades se haya sumado a la marcha, y cree que s\u00ed es posible que haya gente financiada: \u201cCreo que la mayor\u00eda no. Te lo digo por m\u00ed y por lo que he visto. Hay gente que no viene por un inter\u00e9s pol\u00edtico, sino por inter\u00e9s social. Puede ser que s\u00ed, pero eso, \u00bfc\u00f3mo lo demuestras?\u201d. <\/p>\n<h3 class=\"\">Alexa Barrientos (Ciudad de M\u00e9xico, 25 a\u00f1os): \u201cSi Ricardo Salinas va para la presidencia, definitivamente votar\u00eda por \u00e9l\u201d<\/h3>\n<figure class=\"a_m a_m-h \"><span class=\"_db a_m_w _pr lb_btn\"><img decoding=\"auto\" class=\"_re lazyload a_m-h\" height=\"276\" srcset=\"https:\/\/imagenes.elpais.com\/resizer\/v2\/BXS3STRB7JDRFD63CONDQUTH64.jpg?auth=7883b37d59d42ce6f7c46fd159b7ffacd28d997650f7f318994d3303d6d4cd23&amp;width=414 414w,https:\/\/imagenes.elpais.com\/resizer\/v2\/BXS3STRB7JDRFD63CONDQUTH64.jpg?auth=7883b37d59d42ce6f7c46fd159b7ffacd28d997650f7f318994d3303d6d4cd23&amp;width=828 640w,https:\/\/imagenes.elpais.com\/resizer\/v2\/BXS3STRB7JDRFD63CONDQUTH64.jpg?auth=7883b37d59d42ce6f7c46fd159b7ffacd28d997650f7f318994d3303d6d4cd23&amp;width=980 1000w,https:\/\/imagenes.elpais.com\/resizer\/v2\/BXS3STRB7JDRFD63CONDQUTH64.jpg?auth=7883b37d59d42ce6f7c46fd159b7ffacd28d997650f7f318994d3303d6d4cd23&amp;width=1960 1960w\" width=\"414\" sizes=\"auto, (min-width:1199px) 1155px,(min-width:1001px) calc(100vw - 44px),(min-width:768px) 767px, 100vw\" src=\"https:\/\/imagenes.elpais.com\/resizer\/v2\/BXS3STRB7JDRFD63CONDQUTH64.jpg?auth=7883b37d59d42ce6f7c46fd159b7ffacd28d997650f7f318994d3303d6d4cd23&amp;width=414\" loading=\"lazy\"\/><svg aria-hidden=\"true\" class=\"icon_multimedia_ampliar | _pa a_m_i a_m_i-a _dn\" viewbox=\"0 0 40 40\"><use xlink:href=\"#svg-ampliar\"\/><\/svg><\/span><figcaption class=\"a_m_p\" aria-hidden=\"true\"><span>Alexa  Barrientos, de 25 a\u00f1os, proveniente de la Ciudad de M\u00e9xico. <\/span><span class=\"a_m_m\">Aurea Del Rosario (El Pa\u00eds)<\/span><\/figcaption><\/figure>\n<h3 class=\"\"\/>\n<p class=\"\">Sostiene una pancarta: \u201cNo soy un <i>bot<\/i>, soy mexicano\u201d. Camina junto a su familia. Cubre su cabeza con un sombrero y cuelga la bandera de M\u00e9xico de su cuello. \u201cVinimos porque estamos hasta la madre del gobierno. No hace nada, no hay salud, no hay medicamentos y la seguridad est\u00e1 peor que nunca\u201d, afirma contundente. Su mayor preocupaci\u00f3n es la inseguridad. \u201cUna ya no puede salir de la casa tranquila, porque no sabes si vas a regresar o no. La seguridad creo que est\u00e1 peor que nunca, los n\u00fameros hablan\u201d, expone, y manda un gui\u00f1o al expresidente Andr\u00e9s Manuel L\u00f3pez Obrador, que defend\u00eda sus cifras oficiales: \u201cAunque en la Ma\u00f1anera digan otra cosa, es mentira. Pero ellos tienen otros datos\u201d. <\/p>\n<p class=\"\">Cree que el asesinato de Manzo conmovi\u00f3 tanto al pueblo mexicano porque era \u201cadmirable\u201d y representaba \u201cuna esperanza\u201d: \u201cHace mucho que no tenemos a alguien p\u00fablico del Gobierno que levantara la voz por todos nosotros, que combatiera la inseguridad, al narco, a los criminales\u201d. Para Barrientos, Salinas Pliego representa una gran alternativa frente al sistema actual: \u201cSi va para la presidencia, definitivamente votar\u00eda por \u00e9l. Es un empresario, no le interesa robar dinero. Es como Bukele, como Trump \u2013en su primer sexenio, despu\u00e9s ya hizo un desmadre\u2014\u201d. <\/p>\n<h3 class=\"\">Mauricio D\u00edaz (Ciudad de M\u00e9xico, 28 a\u00f1os): \u201cNo s\u00e9, ni me interesa qui\u00e9n convoc\u00f3 la manifestaci\u00f3n\u201d<\/h3>\n<h3 class=\"\"\/>\n<figure class=\"a_m a_m-h \"><span class=\"_db a_m_w _pr lb_btn\"><img decoding=\"auto\" class=\"_re lazyload a_m-h\" height=\"276\" srcset=\"https:\/\/imagenes.elpais.com\/resizer\/v2\/L3X6JU4MYZA2LGURJX7FAYC5MI.jpg?auth=9d641ae1da4e96874cee5eae405792d8ad24aa5bccd2884befeb55872c60f3b6&amp;width=414 414w,https:\/\/imagenes.elpais.com\/resizer\/v2\/L3X6JU4MYZA2LGURJX7FAYC5MI.jpg?auth=9d641ae1da4e96874cee5eae405792d8ad24aa5bccd2884befeb55872c60f3b6&amp;width=828 640w,https:\/\/imagenes.elpais.com\/resizer\/v2\/L3X6JU4MYZA2LGURJX7FAYC5MI.jpg?auth=9d641ae1da4e96874cee5eae405792d8ad24aa5bccd2884befeb55872c60f3b6&amp;width=980 1000w,https:\/\/imagenes.elpais.com\/resizer\/v2\/L3X6JU4MYZA2LGURJX7FAYC5MI.jpg?auth=9d641ae1da4e96874cee5eae405792d8ad24aa5bccd2884befeb55872c60f3b6&amp;width=1960 1960w\" width=\"414\" sizes=\"auto, (min-width:1199px) 1155px,(min-width:1001px) calc(100vw - 44px),(min-width:768px) 767px, 100vw\" src=\"https:\/\/imagenes.elpais.com\/resizer\/v2\/L3X6JU4MYZA2LGURJX7FAYC5MI.jpg?auth=9d641ae1da4e96874cee5eae405792d8ad24aa5bccd2884befeb55872c60f3b6&amp;width=414\" loading=\"lazy\"\/><svg aria-hidden=\"true\" class=\"icon_multimedia_ampliar | _pa a_m_i a_m_i-a _dn\" viewbox=\"0 0 40 40\"><use xlink:href=\"#svg-ampliar\"\/><\/svg><\/span><figcaption class=\"a_m_p\" aria-hidden=\"true\"><span>Mauricio D\u00edaz,de 28 a\u00f1os, vestido de Luffy de &#8216;One Piece&#8217;.<\/span><span class=\"a_m_m\">Aurea Del Rosario (El Pa\u00eds)<\/span><\/figcaption><\/figure>\n<p class=\"\">El comunic\u00f3logo, nacido en 1997, es parte de la generaci\u00f3n Z \u201cde panzazo\u201d. Frente al \u00c1ngel de la Independencia, caracterizado con sombrero de paja, y una camisa de color rojo como Luffy, el protagonista de la animaci\u00f3n japonesa <i>One Piece<\/i>, explica la relaci\u00f3n del movimiento de su generaci\u00f3n con ese <i>anime: <\/i>\u201cRepresenta una lucha contra la desigualdad, la corrupci\u00f3n y los malos gobiernos\u201d. Explica que ha asistido a la protesta por la exigencia de <a href=\"https:\/\/elpais.com\/mexico\/opinion\/2025-11-12\/revocacion-lo-que-la-oposicion-no-aprende.html\" target=\"_blank\" rel=\"\" title=\"https:\/\/elpais.com\/mexico\/opinion\/2025-11-12\/revocacion-lo-que-la-oposicion-no-aprende.html\">una revocaci\u00f3n de mandato<\/a>: \u201cQueremos que vean que el pueblo no los apoya, porque ellos ya demostraron que no apoyan al pueblo\u201d. <\/p>\n<p class=\"\"><a href=\"https:\/\/elpais.com\/mexico\/2025-11-02\/asesinado-carlos-manzo-el-alcalde-de-uruapan-en-michoacan-en-medio-de-una-celebracion-por-el-dia-de-muertos.html\" target=\"_blank\" rel=\"\" title=\"https:\/\/elpais.com\/mexico\/2025-11-02\/asesinado-carlos-manzo-el-alcalde-de-uruapan-en-michoacan-en-medio-de-una-celebracion-por-el-dia-de-muertos.html\">El asesinato del alcalde Carlos Manzo<\/a>, a quien ha llamado \u201cel Nayib Bukele mexicano\u201d, lo motiv\u00f3 para asistir a la manifestaci\u00f3n. \u201c\u00c9l era uno de nosotros, no ten\u00eda necesidad de arriesgarse y aun as\u00ed lo hizo por su pueblo. Lo mataron frente a sus hijos, <a href=\"https:\/\/elpais.com\/mexico\/2025-11-06\/las-autoridades-de-michoacan-identifican-al-asesino-de-carlos-manzo-como-victor-manuel-un-adolescente-de-17-anos-originario-de-paracho.html\" target=\"_blank\" rel=\"\" title=\"https:\/\/elpais.com\/mexico\/2025-11-06\/las-autoridades-de-michoacan-identifican-al-asesino-de-carlos-manzo-como-victor-manuel-un-adolescente-de-17-anos-originario-de-paracho.html\">usando a un menor<\/a>\u201d, denuncia. Considera que la respuesta oficial confirma la desconfianza: \u201cLa presidenta no tiene la lealtad puesta en esclarecer los hechos, sino en ver qui\u00e9n orquesta una marcha como esta\u201d. Por \u00faltimo, rechaza que la movilizaci\u00f3n haya sido financiada por empresarios o partidos: \u201cNo s\u00e9, ni me interesa qui\u00e9n convoc\u00f3 la manifestaci\u00f3n. El hartazgo no fue financiado, es real\u201d.<\/p>\n<h3 class=\"\">Araceli (Ciudad de M\u00e9xico, 25 a\u00f1os): \u201cEl asesinato de Carlos Manzo fue la gota que derram\u00f3 el vaso\u201d<\/h3>\n<h3 class=\"\"\/>\n<figure class=\"a_m a_m-h \"><span class=\"_db a_m_w _pr lb_btn\"><img decoding=\"auto\" class=\"_re lazyload a_m-h\" height=\"277\" srcset=\"https:\/\/imagenes.elpais.com\/resizer\/v2\/BMV3Y2PYSNGRNKOCPIKUFEEABA.jpg?auth=eb16a9ec34b45b34a321ba4f10f0a360a0477e1c28054ddbe26889cfcdc7aa14&amp;width=414 414w,https:\/\/imagenes.elpais.com\/resizer\/v2\/BMV3Y2PYSNGRNKOCPIKUFEEABA.jpg?auth=eb16a9ec34b45b34a321ba4f10f0a360a0477e1c28054ddbe26889cfcdc7aa14&amp;width=828 640w,https:\/\/imagenes.elpais.com\/resizer\/v2\/BMV3Y2PYSNGRNKOCPIKUFEEABA.jpg?auth=eb16a9ec34b45b34a321ba4f10f0a360a0477e1c28054ddbe26889cfcdc7aa14&amp;width=980 1000w,https:\/\/imagenes.elpais.com\/resizer\/v2\/BMV3Y2PYSNGRNKOCPIKUFEEABA.jpg?auth=eb16a9ec34b45b34a321ba4f10f0a360a0477e1c28054ddbe26889cfcdc7aa14&amp;width=1960 1960w\" width=\"414\" sizes=\"auto, (min-width:1199px) 1155px,(min-width:1001px) calc(100vw - 44px),(min-width:768px) 767px, 100vw\" src=\"https:\/\/imagenes.elpais.com\/resizer\/v2\/BMV3Y2PYSNGRNKOCPIKUFEEABA.jpg?auth=eb16a9ec34b45b34a321ba4f10f0a360a0477e1c28054ddbe26889cfcdc7aa14&amp;width=414\" loading=\"lazy\"\/><svg aria-hidden=\"true\" class=\"icon_multimedia_ampliar | _pa a_m_i a_m_i-a _dn\" viewbox=\"0 0 40 40\"><use xlink:href=\"#svg-ampliar\"\/><\/svg><\/span><figcaption class=\"a_m_p\" aria-hidden=\"true\"><span>Araceli, de 25 a\u00f1os, proveniente de la Ciudad de M\u00e9xico.<\/span><span class=\"a_m_m\">Aurea Del Rosario (El Pa\u00eds)<\/span><\/figcaption><\/figure>\n<p class=\"\">La joven sostiene una pancarta: \u201c\u00bfD\u00f3nde qued\u00f3 la Claudia revolucionaria? Presidenta, \u00a1rompa el pacto con el narco!\u201d. Mientras avanza por Paseo de la Reforma, explica que sali\u00f3 a marchar porque est\u00e1 \u201ccansada de la inseguridad, de la violencia y, sobre todo, porque no hay una estrategia clara del gobierno para combatirla\u201d. Para ella, el punto de quiebre fue el asesinato del alcalde de Uruapan: \u201cEl asesinato de Carlos Manzo fue la gota que derram\u00f3 el vaso\u201d, afirma. \u201cEra un pol\u00edtico independiente que pidi\u00f3 ayuda y no la recibi\u00f3, estuvo expuesto a la violencia y lo terminan asesinando. Eso, como mexicanos, nos hace preguntarnos: \u00bfd\u00f3nde est\u00e1n las autoridades?\u201d. Sobre la composici\u00f3n de la marcha, sostiene que \u201cla iniciativa naci\u00f3 de la generaci\u00f3n Z, pero al final otras generaciones tambi\u00e9n se ven afectadas por la inseguridad\u201d. Aclara que no apoya a Morena ni a ning\u00fan otro partido, aunque ve una alternativa en Somos M\u00e9xico \u2014un grupo surgido de movimientos opositores como la Marea Rosa y el Frente C\u00edvico Nacional\u2014, que busca su registro rumbo a 2027.<\/p>\n<\/div>\n<p><\/p>\n","protected":false},"excerpt":{"rendered":"<p>La generaci\u00f3n Z ha alzado la voz en M\u00e9xico. Miles de personas han salido este s\u00e1bado a las calles de diferentes puntos del pa\u00eds para clamar por una gran amalgama de demandas sociales, sintetizadas en la preocupaci\u00f3n por la inseguridad y su descontento con los partidos tradicionales y el Gobierno de Claudia Sheinbaum. La movilizaci\u00f3n [&hellip;]<\/p>\n","protected":false},"author":2,"featured_media":53068,"comment_status":"","ping_status":"","sticky":false,"template":"","format":"standard","meta":{"_monsterinsights_skip_tracking":false,"_monsterinsights_sitenote_active":false,"_monsterinsights_sitenote_note":"","_monsterinsights_sitenote_category":0,"footnotes":""},"categories":[7],"tags":[],"class_list":["post-53067","post","type-post","status-publish","format-standard","has-post-thumbnail","hentry","category-michoacan"],"_links":{"self":[{"href":"https:\/\/informebajio.com.mx\/index.php?rest_route=\/wp\/v2\/posts\/53067","targetHints":{"allow":["GET"]}}],"collection":[{"href":"https:\/\/informebajio.com.mx\/index.php?rest_route=\/wp\/v2\/posts"}],"about":[{"href":"https:\/\/informebajio.com.mx\/index.php?rest_route=\/wp\/v2\/types\/post"}],"author":[{"embeddable":true,"href":"https:\/\/informebajio.com.mx\/index.php?rest_route=\/wp\/v2\/users\/2"}],"replies":[{"embeddable":true,"href":"https:\/\/informebajio.com.mx\/index.php?rest_route=%2Fwp%2Fv2%2Fcomments&post=53067"}],"version-history":[{"count":0,"href":"https:\/\/informebajio.com.mx\/index.php?rest_route=\/wp\/v2\/posts\/53067\/revisions"}],"wp:featuredmedia":[{"embeddable":true,"href":"https:\/\/informebajio.com.mx\/index.php?rest_route=\/wp\/v2\/media\/53068"}],"wp:attachment":[{"href":"https:\/\/informebajio.com.mx\/index.php?rest_route=%2Fwp%2Fv2%2Fmedia&parent=53067"}],"wp:term":[{"taxonomy":"category","embeddable":true,"href":"https:\/\/informebajio.com.mx\/index.php?rest_route=%2Fwp%2Fv2%2Fcategories&post=53067"},{"taxonomy":"post_tag","embeddable":true,"href":"https:\/\/informebajio.com.mx\/index.php?rest_route=%2Fwp%2Fv2%2Ftags&post=53067"}],"curies":[{"name":"wp","href":"https:\/\/api.w.org\/{rel}","templated":true}]}}