{"id":53083,"date":"2025-11-18T09:07:02","date_gmt":"2025-11-18T15:07:02","guid":{"rendered":"https:\/\/informebajio.com.mx\/?p=53083"},"modified":"2025-11-18T09:07:02","modified_gmt":"2025-11-18T15:07:02","slug":"sheinbaum-se-enzarza-con-calderon-por-la-violencia-en-michoacan-quien-declara-la-guerra-en-su-propio-pais","status":"publish","type":"post","link":"https:\/\/informebajio.com.mx\/?p=53083","title":{"rendered":"Sheinbaum se enzarza con Calder\u00f3n por la violencia en Michoac\u00e1n: \u201c\u00bfQui\u00e9n declara la guerra en su propio pa\u00eds?\u201d"},"content":{"rendered":"<div data-dtm-region=\"articulo_cuerpo\">\n<p class=\"\">Michoac\u00e1n vuelve al centro de la disputa entre la mandataria, Claudia Sheinbaum, y el expresidente Felipe Calder\u00f3n, que cada tanto se lanzan a la cabeza sus respectivos fracasos para acabar con el mayor lastre de M\u00e9xico, la violencia y la impunidad. El asesinato del alcalde de Uruapan, Carlos Manzo, ha agitado el avispero y ha asestado un duro golpe al discurso triunfalista con el que el Gobierno morenista presentaba sus triunfos en la materia. Este martes, sin embargo, la jefa del Ejecutivo ha vuelto a hacer gala de ellos y ha respondido <a href=\"https:\/\/elpais.com\/mexico\/2025-11-10\/felipe-calderon-cuando-yo-sali-se-dejo-que-los-criminales-volvieran-a-crecer-y-se-apoderaron-del-estado.html\" target=\"_self\" rel=\"\" title=\"https:\/\/elpais.com\/mexico\/2025-11-10\/felipe-calderon-cuando-yo-sali-se-dejo-que-los-criminales-volvieran-a-crecer-y-se-apoderaron-del-estado.html\">al envite del expresidente panista<\/a>, que el d\u00eda anterior reproch\u00f3 en un foro en Buenos Aires que, tras su mandato, \u201cse dej\u00f3 que los criminales volvieran a crecer y se apoderaron del Estado\u201d. Sheinbaum le ha devuelto el empuj\u00f3n en su conferencia matutina: \u201c\u00c9l decidi\u00f3 una estrategia de guerra, y \u00e9l mismo hablaba de que no importaba que hubiera v\u00edctimas colaterales: civiles, ni\u00f1os, ni\u00f1as, que en un enfrentamiento pod\u00edan ser alcanzados por una bala. \u00bfQui\u00e9n declara una guerra en su propio pa\u00eds?\u201c. <\/p>\n<p class=\"\">El desencuentro es uno m\u00e1s en una lista interminable que ya comenz\u00f3 en el sexenio anterior, durante el Gobierno del tambi\u00e9n morenista Andr\u00e9s Manuel L\u00f3pez Obrador. Llega, sin embargo, en un momento sensible para el Ejecutivo, que ha visto c\u00f3mo el brutal asesinato durante un acto p\u00fablico de <a href=\"https:\/\/elpais.com\/mexico\/2025-11-09\/la-vida-despues-de-carlos-manzo.html\" target=\"_self\" rel=\"\" title=\"https:\/\/elpais.com\/mexico\/2025-11-09\/la-vida-despues-de-carlos-manzo.html\">un presidente municipal popular y querido<\/a> abr\u00eda una brecha en una estrategia que dejaba un reguero de imponentes cifras favorables. Pero el avance general no ha sido suficiente para evitar el homicidio, el tercero de un alcalde en Michoac\u00e1n en lo que va de a\u00f1o y el s\u00e9ptimo en todo el territorio, que tiene en sus regidores la primera l\u00ednea de fuego contra el crimen organizado. <\/p>\n<p class=\"\">Michoac\u00e1n es, adem\u00e1s, el Estado en el que Calder\u00f3n instaur\u00f3 la famosa guerra contra el narco, el escenario perfecto para que oficialismo y oposici\u00f3n den rienda suelta a sus discrepancias. \u201c\u00c9l decidi\u00f3 ejecuciones extrajudiciales, que quiere decir que se ejecutaba a un presunto delincuente por el simple hecho de serlo sin un juicio, y hay muchos ejemplos durante aquella \u00e9poca. Pero no solo eso, sino que puso al frente de esa guerra a un personaje que hoy est\u00e1 preso en los Estados Unidos por favorecer a un grupo delictivo. C\u00f3mo defender aquella actuaci\u00f3n\u201d, ha continuado Sheinbaum, en referencia al zar de Seguridad de Calder\u00f3n, Genaro Garc\u00eda Luna, <a href=\"https:\/\/elpais.com\/mexico\/2024-10-16\/genaro-garcia-luna-sentenciado-a-38-anos-de-carcel-por-narcotrafico-y-delincuencia-organizada.html\" target=\"_self\" rel=\"\" title=\"https:\/\/elpais.com\/mexico\/2024-10-16\/genaro-garcia-luna-sentenciado-a-38-anos-de-carcel-por-narcotrafico-y-delincuencia-organizada.html\">que cumple una condena de 38 a\u00f1os de c\u00e1rcel <\/a>al otro lado de la frontera por narcotr\u00e1fico y delincuencia organizada.<\/p>\n<p class=\"\">\u201cAdem\u00e1s\u201d, ha agregado la presidenta, \u201c[esa estrategia] no dio resultados\u201d. Antes incluso de que fuera preguntada por ello por alg\u00fan reportero, Sheinbaum ha mostrado una tabla <a href=\"https:\/\/elpais.com\/mexico\/2025-11-11\/sheinbaum-defiende-las-cifras-de-reduccion-de-homicidios-tras-los-crimenes-de-manzo-y-bravo.html\" target=\"_self\" rel=\"\" title=\"https:\/\/elpais.com\/mexico\/2025-11-11\/sheinbaum-defiende-las-cifras-de-reduccion-de-homicidios-tras-los-crimenes-de-manzo-y-bravo.html\">con la evoluci\u00f3n de los homicidios<\/a> dolosos diarios en el pa\u00eds durante cada sexenio, se\u00f1alando el aumento durante los Gobiernos conservadores y la disminuci\u00f3n, en porcentaje, durante los morenistas. Las cifras absolutas, no obstante, ilustraban el sexenio de L\u00f3pez Obrador \u2015que enarbol\u00f3 el lema de \u201cabrazos, no balazos\u201d\u2015 como el m\u00e1s brutal, con entre 100 y 90 cr\u00edmenes al d\u00eda durante todo el mandato, que solo descienden hasta los 66 con la llegada de la nueva mandataria: un 28% menos. El Gabinete inaugur\u00f3 este fin de semana un plan para pacificar Michoac\u00e1n, que ha destronado a Sinaloa como prioridad en la estrategia presidencial. De momento, sin embargo, sigue siendo el Estado donde <a href=\"https:\/\/elpais.com\/mexico\/2025-11-06\/michoacan-territorio-indomable.html\" target=\"_self\" rel=\"\" title=\"https:\/\/elpais.com\/mexico\/2025-11-06\/michoacan-territorio-indomable.html\">ninguna estrategia <\/a>ha terminado de fructificar. <\/p>\n<\/div>\n<p><\/p>\n","protected":false},"excerpt":{"rendered":"<p>Michoac\u00e1n vuelve al centro de la disputa entre la mandataria, Claudia Sheinbaum, y el expresidente Felipe Calder\u00f3n, que cada tanto se lanzan a la cabeza sus respectivos fracasos para acabar con el mayor lastre de M\u00e9xico, la violencia y la impunidad. El asesinato del alcalde de Uruapan, Carlos Manzo, ha agitado el avispero y ha [&hellip;]<\/p>\n","protected":false},"author":2,"featured_media":53084,"comment_status":"","ping_status":"","sticky":false,"template":"","format":"standard","meta":{"_monsterinsights_skip_tracking":false,"_monsterinsights_sitenote_active":false,"_monsterinsights_sitenote_note":"","_monsterinsights_sitenote_category":0,"footnotes":""},"categories":[7],"tags":[],"class_list":["post-53083","post","type-post","status-publish","format-standard","has-post-thumbnail","hentry","category-michoacan"],"_links":{"self":[{"href":"https:\/\/informebajio.com.mx\/index.php?rest_route=\/wp\/v2\/posts\/53083","targetHints":{"allow":["GET"]}}],"collection":[{"href":"https:\/\/informebajio.com.mx\/index.php?rest_route=\/wp\/v2\/posts"}],"about":[{"href":"https:\/\/informebajio.com.mx\/index.php?rest_route=\/wp\/v2\/types\/post"}],"author":[{"embeddable":true,"href":"https:\/\/informebajio.com.mx\/index.php?rest_route=\/wp\/v2\/users\/2"}],"replies":[{"embeddable":true,"href":"https:\/\/informebajio.com.mx\/index.php?rest_route=%2Fwp%2Fv2%2Fcomments&post=53083"}],"version-history":[{"count":0,"href":"https:\/\/informebajio.com.mx\/index.php?rest_route=\/wp\/v2\/posts\/53083\/revisions"}],"wp:featuredmedia":[{"embeddable":true,"href":"https:\/\/informebajio.com.mx\/index.php?rest_route=\/wp\/v2\/media\/53084"}],"wp:attachment":[{"href":"https:\/\/informebajio.com.mx\/index.php?rest_route=%2Fwp%2Fv2%2Fmedia&parent=53083"}],"wp:term":[{"taxonomy":"category","embeddable":true,"href":"https:\/\/informebajio.com.mx\/index.php?rest_route=%2Fwp%2Fv2%2Fcategories&post=53083"},{"taxonomy":"post_tag","embeddable":true,"href":"https:\/\/informebajio.com.mx\/index.php?rest_route=%2Fwp%2Fv2%2Ftags&post=53083"}],"curies":[{"name":"wp","href":"https:\/\/api.w.org\/{rel}","templated":true}]}}