{"id":53095,"date":"2025-11-19T05:08:54","date_gmt":"2025-11-19T11:08:54","guid":{"rendered":"https:\/\/informebajio.com.mx\/?p=53095"},"modified":"2025-11-19T05:08:54","modified_gmt":"2025-11-19T11:08:54","slug":"la-ofensiva-de-sheinbaum-en-el-estado-de-michoacan-deja-cinco-detenidos-vinculados-al-cartel-de-jalisco-en-tres-dias","status":"publish","type":"post","link":"https:\/\/informebajio.com.mx\/?p=53095","title":{"rendered":"La ofensiva de Sheinbaum en el Estado de Michoac\u00e1n deja cinco detenidos vinculados al Cartel de Jalisco en tres d\u00edas"},"content":{"rendered":"<div data-dtm-region=\"articulo_cuerpo\">\n<p class=\"\">El nuevo <a href=\"https:\/\/elpais.com\/mexico\/2025-11-09\/sheinbaum-presenta-la-ofensiva-del-estado-para-michoacan-la-seguridad-y-la-paz-son-frutos-de-la-justicia-no-traicionaremos-la-confianza-del-pueblo.html\" target=\"_self\" rel=\"\" title=\"https:\/\/elpais.com\/mexico\/2025-11-09\/sheinbaum-presenta-la-ofensiva-del-estado-para-michoacan-la-seguridad-y-la-paz-son-frutos-de-la-justicia-no-traicionaremos-la-confianza-del-pueblo.html\">plan de pacificaci\u00f3n del Gobierno de M\u00e9xico<\/a> para el Estado de Michoac\u00e1n ya ha comenzado a mostrar sus alcances. Las autoridades federales detuvieron en los \u00faltimos tres d\u00edas a cinco personas \u2013dos de ellas menores de edad\u2013 presuntamente ligadas al Cartel Jalisco Nueva Generaci\u00f3n (CJNG) en Buenavista, al noreste del territorio. La informaci\u00f3n, difundida por el Gabinete de Seguridad en redes, indica que entre el 6 y el 9 de noviembre las autoridades tambi\u00e9n incautaron 330 kilogramos de drogas sint\u00e9ticas. <\/p>\n<p class=\"\">Las operaciones, realizadas en conjunto entre la Secretar\u00eda de Defensa y la Guardia Nacional en los territorios de Buenavista, Cotija y Huetamo, tambi\u00e9n han llevado a confiscar 52 kilogramos de explosivo, armamento y 10 veh\u00edculos. \u201cEl Ej\u00e9rcito, la Fuerza A\u00e9rea y la Guardia Nacional reafirman la indeclinable decisi\u00f3n del Gobierno federal para inhibir las actividades de la delincuencia organizada\u201d, recoge la publicaci\u00f3n en X. <\/p>\n<p class=\"\">Aunque el escrito de la dependencia referenciaba que las operaciones se realizaron durante los tres d\u00edas, <a href=\"https:\/\/www.gob.mx\/cms\/uploads\/attachment\/file\/1036719\/COM_PRENSA_XIIRM_43ZM_MICHOACAN.pdf\" target=\"_blank\" rel=\"noreferrer\" title=\"https:\/\/www.gob.mx\/cms\/uploads\/attachment\/file\/1036719\/COM_PRENSA_XIIRM_43ZM_MICHOACAN.pdf\">los arrestos<\/a> se concretaron durante patrullajes de vigilancia y reconocimientos en Buenavista el domingo. Los capturados ya han sido puestos a disposici\u00f3n de las autoridades competentes. <\/p>\n<div id=\"sum_twitter\" data-oembed-type=\"twitter\" class=\"a_em _df\">\n<blockquote class=\"twitter-tweet\">\n<p lang=\"es\" dir=\"ltr\">Resultado de acciones operativas realizadas del 6 al 9 de noviembre como parte del \u201cPlan Michoac\u00e1n por la Paz y la Justicia\u201d, en los municipios Buenavista, Cotija y Huetamo, elementos de <a href=\"https:\/\/twitter.com\/Defensamx1?ref_src=twsrc%5Etfw\">@Defensamx1<\/a> y <a href=\"https:\/\/twitter.com\/GN_MEXICO_?ref_src=twsrc%5Etfw\">@GN_MEXICO_<\/a> detuvieron a 5 personas y aseguraron 20 armas de fuego, 3 granadas,\u2026 <a href=\"https:\/\/t.co\/xJYBzMfB2V\">pic.twitter.com\/xJYBzMfB2V<\/a><\/p>\n<p>\u2014 Gabinete de Seguridad de M\u00e9xico (@GabSeguridadMX) <a href=\"https:\/\/twitter.com\/GabSeguridadMX\/status\/1988012595107033224?ref_src=twsrc%5Etfw\">November 10, 2025<\/a><\/p><\/blockquote>\n<\/div>\n<p class=\"\">El asesinato del <a href=\"https:\/\/elpais.com\/mexico\/2025-11-09\/la-vida-despues-de-carlos-manzo.html\" target=\"_self\" rel=\"\" title=\"https:\/\/elpais.com\/mexico\/2025-11-09\/la-vida-despues-de-carlos-manzo.html\">alcalde de Uruapan, Carlos Manzo,<\/a> el pasado 1 de noviembre a manos de un joven de 17 a\u00f1os presuntamente vinculado al CJNG supuso un parteaguas para la sociedad michoacana. Miles de personas salieron a las calles durante los siguientes d\u00edas para pedir justicia por el edil, pero tambi\u00e9n para clamar contra la crisis de seguridad que vive el territorio. Los reclamos llegaron pronto a Palacio Nacional. El domingo, la presidenta de M\u00e9xico, Claudia Sheinbaum, anunci\u00f3 su plan de pacificaci\u00f3n para Michoac\u00e1n. Su secretario de Seguridad, Omar Garc\u00eda Harfuch, calific\u00f3 el tema como \u201cuna prioridad nacional\u201d.<\/p>\n<p class=\"\">El plan de Sheinbaum, seg\u00fan asegur\u00f3 la presidenta, destinar\u00e1 una inversi\u00f3n p\u00fablica-privada de unos 57.000 millones de pesos, unos 3.000 millones de d\u00f3lares; aunque cerca de 26.000 millones se destinar\u00e1n a infraestructura carretera. La mandataria tambi\u00e9n inform\u00f3 que el pr\u00f3ximo a\u00f1o su Gobierno destinar\u00e1 37.000 millones de pesos, unos 2.000 millones de d\u00f3lares, en programas sociales que beneficiar\u00e1n a 1,5 millones de personas en un Estado que ronda los cinco millones de habitantes.<\/p>\n<p class=\"\">El territorio de Michoac\u00e1n cerr\u00f3 el 2024 con una tasa de 16.572 v\u00edctimas de delitos por cada 100.00 habitantes, de acuerdo a los datos del Instituto Nacional de Estad\u00edstica y Geograf\u00eda (<a href=\"https:\/\/www.inegi.org.mx\/contenidos\/saladeprensa\/boletines\/2025\/ENVIPE\/ENVIPE_25_RR.pdf\" target=\"_blank\" rel=\"noreferrer\" title=\"https:\/\/www.inegi.org.mx\/contenidos\/saladeprensa\/boletines\/2025\/ENVIPE\/ENVIPE_25_RR.pdf\">Inegi<\/a>). El dato supone un aumento de 10,5 puntos porcentuales respecto al a\u00f1o anterior, cuando la tasa era de 14.993 v\u00edctimas por cada 100.000 habitantes. No es el \u00fanico aumento de los datos que hace prender las alarmas en el territorio: en 2024 la tasa de delitos fue de 23.819 por cada 100.000 habitantes, un aumento de 21 puntos porcentuales respecto a los 19.688 del a\u00f1o anterior.<\/p>\n<\/div>\n<p><script async src=\"\/\/platform.twitter.com\/widgets.js\" charset=\"utf-8\"><\/script><\/p>\n","protected":false},"excerpt":{"rendered":"<p>El nuevo plan de pacificaci\u00f3n del Gobierno de M\u00e9xico para el Estado de Michoac\u00e1n ya ha comenzado a mostrar sus alcances. Las autoridades federales detuvieron en los \u00faltimos tres d\u00edas a cinco personas \u2013dos de ellas menores de edad\u2013 presuntamente ligadas al Cartel Jalisco Nueva Generaci\u00f3n (CJNG) en Buenavista, al noreste del territorio. La informaci\u00f3n, [&hellip;]<\/p>\n","protected":false},"author":2,"featured_media":53096,"comment_status":"","ping_status":"","sticky":false,"template":"","format":"standard","meta":{"_monsterinsights_skip_tracking":false,"_monsterinsights_sitenote_active":false,"_monsterinsights_sitenote_note":"","_monsterinsights_sitenote_category":0,"footnotes":""},"categories":[7],"tags":[],"class_list":["post-53095","post","type-post","status-publish","format-standard","has-post-thumbnail","hentry","category-michoacan"],"_links":{"self":[{"href":"https:\/\/informebajio.com.mx\/index.php?rest_route=\/wp\/v2\/posts\/53095","targetHints":{"allow":["GET"]}}],"collection":[{"href":"https:\/\/informebajio.com.mx\/index.php?rest_route=\/wp\/v2\/posts"}],"about":[{"href":"https:\/\/informebajio.com.mx\/index.php?rest_route=\/wp\/v2\/types\/post"}],"author":[{"embeddable":true,"href":"https:\/\/informebajio.com.mx\/index.php?rest_route=\/wp\/v2\/users\/2"}],"replies":[{"embeddable":true,"href":"https:\/\/informebajio.com.mx\/index.php?rest_route=%2Fwp%2Fv2%2Fcomments&post=53095"}],"version-history":[{"count":0,"href":"https:\/\/informebajio.com.mx\/index.php?rest_route=\/wp\/v2\/posts\/53095\/revisions"}],"wp:featuredmedia":[{"embeddable":true,"href":"https:\/\/informebajio.com.mx\/index.php?rest_route=\/wp\/v2\/media\/53096"}],"wp:attachment":[{"href":"https:\/\/informebajio.com.mx\/index.php?rest_route=%2Fwp%2Fv2%2Fmedia&parent=53095"}],"wp:term":[{"taxonomy":"category","embeddable":true,"href":"https:\/\/informebajio.com.mx\/index.php?rest_route=%2Fwp%2Fv2%2Fcategories&post=53095"},{"taxonomy":"post_tag","embeddable":true,"href":"https:\/\/informebajio.com.mx\/index.php?rest_route=%2Fwp%2Fv2%2Ftags&post=53095"}],"curies":[{"name":"wp","href":"https:\/\/api.w.org\/{rel}","templated":true}]}}