{"id":53159,"date":"2025-11-23T01:02:14","date_gmt":"2025-11-23T07:02:14","guid":{"rendered":"https:\/\/informebajio.com.mx\/?p=53159"},"modified":"2025-11-23T01:02:14","modified_gmt":"2025-11-23T07:02:14","slug":"inaugura-chepe-el-foro-queretaro-digital-360","status":"publish","type":"post","link":"https:\/\/informebajio.com.mx\/?p=53159","title":{"rendered":"Inaugura Chepe el foro \u201cQuer\u00e9taro Digital 360\u201d"},"content":{"rendered":"<div>\n<h2><span style=\"font-weight: 400;\">Exhort\u00f3 a que, desde los municipios, se aprovechen las herramientas tecnol\u00f3gicas para beneficio de la ciudadan\u00eda.<\/span><\/h2>\n<p><span style=\"font-weight: 400;\">Noticias<\/span><\/p>\n<p>\u00a0<\/p>\n<p><span style=\"font-weight: 400;\">El alcalde de Corregidora, Chepe Guerrero, junto con el secretario de Finanzas en el Estado, Gustavo Arturo Leal Maya, inauguraron el Foro \u201cQuer\u00e9taro Digital 360\u201d, desde el Centro de Innovaci\u00f3n y Tecnolog\u00eda Creativa \u201cBLOQUE\u201d, el cual est\u00e1 integrado por conferencias magistrales, paneles y exposiciones durante 2 d\u00edas, con el objetivo de impulsar la transformaci\u00f3n digital de la entidad a trav\u00e9s de la innovaci\u00f3n, el desarrollo de talento y la inclusi\u00f3n digital.<\/span><\/p>\n<p><span style=\"font-weight: 400;\">Chepe Guerrero dijo estar seguro que, dicho foro, posiciona al estado de Quer\u00e9taro como un referente nacional en tecnolog\u00eda y gobierno digital, para fortalecer la creatividad, competitividad e innovaci\u00f3n, principalmente en beneficio de todas las familias de la entidad.<\/span><\/p>\n<p><span style=\"font-weight: 400;\">\u201cReconozco al gobernador y al secretario de Finanzas por este trabajo y hago votos para que el resto de los municipios aprovechemos todas las bondades que tenga el avance tecnol\u00f3gico, y as\u00ed, poder aplicarlas en acciones y pol\u00edticas p\u00fablicas que tengan un impacto real, genuino y ben\u00e9fico en la vida de las personas\u201d, destac\u00f3.\u00a0<\/span><\/p>\n<p><span style=\"font-weight: 400;\">El titular de la Secretar\u00eda de Finanzas en el Estado, Gustavo Leal Maya, agradeci\u00f3 a la academia, c\u00e1maras empresariales y gobiernos municipales por sumarse a innovar en pro de la sociedad, y record\u00f3, \u201cSolamente unidos podemos hacer que haya un cambio para que la tecnolog\u00eda juegue a nuestro favor\u201d.<\/span><\/p>\n<p><span style=\"font-weight: 400;\">En el evento inaugural estuvieron: el Jefe de Cooperaci\u00f3n de la Delegaci\u00f3n de la Uni\u00f3n Europea en M\u00e9xico, Stefan Agne; el Subsecretario de Tecnolog\u00edas de la Informaci\u00f3n, H\u00e9ctor Carmelo Su\u00e1rez; el CEO de AEXA Aerospace, Fernando de la Pe\u00f1a; la secretaria de Salud en el Estado, Martina P\u00e9rez Rend\u00f3n; la Secretaria de Tesorer\u00eda y Finanzas del Municipio de Corregidora, Yetsi Beltran Villareal; el Secretario de Finanzas del Municipio de Quer\u00e9taro, Carlos Alejandro Le\u00f3n; adem\u00e1s de contar con la participaci\u00f3n de expertos internacionales de Rumania, Grecia y Estonia, a trav\u00e9s del mecanismo TAIEX, as\u00ed como con la presencia de representantes de la Asociaci\u00f3n de Internet MX, CIAPEM, MTI, Microsoft, Huawei y la Asociaci\u00f3n Mexicana de la Industria de Tecnolog\u00edas de la Informaci\u00f3n, entre otros actores estrat\u00e9gicos del ecosistema digital.<\/span><\/p>\n<\/div>\n<p><script>(function(d, s, id) {\n  var js, fjs = d.getElementsByTagName(s)[0];\n  if (d.getElementById(id)) return;\n  js = d.createElement(s); js.id = id;\n  js.src = \"\/\/connect.facebook.net\/es_LA\/sdk.js#xfbml=1&appId=546007945598485&version=v2.3\";\n  fjs.parentNode.insertBefore(js, fjs);\n}(document, 'script', 'facebook-jssdk'));<\/script><\/p>\n","protected":false},"excerpt":{"rendered":"<p>Exhort\u00f3 a que, desde los municipios, se aprovechen las herramientas tecnol\u00f3gicas para beneficio de la ciudadan\u00eda. Noticias \u00a0 El alcalde de Corregidora, Chepe Guerrero, junto con el secretario de Finanzas en el Estado, Gustavo Arturo Leal Maya, inauguraron el Foro \u201cQuer\u00e9taro Digital 360\u201d, desde el Centro de Innovaci\u00f3n y Tecnolog\u00eda Creativa \u201cBLOQUE\u201d, el cual est\u00e1 [&hellip;]<\/p>\n","protected":false},"author":2,"featured_media":53160,"comment_status":"","ping_status":"","sticky":false,"template":"","format":"standard","meta":{"_monsterinsights_skip_tracking":false,"_monsterinsights_sitenote_active":false,"_monsterinsights_sitenote_note":"","_monsterinsights_sitenote_category":0,"footnotes":""},"categories":[4],"tags":[],"class_list":["post-53159","post","type-post","status-publish","format-standard","has-post-thumbnail","hentry","category-queretaro"],"_links":{"self":[{"href":"https:\/\/informebajio.com.mx\/index.php?rest_route=\/wp\/v2\/posts\/53159","targetHints":{"allow":["GET"]}}],"collection":[{"href":"https:\/\/informebajio.com.mx\/index.php?rest_route=\/wp\/v2\/posts"}],"about":[{"href":"https:\/\/informebajio.com.mx\/index.php?rest_route=\/wp\/v2\/types\/post"}],"author":[{"embeddable":true,"href":"https:\/\/informebajio.com.mx\/index.php?rest_route=\/wp\/v2\/users\/2"}],"replies":[{"embeddable":true,"href":"https:\/\/informebajio.com.mx\/index.php?rest_route=%2Fwp%2Fv2%2Fcomments&post=53159"}],"version-history":[{"count":0,"href":"https:\/\/informebajio.com.mx\/index.php?rest_route=\/wp\/v2\/posts\/53159\/revisions"}],"wp:featuredmedia":[{"embeddable":true,"href":"https:\/\/informebajio.com.mx\/index.php?rest_route=\/wp\/v2\/media\/53160"}],"wp:attachment":[{"href":"https:\/\/informebajio.com.mx\/index.php?rest_route=%2Fwp%2Fv2%2Fmedia&parent=53159"}],"wp:term":[{"taxonomy":"category","embeddable":true,"href":"https:\/\/informebajio.com.mx\/index.php?rest_route=%2Fwp%2Fv2%2Fcategories&post=53159"},{"taxonomy":"post_tag","embeddable":true,"href":"https:\/\/informebajio.com.mx\/index.php?rest_route=%2Fwp%2Fv2%2Ftags&post=53159"}],"curies":[{"name":"wp","href":"https:\/\/api.w.org\/{rel}","templated":true}]}}