{"id":53167,"date":"2025-11-23T10:17:21","date_gmt":"2025-11-23T16:17:21","guid":{"rendered":"https:\/\/informebajio.com.mx\/?p=53167"},"modified":"2025-11-23T10:17:21","modified_gmt":"2025-11-23T16:17:21","slug":"el-rector-de-la-uaslp-sera-invitado-a-una-reunion-de-trabajo-en-el-congreso-del-estado-sobre-el-presupuesto-2026-dip-hector-serrano-cortes","status":"publish","type":"post","link":"https:\/\/informebajio.com.mx\/?p=53167","title":{"rendered":"EL RECTOR DE LA UASLP SER\u00c1 INVITADO A UNA REUNI\u00d3N DE TRABAJO EN EL CONGRESO DEL ESTADO SOBRE EL PRESUPUESTO 2026: DIP. H\u00c9CTOR SERRANO CORT\u00c9S"},"content":{"rendered":"<div>\n<p>TRAS SUS SE\u00d1ALAMIENTOS DE PRESUNTOS ERRORES LEGISLATIVOS EN EL PRESUPUESTO DE ESTE A\u00d1O PARA LA UASLP, ES NECESARIO ACLARAR DUDAS, DESDE AHORA<\/p>\n<p>La Junta de Coordinaci\u00f3n Pol\u00edtica (JUCOPO) del Congreso del Estado, citar\u00e1 a una reuni\u00f3n de trabajo con las y los integrantes de la Comisi\u00f3n de Hacienda del Estado al rector de la Universidad Aut\u00f3noma de San Luis Potos\u00ed (UASLP) Alejandro Zerme\u00f1o, para aclarar cualquier duda que exista sobre el Proyecto de Presupuesto 2026, inform\u00f3 el diputado H\u00e9ctor Serrano Cort\u00e9s.<\/p>\n<p>Aclar\u00f3 el presidente de la JUCOPO que la intenci\u00f3n del Poder Legislativo no es descalificar a nadie, \u201cse trata de coordinarnos para que haya una gran precisi\u00f3n en la propuesta del presupuesto y aprovechar tambi\u00e9n algunas dudas que puedan ser de inter\u00e9s de los diputados en torno al propio rector\u201d.<\/p>\n<p>\u201cLa intenci\u00f3n es aperturar, como lo estamos haciendo en el tema del di\u00e1logo, que es del innegable inter\u00e9s de las y los potosinos. Y nosotros simplemente procuramos hacer nuestro trabajo en base, por supuesto, al resultado de las preocupaciones o inter\u00e9s que acreditan los diputados del propio Congreso\u201d, a\u00f1adi\u00f3.<\/p>\n<figure class=\"wp-block-image aligncenter size-full is-resized\"><img fetchpriority=\"high\" decoding=\"async\" width=\"936\" height=\"648\" src=\"https:\/\/b559124.smushcdn.com\/559124\/wp-content\/uploads\/2025\/11\/1000105275.jpg?lossy=2&amp;strip=1&amp;webp=1\" alt=\"\" class=\"wp-image-210668\" style=\"width:707px;height:auto\" srcset=\"https:\/\/b559124.smushcdn.com\/559124\/wp-content\/uploads\/2025\/11\/1000105275.jpg?lossy=2&amp;strip=1&amp;webp=1 936w, https:\/\/b559124.smushcdn.com\/559124\/wp-content\/uploads\/2025\/11\/1000105275-600x415.jpg?lossy=2&amp;strip=1&amp;webp=1 600w, https:\/\/b559124.smushcdn.com\/559124\/wp-content\/uploads\/2025\/11\/1000105275.jpg?size=160x111&amp;lossy=2&amp;strip=1&amp;webp=1 160w, https:\/\/b559124.smushcdn.com\/559124\/wp-content\/uploads\/2025\/11\/1000105275.jpg?size=320x222&amp;lossy=2&amp;strip=1&amp;webp=1 320w, https:\/\/b559124.smushcdn.com\/559124\/wp-content\/uploads\/2025\/11\/1000105275.jpg?size=480x332&amp;lossy=2&amp;strip=1&amp;webp=1 480w, https:\/\/b559124.smushcdn.com\/559124\/wp-content\/uploads\/2025\/11\/1000105275.jpg?size=800x554&amp;lossy=2&amp;strip=1&amp;webp=1 800w\" sizes=\"(max-width: 936px) 100vw, 936px\"\/><\/figure>\n<p>El legislador Serrano Cort\u00e9s expuso que \u201crecientemente el propio rector mencion\u00f3 al Congreso y pr\u00e1cticamente lo responsabiliza de que el presupuesto que se est\u00e1 ejerciendo este a\u00f1o, haya sido un error por parte del Poder Legislativo; a los diputados nos gustar\u00eda mucho que el rector nos pudiera aclarar con precisi\u00f3n y a su juicio, d\u00f3nde est\u00e1 el error\u201d.<\/p>\n<p>A\u00f1adi\u00f3 que \u201cpara evitar el error de este a\u00f1o, ser\u00eda muy interesante invitar al rector a que se re\u00fana en la Comisi\u00f3n responsable del presupuesto, que nos reunamos con \u00e9l, los diputados que queramos, y abramos un di\u00e1logo para que podamos aclarar todos los temas que pudieran ser de su preocupaci\u00f3n\u201d.<\/p>\n<p>\u201cEl objetivo es que revisemos todo lo que sea inherente al presupuesto y evitar que se traslade alg\u00fan tema de responsabilidad por la falta de oportunidad para tratar los temas. Lo dejaremos en una invitaci\u00f3n cordial al se\u00f1or rector que la vamos a formalizar para que nos acompa\u00f1e en la comisi\u00f3n con motivo de lo que \u00e9l expres\u00f3 o dice en el tema del presupuesto\u201d, puntualiz\u00f3.<\/p>\n<p>A\u00f1adi\u00f3 el legislador H\u00e9ctor Serrano que \u201cal final de cuentas, nuestro inter\u00e9s es a favor de la comunidad universitaria. Eso implica como inter\u00e9s primordial la educaci\u00f3n de las y los universitarios, su seguridad, su estabilidad y el prestigio de la universidad, que sin duda es de reconocimiento a nivel nacional e internacional\u201d.<\/p>\n<\/p><\/div>\n<p><\/p>\n","protected":false},"excerpt":{"rendered":"<p>TRAS SUS SE\u00d1ALAMIENTOS DE PRESUNTOS ERRORES LEGISLATIVOS EN EL PRESUPUESTO DE ESTE A\u00d1O PARA LA UASLP, ES NECESARIO ACLARAR DUDAS, DESDE AHORA La Junta de Coordinaci\u00f3n Pol\u00edtica (JUCOPO) del Congreso del Estado, citar\u00e1 a una reuni\u00f3n de trabajo con las y los integrantes de la Comisi\u00f3n de Hacienda del Estado al rector de la Universidad [&hellip;]<\/p>\n","protected":false},"author":2,"featured_media":53168,"comment_status":"","ping_status":"","sticky":false,"template":"","format":"standard","meta":{"_monsterinsights_skip_tracking":false,"_monsterinsights_sitenote_active":false,"_monsterinsights_sitenote_note":"","_monsterinsights_sitenote_category":0,"footnotes":""},"categories":[5],"tags":[],"class_list":["post-53167","post","type-post","status-publish","format-standard","has-post-thumbnail","hentry","category-san-luis-potosi"],"_links":{"self":[{"href":"https:\/\/informebajio.com.mx\/index.php?rest_route=\/wp\/v2\/posts\/53167","targetHints":{"allow":["GET"]}}],"collection":[{"href":"https:\/\/informebajio.com.mx\/index.php?rest_route=\/wp\/v2\/posts"}],"about":[{"href":"https:\/\/informebajio.com.mx\/index.php?rest_route=\/wp\/v2\/types\/post"}],"author":[{"embeddable":true,"href":"https:\/\/informebajio.com.mx\/index.php?rest_route=\/wp\/v2\/users\/2"}],"replies":[{"embeddable":true,"href":"https:\/\/informebajio.com.mx\/index.php?rest_route=%2Fwp%2Fv2%2Fcomments&post=53167"}],"version-history":[{"count":0,"href":"https:\/\/informebajio.com.mx\/index.php?rest_route=\/wp\/v2\/posts\/53167\/revisions"}],"wp:featuredmedia":[{"embeddable":true,"href":"https:\/\/informebajio.com.mx\/index.php?rest_route=\/wp\/v2\/media\/53168"}],"wp:attachment":[{"href":"https:\/\/informebajio.com.mx\/index.php?rest_route=%2Fwp%2Fv2%2Fmedia&parent=53167"}],"wp:term":[{"taxonomy":"category","embeddable":true,"href":"https:\/\/informebajio.com.mx\/index.php?rest_route=%2Fwp%2Fv2%2Fcategories&post=53167"},{"taxonomy":"post_tag","embeddable":true,"href":"https:\/\/informebajio.com.mx\/index.php?rest_route=%2Fwp%2Fv2%2Ftags&post=53167"}],"curies":[{"name":"wp","href":"https:\/\/api.w.org\/{rel}","templated":true}]}}