{"id":53169,"date":"2025-11-23T11:04:06","date_gmt":"2025-11-23T17:04:06","guid":{"rendered":"https:\/\/informebajio.com.mx\/?p=53169"},"modified":"2025-11-23T11:04:06","modified_gmt":"2025-11-23T17:04:06","slug":"joven-acaba-con-su-existencia-via-ahorcamiento","status":"publish","type":"post","link":"https:\/\/informebajio.com.mx\/?p=53169","title":{"rendered":"Joven acaba con su existencia v\u00eda ahorcamiento"},"content":{"rendered":"<div>\n<p><span style=\"font-weight: 400;\">Fue encontrado por sus familiares sin vida\u00a0 en su rec\u00e1mara, en un domicilio del municipio de San Juan del R\u00edo<\/span><\/p>\n<p>\u00a0<\/p>\n<p><span style=\"font-weight: 400;\">Por Nicasio Mendoza\u00a0<\/span><\/p>\n<p><span style=\"font-weight: 400;\">Noticias\u00a0<\/span><\/p>\n<p><span style=\"font-weight: 400;\">Masculino, de 22 a\u00f1os de edad, se quit\u00f3 la vida v\u00eda ahorcamiento, la ma\u00f1ana de ayer, al interior de un domicilio ubicado en la calle Santa Elena, de la comunidad de La Llave, en el municipio de San Juan del R\u00edo.<\/span><\/p>\n<p><span style=\"font-weight: 400;\">Fueron sus familiares quienes al no salir el joven de su rec\u00e1mara para desayunar, fueron a buscarlo, pero lamentablemente lo encontraron pendiendo de un metal, con una soga atada al cuello. Los consternados familiares enseguida lo bajaron y le brindaron ayuda, pero ya no respond\u00eda, minutos despu\u00e9s al lejano lugar acudieron los servicios de emergencias m\u00e9dicas, quienes desafortunadamente solo confirmaron la ausencia de signos vitales del joven.<\/span><\/p>\n<p><span style=\"font-weight: 400;\">Polic\u00edas municipales se enfocaron en asegurar el domicilio, en espera del arribo de la autoridad competente.<\/span><\/p>\n<p><span style=\"font-weight: 400;\">M\u00e9dicos forenses y Polic\u00edas de Investigaci\u00f3n del Delito llegaron al lugar,\u00a0 donde se enfocaron en realizar las primeras indagatorias de lo ocurrido y al dar por terminada la diligencia, el cad\u00e1ver fue recuperado del inmueble y fue subido a la ambulancia forense, para su traslado a la morgue, donde se llevar\u00e1 a cabo la necropsia de ley; aunque se dijo que se trat\u00f3 de un suicidio, en el lugar se inici\u00f3 una\u00a0 carpeta \u00fanica de investigaci\u00f3n.<\/span><\/p>\n<p><img fetchpriority=\"high\" decoding=\"async\" class=\"alignnone size-medium wp-image-705725\" src=\"https:\/\/cdn.noticiasdequeretaro.com.mx\/wp-content\/uploads\/2025\/11\/23105712\/EL-TRISTE-600x349.jpeg\" alt=\"\" width=\"600\" height=\"349\" srcset=\"https:\/\/cdn.noticiasdequeretaro.com.mx\/wp-content\/uploads\/2025\/11\/23105712\/EL-TRISTE-600x349.jpeg 600w, https:\/\/cdn.noticiasdequeretaro.com.mx\/wp-content\/uploads\/2025\/11\/23105712\/EL-TRISTE-1024x595.jpeg 1024w, https:\/\/cdn.noticiasdequeretaro.com.mx\/wp-content\/uploads\/2025\/11\/23105712\/EL-TRISTE-300x174.jpeg 300w, https:\/\/cdn.noticiasdequeretaro.com.mx\/wp-content\/uploads\/2025\/11\/23105712\/EL-TRISTE-768x446.jpeg 768w, https:\/\/cdn.noticiasdequeretaro.com.mx\/wp-content\/uploads\/2025\/11\/23105712\/EL-TRISTE-1536x893.jpeg 1536w, https:\/\/cdn.noticiasdequeretaro.com.mx\/wp-content\/uploads\/2025\/11\/23105712\/EL-TRISTE.jpeg 1600w\" sizes=\"(max-width: 600px) 100vw, 600px\"\/> <img loading=\"lazy\" decoding=\"async\" class=\"alignnone size-medium wp-image-705726\" src=\"https:\/\/cdn.noticiasdequeretaro.com.mx\/wp-content\/uploads\/2025\/11\/23105717\/MEDICOS-600x342.jpeg\" alt=\"\" width=\"600\" height=\"342\" srcset=\"https:\/\/cdn.noticiasdequeretaro.com.mx\/wp-content\/uploads\/2025\/11\/23105717\/MEDICOS-600x342.jpeg 600w, https:\/\/cdn.noticiasdequeretaro.com.mx\/wp-content\/uploads\/2025\/11\/23105717\/MEDICOS-1024x583.jpeg 1024w, https:\/\/cdn.noticiasdequeretaro.com.mx\/wp-content\/uploads\/2025\/11\/23105717\/MEDICOS-300x171.jpeg 300w, https:\/\/cdn.noticiasdequeretaro.com.mx\/wp-content\/uploads\/2025\/11\/23105717\/MEDICOS-768x437.jpeg 768w, https:\/\/cdn.noticiasdequeretaro.com.mx\/wp-content\/uploads\/2025\/11\/23105717\/MEDICOS-1536x875.jpeg 1536w, https:\/\/cdn.noticiasdequeretaro.com.mx\/wp-content\/uploads\/2025\/11\/23105717\/MEDICOS.jpeg 1600w\" sizes=\"auto, (max-width: 600px) 100vw, 600px\"\/> <\/p>\n<\/div>\n<p><script>(function(d, s, id) {\n  var js, fjs = d.getElementsByTagName(s)[0];\n  if (d.getElementById(id)) return;\n  js = d.createElement(s); js.id = id;\n  js.src = \"\/\/connect.facebook.net\/es_LA\/sdk.js#xfbml=1&appId=546007945598485&version=v2.3\";\n  fjs.parentNode.insertBefore(js, fjs);\n}(document, 'script', 'facebook-jssdk'));<\/script><\/p>\n","protected":false},"excerpt":{"rendered":"<p>Fue encontrado por sus familiares sin vida\u00a0 en su rec\u00e1mara, en un domicilio del municipio de San Juan del R\u00edo \u00a0 Por Nicasio Mendoza\u00a0 Noticias\u00a0 Masculino, de 22 a\u00f1os de edad, se quit\u00f3 la vida v\u00eda ahorcamiento, la ma\u00f1ana de ayer, al interior de un domicilio ubicado en la calle Santa Elena, de la comunidad [&hellip;]<\/p>\n","protected":false},"author":2,"featured_media":53170,"comment_status":"","ping_status":"","sticky":false,"template":"","format":"standard","meta":{"_monsterinsights_skip_tracking":false,"_monsterinsights_sitenote_active":false,"_monsterinsights_sitenote_note":"","_monsterinsights_sitenote_category":0,"footnotes":""},"categories":[4],"tags":[],"class_list":["post-53169","post","type-post","status-publish","format-standard","has-post-thumbnail","hentry","category-queretaro"],"_links":{"self":[{"href":"https:\/\/informebajio.com.mx\/index.php?rest_route=\/wp\/v2\/posts\/53169","targetHints":{"allow":["GET"]}}],"collection":[{"href":"https:\/\/informebajio.com.mx\/index.php?rest_route=\/wp\/v2\/posts"}],"about":[{"href":"https:\/\/informebajio.com.mx\/index.php?rest_route=\/wp\/v2\/types\/post"}],"author":[{"embeddable":true,"href":"https:\/\/informebajio.com.mx\/index.php?rest_route=\/wp\/v2\/users\/2"}],"replies":[{"embeddable":true,"href":"https:\/\/informebajio.com.mx\/index.php?rest_route=%2Fwp%2Fv2%2Fcomments&post=53169"}],"version-history":[{"count":0,"href":"https:\/\/informebajio.com.mx\/index.php?rest_route=\/wp\/v2\/posts\/53169\/revisions"}],"wp:featuredmedia":[{"embeddable":true,"href":"https:\/\/informebajio.com.mx\/index.php?rest_route=\/wp\/v2\/media\/53170"}],"wp:attachment":[{"href":"https:\/\/informebajio.com.mx\/index.php?rest_route=%2Fwp%2Fv2%2Fmedia&parent=53169"}],"wp:term":[{"taxonomy":"category","embeddable":true,"href":"https:\/\/informebajio.com.mx\/index.php?rest_route=%2Fwp%2Fv2%2Fcategories&post=53169"},{"taxonomy":"post_tag","embeddable":true,"href":"https:\/\/informebajio.com.mx\/index.php?rest_route=%2Fwp%2Fv2%2Ftags&post=53169"}],"curies":[{"name":"wp","href":"https:\/\/api.w.org\/{rel}","templated":true}]}}