{"id":53175,"date":"2025-11-24T07:05:20","date_gmt":"2025-11-24T13:05:20","guid":{"rendered":"https:\/\/informebajio.com.mx\/?p=53175"},"modified":"2025-11-24T07:05:20","modified_gmt":"2025-11-24T13:05:20","slug":"viene-un-invierno-duro-chepe-guerrero","status":"publish","type":"post","link":"https:\/\/informebajio.com.mx\/?p=53175","title":{"rendered":"Viene un invierno duro: Chepe Guerrero"},"content":{"rendered":"<div>\n<p><span style=\"font-weight: 400;\">Diego Hern\u00e1ndez<\/span><\/p>\n<p><span style=\"font-weight: 400;\">Noticias<\/span><\/p>\n<p>\u00a0<\/p>\n<p><span style=\"font-weight: 400;\">En el municipio de Corregidora contin\u00faan las labores para mitigar el impacto del fr\u00edo en esta temporada invernal, Josu\u00e9 Guerrero Tr\u00e1pala, presidente municipal de la demarcaci\u00f3n reconoci\u00f3 que ser\u00e1 un invierno duro, sin embargo, insisti\u00f3 que se est\u00e1n tomando las medidas correspondientes en favor de la poblaci\u00f3n vulnerable.<\/span><\/p>\n<p><span style=\"font-weight: 400;\">\u201cEs una temporada donde se vive la calidez en los hogares, pero tambi\u00e9n sabemos por lo que nos comenta Protecci\u00f3n Civil que ser\u00e1 una temporada particularmente fr\u00eda. Ser\u00e1 un invierno duro y por lo mismo tambi\u00e9n agradezco y reconozco al DIF, nuevamente a su Presidenta, en su Directora General, la colecta que est\u00e1n haciendo de ropa abrigadora\u201d.<\/span><\/p>\n<p><span style=\"font-weight: 400;\">De acuerdo al Sistema Meteorol\u00f3gico Nacional desde oto\u00f1o a primavera se prev\u00e9 que haya en el pa\u00eds 56 frentes fr\u00edos en el territorio nacional, en este mes de noviembre se ten\u00edan contemplados 6, mismo n\u00famero para diciembre, pero de enero a abril se espera que de manera mensual se tengan 7 en promedio.<\/span><\/p>\n<p><span style=\"font-weight: 400;\">Por su parte, Guerrero Tr\u00e1pala manifest\u00f3 que en conjunto con Protecci\u00f3n Civil ya tienen identificadas las zonas que pudieran verse impactadas en mayor manera por el descenso de temperaturas; no obstante destac\u00f3 que debido a la geograf\u00eda del municipio es poco com\u00fan que lleguen a requerir una ayuda extra.<\/span><\/p>\n<p><span style=\"font-weight: 400;\">Asimismo, destac\u00f3 que el Sistema DIF Municipal est\u00e1 preparando un espacio en caso que haya familias o personas que requieran un albergue, sin embargo, apunt\u00f3 que con la entrega de cobijas y ropa abrigadora se pueda cumplir con las necesidades de la poblaci\u00f3n.<\/span><\/p>\n<\/div>\n<p><script>(function(d, s, id) {\n  var js, fjs = d.getElementsByTagName(s)[0];\n  if (d.getElementById(id)) return;\n  js = d.createElement(s); js.id = id;\n  js.src = \"\/\/connect.facebook.net\/es_LA\/sdk.js#xfbml=1&appId=546007945598485&version=v2.3\";\n  fjs.parentNode.insertBefore(js, fjs);\n}(document, 'script', 'facebook-jssdk'));<\/script><\/p>\n","protected":false},"excerpt":{"rendered":"<p>Diego Hern\u00e1ndez Noticias \u00a0 En el municipio de Corregidora contin\u00faan las labores para mitigar el impacto del fr\u00edo en esta temporada invernal, Josu\u00e9 Guerrero Tr\u00e1pala, presidente municipal de la demarcaci\u00f3n reconoci\u00f3 que ser\u00e1 un invierno duro, sin embargo, insisti\u00f3 que se est\u00e1n tomando las medidas correspondientes en favor de la poblaci\u00f3n vulnerable. \u201cEs una temporada [&hellip;]<\/p>\n","protected":false},"author":2,"featured_media":53176,"comment_status":"","ping_status":"","sticky":false,"template":"","format":"standard","meta":{"_monsterinsights_skip_tracking":false,"_monsterinsights_sitenote_active":false,"_monsterinsights_sitenote_note":"","_monsterinsights_sitenote_category":0,"footnotes":""},"categories":[4],"tags":[],"class_list":["post-53175","post","type-post","status-publish","format-standard","has-post-thumbnail","hentry","category-queretaro"],"_links":{"self":[{"href":"https:\/\/informebajio.com.mx\/index.php?rest_route=\/wp\/v2\/posts\/53175","targetHints":{"allow":["GET"]}}],"collection":[{"href":"https:\/\/informebajio.com.mx\/index.php?rest_route=\/wp\/v2\/posts"}],"about":[{"href":"https:\/\/informebajio.com.mx\/index.php?rest_route=\/wp\/v2\/types\/post"}],"author":[{"embeddable":true,"href":"https:\/\/informebajio.com.mx\/index.php?rest_route=\/wp\/v2\/users\/2"}],"replies":[{"embeddable":true,"href":"https:\/\/informebajio.com.mx\/index.php?rest_route=%2Fwp%2Fv2%2Fcomments&post=53175"}],"version-history":[{"count":0,"href":"https:\/\/informebajio.com.mx\/index.php?rest_route=\/wp\/v2\/posts\/53175\/revisions"}],"wp:featuredmedia":[{"embeddable":true,"href":"https:\/\/informebajio.com.mx\/index.php?rest_route=\/wp\/v2\/media\/53176"}],"wp:attachment":[{"href":"https:\/\/informebajio.com.mx\/index.php?rest_route=%2Fwp%2Fv2%2Fmedia&parent=53175"}],"wp:term":[{"taxonomy":"category","embeddable":true,"href":"https:\/\/informebajio.com.mx\/index.php?rest_route=%2Fwp%2Fv2%2Fcategories&post=53175"},{"taxonomy":"post_tag","embeddable":true,"href":"https:\/\/informebajio.com.mx\/index.php?rest_route=%2Fwp%2Fv2%2Ftags&post=53175"}],"curies":[{"name":"wp","href":"https:\/\/api.w.org\/{rel}","templated":true}]}}