{"id":53179,"date":"2025-11-24T12:06:20","date_gmt":"2025-11-24T18:06:20","guid":{"rendered":"https:\/\/informebajio.com.mx\/?p=53179"},"modified":"2025-11-24T12:06:20","modified_gmt":"2025-11-24T18:06:20","slug":"continuan-gestiones-de-la-uaq-con-legisladores-por-presupuesto","status":"publish","type":"post","link":"https:\/\/informebajio.com.mx\/?p=53179","title":{"rendered":"Contin\u00faan gestiones de la UAQ con legisladores por presupuesto"},"content":{"rendered":"<div>\n<p><span style=\"font-weight: 400;\">Por Jahaira Lara\u00a0<\/span><\/p>\n<p><span style=\"font-weight: 400;\">Noticias\u00a0<\/span><\/p>\n<p>\u00a0<\/p>\n<p><span style=\"font-weight: 400;\">Pese a que el presupuesto federal que recibir\u00e1n las universidades de todo el pa\u00eds ya fue aprobado, la rectora de la Universidad Aut\u00f3noma de Quer\u00e9taro (UAQ), Silvia Amaya Llano, comparti\u00f3 que se busca gestionar con diputados federales un mayor recurso para hacer frente a las necesidades de la instituci\u00f3n,\u00a0 principalmente en el tema de crecimiento.<\/span><\/p>\n<p><span style=\"font-weight: 400;\">En este sentido,\u00a0 precis\u00f3 que derivado de algunas reuniones que se sostuvieron con integrantes de la c\u00e1mara baja, como Pedro Haces y Luis Humberto Fern\u00e1ndez,\u00a0 los funcionarios se comprometieron a buscar proyectos o bolsas extraordinarias a las que pueda acceder la universidad, principalmente para temas de infraestructura.<\/span><\/p>\n<p><span style=\"font-weight: 400;\">\u201cCuando fuimos a la legislatura federal, los diputados federales nos comentaban que ya lo del presupuesto estaba pr\u00e1cticamente definido, pero que iban a buscar proyectos extraordinarios. Digamos especiales, principalmente en temas de infraestructura o recursos fuera del presupuesto, pero que pudieran ayudarnos a atender necesidades que tenemos en ese rubro\u201d.\u00a0<\/span><\/p>\n<p><span style=\"font-weight: 400;\">Asimismo, se\u00f1al\u00f3 que en lo referente a las reuniones que se han mantenido con diputados locales, se les ha solicitado apoyar que la M\u00e1xima Casa de Estudios mantenga un incremento del 13 por ciento en el presupuesto estatal para el ejercicio 2026 y como ha ocurrido en los \u00faltimos a\u00f1os.<\/span><\/p>\n<p><span style=\"font-weight: 400;\">Esta solicitud, dijo,\u00a0 se realiza en funci\u00f3n de las actividades que m\u00e1s all\u00e1 de lo acad\u00e9mico hace la universidad, como los servicios que se prestan a la sociedad y los proyectos que se impulsan en diferentes \u00e1reas y que tienen un alto compromiso social.<\/span><\/p>\n<p><span style=\"font-weight: 400;\">Amaya Llano reiter\u00f3 que se buscar\u00e1n recursos a trav\u00e9s de diferentes v\u00edas para hacer frente a la baja que se tuvo en el presupuesto federal, como convocatorias para proyectos de investigaci\u00f3n o gestiones ante gobiernos municipales.<\/span><\/p>\n<p><span style=\"font-weight: 400;\">\u201cEstaremos buscando gestionar en donde podamos, a trav\u00e9s de los municipios; adem\u00e1s de contar con recursos adicionales que puedan no hacer tan evidente, pues esta disminuci\u00f3n presupuestal que a nivel federal, eh, pues afecta no solamente a la Universidad Aut\u00f3noma de Quer\u00e9taro, sino a todas las universidades p\u00fablicas del pa\u00eds\u201d, concluy\u00f3.\u00a0<\/span><\/p>\n<\/div>\n<p><script>(function(d, s, id) {\n  var js, fjs = d.getElementsByTagName(s)[0];\n  if (d.getElementById(id)) return;\n  js = d.createElement(s); js.id = id;\n  js.src = \"\/\/connect.facebook.net\/es_LA\/sdk.js#xfbml=1&appId=546007945598485&version=v2.3\";\n  fjs.parentNode.insertBefore(js, fjs);\n}(document, 'script', 'facebook-jssdk'));<\/script><\/p>\n","protected":false},"excerpt":{"rendered":"<p>Por Jahaira Lara\u00a0 Noticias\u00a0 \u00a0 Pese a que el presupuesto federal que recibir\u00e1n las universidades de todo el pa\u00eds ya fue aprobado, la rectora de la Universidad Aut\u00f3noma de Quer\u00e9taro (UAQ), Silvia Amaya Llano, comparti\u00f3 que se busca gestionar con diputados federales un mayor recurso para hacer frente a las necesidades de la instituci\u00f3n,\u00a0 principalmente [&hellip;]<\/p>\n","protected":false},"author":2,"featured_media":53180,"comment_status":"","ping_status":"","sticky":false,"template":"","format":"standard","meta":{"_monsterinsights_skip_tracking":false,"_monsterinsights_sitenote_active":false,"_monsterinsights_sitenote_note":"","_monsterinsights_sitenote_category":0,"footnotes":""},"categories":[4],"tags":[],"class_list":["post-53179","post","type-post","status-publish","format-standard","has-post-thumbnail","hentry","category-queretaro"],"_links":{"self":[{"href":"https:\/\/informebajio.com.mx\/index.php?rest_route=\/wp\/v2\/posts\/53179","targetHints":{"allow":["GET"]}}],"collection":[{"href":"https:\/\/informebajio.com.mx\/index.php?rest_route=\/wp\/v2\/posts"}],"about":[{"href":"https:\/\/informebajio.com.mx\/index.php?rest_route=\/wp\/v2\/types\/post"}],"author":[{"embeddable":true,"href":"https:\/\/informebajio.com.mx\/index.php?rest_route=\/wp\/v2\/users\/2"}],"replies":[{"embeddable":true,"href":"https:\/\/informebajio.com.mx\/index.php?rest_route=%2Fwp%2Fv2%2Fcomments&post=53179"}],"version-history":[{"count":0,"href":"https:\/\/informebajio.com.mx\/index.php?rest_route=\/wp\/v2\/posts\/53179\/revisions"}],"wp:featuredmedia":[{"embeddable":true,"href":"https:\/\/informebajio.com.mx\/index.php?rest_route=\/wp\/v2\/media\/53180"}],"wp:attachment":[{"href":"https:\/\/informebajio.com.mx\/index.php?rest_route=%2Fwp%2Fv2%2Fmedia&parent=53179"}],"wp:term":[{"taxonomy":"category","embeddable":true,"href":"https:\/\/informebajio.com.mx\/index.php?rest_route=%2Fwp%2Fv2%2Fcategories&post=53179"},{"taxonomy":"post_tag","embeddable":true,"href":"https:\/\/informebajio.com.mx\/index.php?rest_route=%2Fwp%2Fv2%2Ftags&post=53179"}],"curies":[{"name":"wp","href":"https:\/\/api.w.org\/{rel}","templated":true}]}}