{"id":53187,"date":"2025-11-25T03:08:07","date_gmt":"2025-11-25T09:08:07","guid":{"rendered":"https:\/\/informebajio.com.mx\/?p=53187"},"modified":"2025-11-25T03:08:07","modified_gmt":"2025-11-25T09:08:07","slug":"disfrutan-miles-de-personas-de-la-caravana-coca-cola","status":"publish","type":"post","link":"https:\/\/informebajio.com.mx\/?p=53187","title":{"rendered":"Disfrutan miles de personas de la Caravana Coca-Cola"},"content":{"rendered":"<div>\n<p><span style=\"font-weight: 400;\">Noticias<\/span><\/p>\n<p>\u00a0<\/p>\n<p><span style=\"font-weight: 400;\">El presidente municipal de Quer\u00e9taro, Felifer Mac\u00edas, dijo que con la realizaci\u00f3n de la Caravana Coca-Cola dan inicio las diversas actividades culturales y de entretenimiento que el municipio de Quer\u00e9taro organiza como parte de las festividades decembrinas, las cuales est\u00e1n enfocadas a la sana convivencia y a que las familias puedan disfrutar de su ciudad.<\/span><\/p>\n<p><span style=\"font-weight: 400;\">Resalt\u00f3 la respuesta positiva hacia la Caravana Coca-Cola, al se\u00f1alar el entusiasmo de las familias que acudieron para disfrutar de m\u00e1s de 500 participantes, de las cuatro comparsas y de los globos emblem\u00e1ticos como el oso polar y la botella de Coca-Cola.<\/span><\/p>\n<p><span style=\"font-weight: 400;\">Adem\u00e1s, m\u00e1s de 30 mil personas siguieron el recorrido de los ocho carros aleg\u00f3ricos en una tarde-noche llena de m\u00fasica, color, alegr\u00eda y un ambiente festivo que marc\u00f3 el inicio de las celebraciones decembrinas en la ciudad.<\/span><\/p>\n<\/div>\n<p><script>(function(d, s, id) {\n  var js, fjs = d.getElementsByTagName(s)[0];\n  if (d.getElementById(id)) return;\n  js = d.createElement(s); js.id = id;\n  js.src = \"\/\/connect.facebook.net\/es_LA\/sdk.js#xfbml=1&appId=546007945598485&version=v2.3\";\n  fjs.parentNode.insertBefore(js, fjs);\n}(document, 'script', 'facebook-jssdk'));<\/script><\/p>\n","protected":false},"excerpt":{"rendered":"<p>Noticias \u00a0 El presidente municipal de Quer\u00e9taro, Felifer Mac\u00edas, dijo que con la realizaci\u00f3n de la Caravana Coca-Cola dan inicio las diversas actividades culturales y de entretenimiento que el municipio de Quer\u00e9taro organiza como parte de las festividades decembrinas, las cuales est\u00e1n enfocadas a la sana convivencia y a que las familias puedan disfrutar de [&hellip;]<\/p>\n","protected":false},"author":2,"featured_media":53188,"comment_status":"","ping_status":"","sticky":false,"template":"","format":"standard","meta":{"_monsterinsights_skip_tracking":false,"_monsterinsights_sitenote_active":false,"_monsterinsights_sitenote_note":"","_monsterinsights_sitenote_category":0,"footnotes":""},"categories":[4],"tags":[],"class_list":["post-53187","post","type-post","status-publish","format-standard","has-post-thumbnail","hentry","category-queretaro"],"_links":{"self":[{"href":"https:\/\/informebajio.com.mx\/index.php?rest_route=\/wp\/v2\/posts\/53187","targetHints":{"allow":["GET"]}}],"collection":[{"href":"https:\/\/informebajio.com.mx\/index.php?rest_route=\/wp\/v2\/posts"}],"about":[{"href":"https:\/\/informebajio.com.mx\/index.php?rest_route=\/wp\/v2\/types\/post"}],"author":[{"embeddable":true,"href":"https:\/\/informebajio.com.mx\/index.php?rest_route=\/wp\/v2\/users\/2"}],"replies":[{"embeddable":true,"href":"https:\/\/informebajio.com.mx\/index.php?rest_route=%2Fwp%2Fv2%2Fcomments&post=53187"}],"version-history":[{"count":0,"href":"https:\/\/informebajio.com.mx\/index.php?rest_route=\/wp\/v2\/posts\/53187\/revisions"}],"wp:featuredmedia":[{"embeddable":true,"href":"https:\/\/informebajio.com.mx\/index.php?rest_route=\/wp\/v2\/media\/53188"}],"wp:attachment":[{"href":"https:\/\/informebajio.com.mx\/index.php?rest_route=%2Fwp%2Fv2%2Fmedia&parent=53187"}],"wp:term":[{"taxonomy":"category","embeddable":true,"href":"https:\/\/informebajio.com.mx\/index.php?rest_route=%2Fwp%2Fv2%2Fcategories&post=53187"},{"taxonomy":"post_tag","embeddable":true,"href":"https:\/\/informebajio.com.mx\/index.php?rest_route=%2Fwp%2Fv2%2Ftags&post=53187"}],"curies":[{"name":"wp","href":"https:\/\/api.w.org\/{rel}","templated":true}]}}