{"id":53249,"date":"2025-11-27T23:22:22","date_gmt":"2025-11-28T05:22:22","guid":{"rendered":"https:\/\/informebajio.com.mx\/?p=53249"},"modified":"2025-11-27T23:22:22","modified_gmt":"2025-11-28T05:22:22","slug":"la-nueva-alcaldesa-de-uruapan-grecia-quiroz-traslada-a-harfuch-el-hartazgo-de-los-ciudadanos-hay-una-desconfianza-social","status":"publish","type":"post","link":"https:\/\/informebajio.com.mx\/?p=53249","title":{"rendered":"La nueva alcaldesa de Uruapan, Grecia Quiroz, traslada a Harfuch el hartazgo de los ciudadanos: \u201cHay una desconfianza social\u201d"},"content":{"rendered":"<div data-dtm-region=\"articulo_cuerpo\">\n<p class=\"\">La alcaldesa de Uruapan, Grecia Itzel Quiroz, ha trasladado este jueves el malestar de los ciudadanos por la situaci\u00f3n de inseguridad al secretario de Seguridad de M\u00e9xico, Omar Garc\u00eda Harfuch, durante su primer recorrido por Michoac\u00e1n tras presentarse un plan federal de pacificaci\u00f3n para el Estado. \u201cEl sentir de la ciudadan\u00eda es de hartazgo. Hay un hartazgo social, una desconfianza social [\u2026] Ya no hay esperanza en el Gobierno [federal]\u201d, ha afirmado Quiroz en conferencia de prensa, d\u00edas despu\u00e9s de asumir el cargo en reemplazo de<a href=\"https:\/\/elpais.com\/mexico\/2025-11-09\/la-vida-despues-de-carlos-manzo.html\" target=\"_blank\" rel=\"noreferrer\" title=\"https:\/\/elpais.com\/mexico\/2025-11-09\/la-vida-despues-de-carlos-manzo.html\"> su esposo, Carlos Manzo<\/a>, asesinado a balazos a comienzos de noviembre. La alcaldesa ha reiterado tambi\u00e9n que est\u00e1 dispuesta a continuar el movimiento comenzado por Manzo, que buscaba atajar el crimen y la inseguridad en Uruapan.<\/p>\n<p class=\"\">Quiroz se reun\u00eda unas horas antes con Harfuch en Uruapan. All\u00ed, solicit\u00f3 a las autoridades federales que vayan y ataquen los cerros en los que \u201csaben que se encuentran los delincuentes\u201d en referencia al recorrido del secretario. \u201cDe nada nos sirve que se anden paseando entre la ciudadan\u00eda, entre nosotros, cuando lo \u00fanico que los ciudadanos quieren es trabajar, libre y confiadamente\u201d, ha matizado. El municipio de Uruapan se ha visto en medio del vendaval de la fuerte violencia que recorre el Estado, a\u00fan conmocionado por el asesinato de Manzo.<\/p>\n<p class=\"\">Harfuch visitaba este jueves Michoac\u00e1n por primera vez desde el anuncio el pasado domingo de un <a href=\"https:\/\/elpais.com\/mexico\/2025-11-11\/el-profundo-calado-del-crimen-en-michoacan-reta-el-ambicioso-plan-de-paz.html\" target=\"_self\" rel=\"\" title=\"https:\/\/elpais.com\/mexico\/2025-11-11\/el-profundo-calado-del-crimen-en-michoacan-reta-el-ambicioso-plan-de-paz.html\">nuevo plan de planificaci\u00f3n para el Estado<\/a>, en un trayecto donde ha estado acompa\u00f1ado por el secretario de Defensa, el general Ricardo Trevilla Trejo. Tras aterrizar en Morelia para reunirse con las autoridades del territorio, Harfuch viaj\u00f3 a Uruapan, donde recorri\u00f3 las calles en un veh\u00edculo del Ej\u00e9rcito, rodeado de un grupo de militares. Luego se reun\u00eda con Quiroz.<\/p>\n<figure class=\"a_m a_m-h \"><span class=\"_db a_m_w\"><img decoding=\"auto\" class=\"_re lazyload a_m-h\" height=\"233\" srcset=\"https:\/\/imagenes.elpais.com\/resizer\/v2\/FAUTYJ2NU5FVLP6PYCHOPOAA5M.jpeg?auth=0dcb8d1bcf41b82297d14b69343b67cd8d9cf29ca814a2fc516e913539c88983&amp;width=414 414w,https:\/\/imagenes.elpais.com\/resizer\/v2\/FAUTYJ2NU5FVLP6PYCHOPOAA5M.jpeg?auth=0dcb8d1bcf41b82297d14b69343b67cd8d9cf29ca814a2fc516e913539c88983&amp;width=828 640w,https:\/\/imagenes.elpais.com\/resizer\/v2\/FAUTYJ2NU5FVLP6PYCHOPOAA5M.jpeg?auth=0dcb8d1bcf41b82297d14b69343b67cd8d9cf29ca814a2fc516e913539c88983&amp;width=980 1000w,https:\/\/imagenes.elpais.com\/resizer\/v2\/FAUTYJ2NU5FVLP6PYCHOPOAA5M.jpeg?auth=0dcb8d1bcf41b82297d14b69343b67cd8d9cf29ca814a2fc516e913539c88983&amp;width=1960 1960w\" width=\"414\" sizes=\"auto, (min-width:1199px) 1155px,(min-width:1001px) calc(100vw - 44px),(min-width:768px) 767px, 100vw\" src=\"https:\/\/imagenes.elpais.com\/resizer\/v2\/FAUTYJ2NU5FVLP6PYCHOPOAA5M.jpeg?auth=0dcb8d1bcf41b82297d14b69343b67cd8d9cf29ca814a2fc516e913539c88983&amp;width=414\" loading=\"lazy\"\/><\/span><figcaption class=\"a_m_p\" aria-hidden=\"true\"><span>Harfuch en recorrido con autoridades, en Morelia, este jueves.<\/span><span class=\"a_m_m\">@OHarfuch<\/span><\/figcaption><\/figure>\n<p class=\"\">La alcaldesa no ha podido esconder el dolor que le produjo el asesinato de su marido, un sentimiento que tambi\u00e9n se ha expandido por el pa\u00eds. \u201cHan sido d\u00edas muy dif\u00edciles en lo personal, en lo familiar. Y pues no se diga como sociedad [&#8230;] Estoy muy enojada, muy consternada. No ha habido d\u00eda que yo no haya dejado de exigir justicia y no va a haber d\u00eda que lo deje de hacer\u201d, ha dicho. La alcaldesa ha asegurado que lo mismo que le ha dicho Harfuch se lo plante\u00f3 a la <a href=\"https:\/\/elpais.com\/mexico\/2025-11-11\/sheinbaum-se-enzarza-con-calderon-por-la-violencia-en-michoacan-quien-declara-la-guerra-en-su-propio-pais.html\" target=\"_self\" rel=\"\" title=\"https:\/\/elpais.com\/mexico\/2025-11-11\/sheinbaum-se-enzarza-con-calderon-por-la-violencia-en-michoacan-quien-declara-la-guerra-en-su-propio-pais.html\">presidenta Claudia Sheinbaum<\/a> en la reuni\u00f3n que tuvieron unos d\u00edas atr\u00e1s: \u201cFue la misma din\u00e1mica. Exigirle justicia por lo que le hicieron a Carlos [Manzo], por todos aquellos que han muerto de esta manera y que Uruapan y Michoac\u00e1n ya est\u00e1n cansados\u201d.<\/p>\n<p class=\"\">Harfuch ha hecho menci\u00f3n en un comunicado a la reuni\u00f3n que tuvo con Quiroz en Uruapan, \u201cpara reforzar vigilancia y atender necesidades de la poblaci\u00f3n\u201d. \u201cLa seguridad de Michoac\u00e1n es prioridad del Gobierno de M\u00e9xico. Volveremos de manera constante para supervisar y avanzar en la construcci\u00f3n de la paz\u201d, ha expuesto. Unas horas antes, se reun\u00eda tambi\u00e9n con las diferentes autoridades locales y estatales para revisar los ejes estrat\u00e9gicos del plan: inteligencia, atenci\u00f3n a las causas, coordinaci\u00f3n, regionalizaci\u00f3n y blindaje de fronteras. \u201cAgradecemos a las y los presidentes municipales que expresaron su confianza y disposici\u00f3n para trabajar con el Estado y la Federaci\u00f3n\u201d, ha se\u00f1alado en el escrito.<\/p>\n<figure class=\"a_m a_m-h \"><span class=\"_db a_m_w _pr lb_btn\"><img decoding=\"auto\" class=\"_re lazyload a_m-h\" height=\"233\" srcset=\"https:\/\/imagenes.elpais.com\/resizer\/v2\/KMDMEG46MJEDDKWXWUMJTII3WA.jpg?auth=a26de341c838ec58b4080a2c135a7dc45764ad73ce35c915abd5746cde23fc8b&amp;width=414 414w,https:\/\/imagenes.elpais.com\/resizer\/v2\/KMDMEG46MJEDDKWXWUMJTII3WA.jpg?auth=a26de341c838ec58b4080a2c135a7dc45764ad73ce35c915abd5746cde23fc8b&amp;width=828 640w,https:\/\/imagenes.elpais.com\/resizer\/v2\/KMDMEG46MJEDDKWXWUMJTII3WA.jpg?auth=a26de341c838ec58b4080a2c135a7dc45764ad73ce35c915abd5746cde23fc8b&amp;width=980 1000w,https:\/\/imagenes.elpais.com\/resizer\/v2\/KMDMEG46MJEDDKWXWUMJTII3WA.jpg?auth=a26de341c838ec58b4080a2c135a7dc45764ad73ce35c915abd5746cde23fc8b&amp;width=1960 1960w\" width=\"414\" sizes=\"auto, (min-width:1199px) 1155px,(min-width:1001px) calc(100vw - 44px),(min-width:768px) 767px, 100vw\" src=\"https:\/\/imagenes.elpais.com\/resizer\/v2\/KMDMEG46MJEDDKWXWUMJTII3WA.jpg?auth=a26de341c838ec58b4080a2c135a7dc45764ad73ce35c915abd5746cde23fc8b&amp;width=414\" loading=\"lazy\"\/><svg aria-hidden=\"true\" class=\"icon_multimedia_ampliar | _pa a_m_i a_m_i-a _dn\" viewbox=\"0 0 40 40\"><use xlink:href=\"#svg-ampliar\"\/><\/svg><\/span><figcaption class=\"a_m_p\" aria-hidden=\"true\"><span>Presentaci\u00f3n del Plan Michoac\u00e1n por la Paz y la Justicia, en Morelia, este jueves.<\/span><span class=\"a_m_m\">Gabinete de Seguridad<\/span><\/figcaption><\/figure>\n<p class=\"\">Sheinbaum adelantaba durante su habitual conferencia ma\u00f1anera que el Gabinete de Seguridad viajar\u00eda a Michoac\u00e1n, donde se ha desplegado a la Guardia Nacional, las Fuerzas Armadas y los equipos de investigaci\u00f3n federales. Quiroz tambi\u00e9n ha tenido unas palabras sobre ese proyecto: \u201cEn esta reuni\u00f3n [con el secretario de Seguridad], yo les dije que el plan Paricut\u00edn [la operaci\u00f3n de refuerzo de seguridad en Michoac\u00e1n] se escucha muy bonito, muy ostentoso, pero la sociedad est\u00e1 harta\u201d. Sheinbaum, preguntada en la ma\u00f1ana por los avances del Gabinete sobre el plan de pacificaci\u00f3n, expuso que dar\u00e1n la informaci\u00f3n la semana que viene: \u201cRecuerden que cuando presentamos el Plan, dije: \u2018Cada mes vamos a ir informando c\u00f3mo vamos\u2019. La pr\u00f3xima semana vamos a presentar c\u00f3mo vamos a iniciar, con qu\u00e9 trabajos\u201d, ha explicado.<\/p>\n<p class=\"\">La mandataria tambi\u00e9n dej\u00f3 en el aire si viajar\u00e1 al Estado pr\u00f3ximamente: \u201cVamos a ver, vamos a ver. Pero el Gobierno est\u00e1 ah\u00ed presente\u201d, a\u00f1adi\u00f3. La mandataria no confirm\u00f3 si se unir\u00e1 en noviembre a las reuniones de<b> <\/b>Gabinete en los Estados, ya que busca \u201cconsolidar bien\u201d el plan para Michoac\u00e1n. \u201cVamos a ver si, al mismo tiempo, hacemos las reuniones en todo el pa\u00eds o ya las dejamos hasta enero\u201d, defendi\u00f3.<\/p>\n<p class=\"\">El asesinato a balazos de Manzo por un joven de 17 a\u00f1os, atribuido al Cartel Jalisco Nueva Generaci\u00f3n (CJNG), ha mostrado al pa\u00eds las heridas de un territorio marcado por la violencia. Una semana despu\u00e9s de la tragedia, Sheinbaum presentaba ese plan de pacificaci\u00f3n, que prev\u00e9 un centenar de acciones, marcadas por el desembolso de 57.000 millones de pesos y un despliegue de 5.000 militares por todo el territorio. Es la reacci\u00f3n a un suceso que resalta datos como el de la inseguridad, tambi\u00e9n en Uruapan: el 82,6% de los habitantes del municipio consideraron que era inseguro durante el tercer trimestre del a\u00f1o. Eso pon\u00eda al territorio como el quinto entre los m\u00e1s inseguros del pa\u00eds.<\/p>\n<\/div>\n<p><\/p>\n","protected":false},"excerpt":{"rendered":"<p>La alcaldesa de Uruapan, Grecia Itzel Quiroz, ha trasladado este jueves el malestar de los ciudadanos por la situaci\u00f3n de inseguridad al secretario de Seguridad de M\u00e9xico, Omar Garc\u00eda Harfuch, durante su primer recorrido por Michoac\u00e1n tras presentarse un plan federal de pacificaci\u00f3n para el Estado. \u201cEl sentir de la ciudadan\u00eda es de hartazgo. Hay [&hellip;]<\/p>\n","protected":false},"author":2,"featured_media":53250,"comment_status":"","ping_status":"","sticky":false,"template":"","format":"standard","meta":{"_monsterinsights_skip_tracking":false,"_monsterinsights_sitenote_active":false,"_monsterinsights_sitenote_note":"","_monsterinsights_sitenote_category":0,"footnotes":""},"categories":[7],"tags":[],"class_list":["post-53249","post","type-post","status-publish","format-standard","has-post-thumbnail","hentry","category-michoacan"],"_links":{"self":[{"href":"https:\/\/informebajio.com.mx\/index.php?rest_route=\/wp\/v2\/posts\/53249","targetHints":{"allow":["GET"]}}],"collection":[{"href":"https:\/\/informebajio.com.mx\/index.php?rest_route=\/wp\/v2\/posts"}],"about":[{"href":"https:\/\/informebajio.com.mx\/index.php?rest_route=\/wp\/v2\/types\/post"}],"author":[{"embeddable":true,"href":"https:\/\/informebajio.com.mx\/index.php?rest_route=\/wp\/v2\/users\/2"}],"replies":[{"embeddable":true,"href":"https:\/\/informebajio.com.mx\/index.php?rest_route=%2Fwp%2Fv2%2Fcomments&post=53249"}],"version-history":[{"count":0,"href":"https:\/\/informebajio.com.mx\/index.php?rest_route=\/wp\/v2\/posts\/53249\/revisions"}],"wp:featuredmedia":[{"embeddable":true,"href":"https:\/\/informebajio.com.mx\/index.php?rest_route=\/wp\/v2\/media\/53250"}],"wp:attachment":[{"href":"https:\/\/informebajio.com.mx\/index.php?rest_route=%2Fwp%2Fv2%2Fmedia&parent=53249"}],"wp:term":[{"taxonomy":"category","embeddable":true,"href":"https:\/\/informebajio.com.mx\/index.php?rest_route=%2Fwp%2Fv2%2Fcategories&post=53249"},{"taxonomy":"post_tag","embeddable":true,"href":"https:\/\/informebajio.com.mx\/index.php?rest_route=%2Fwp%2Fv2%2Ftags&post=53249"}],"curies":[{"name":"wp","href":"https:\/\/api.w.org\/{rel}","templated":true}]}}