{"id":53261,"date":"2025-11-28T16:18:17","date_gmt":"2025-11-28T22:18:17","guid":{"rendered":"https:\/\/informebajio.com.mx\/?p=53261"},"modified":"2025-11-28T16:18:17","modified_gmt":"2025-11-28T22:18:17","slug":"sabado-se-entrega-presupuesto-al-congreso","status":"publish","type":"post","link":"https:\/\/informebajio.com.mx\/?p=53261","title":{"rendered":"S\u00e1bado se entrega Presupuesto al Congreso"},"content":{"rendered":"<div>\n<h2><span style=\"font-weight: 400;\">Se espera un incremento del 13% a la UAQ <\/span><\/h2>\n<p><span style=\"font-weight: 400;\">Diego Hern\u00e1ndez\u00a0<\/span><\/p>\n<p><span style=\"font-weight: 400;\">Noticias\u00a0<\/span><\/p>\n<p><span style=\"font-weight: 400;\">Georgina Guzm\u00e1n, presidenta de la Mesa Directiva del Congreso de Quer\u00e9taro destac\u00f3 que la propuesta de Paquete Econ\u00f3mico para 2026 se ingresar\u00e1 al Congreso este pr\u00f3ximo s\u00e1bado por parte del Poder Ejecutivo, donde se ha tenido una buena comunicaci\u00f3n entre las partes.<\/span><\/p>\n<p><span style=\"font-weight: 400;\">\u201cHemos tenido reuniones, mesas de trabajo, es cierto, con ambas fracciones, con todas las fracciones m\u00e1s bien, pero lo van a entregar el s\u00e1bado. S\u00e1bado a mediod\u00eda ya nos confirmaron que entregan el paquete presupuestal\u201d.<\/span><\/p>\n<p><span style=\"font-weight: 400;\">C\u00f3mo cada a\u00f1o, el Congreso de Quer\u00e9taro es el encargado de analizar y en su debido caso aprobar el Paquete Econ\u00f3mico para Quer\u00e9taro, la Legislatura tiene hasta el 15 de diciembre para aprobar el proyecto.<\/span><\/p>\n<p><span style=\"font-weight: 400;\">Con esto, la presidenta de la Mesa Directiva destac\u00f3 el acercamiento en esta ocasi\u00f3n de la Secretar\u00eda de Finanzas, donde ha hablado con todos los legisladores y darles a conocer en una primera instancia sobre el proyecto.<\/span><\/p>\n<p><span style=\"font-weight: 400;\">Bajo esa misma idea, destac\u00f3 que recientemente se reunieron con Silvia Amaya, rectora de la Universidad Aut\u00f3noma de Quer\u00e9taro, donde hablaron del tema presupuestal, adelant\u00f3 que de nueva cuenta se les incrementar\u00e1 un presupuesto en un 13 por ciento c\u00f3mo es costumbre, donde se le garantiz\u00f3 que se va a respetar dicho aumento.\u00a0<\/span><\/p>\n<p><span style=\"font-weight: 400;\">En cuanto a la propia Legislatura, mencion\u00f3 que s\u00ed habr\u00e1 un incremento al presupuesto pero de manera m\u00ednima, por el momento esperan que se oficialicen las cifras, que los legisladores las estudien y se preparen para esta discusi\u00f3n en el Pleno.<\/span><\/p>\n<\/div>\n<p><script>(function(d, s, id) {\n  var js, fjs = d.getElementsByTagName(s)[0];\n  if (d.getElementById(id)) return;\n  js = d.createElement(s); js.id = id;\n  js.src = \"\/\/connect.facebook.net\/es_LA\/sdk.js#xfbml=1&appId=546007945598485&version=v2.3\";\n  fjs.parentNode.insertBefore(js, fjs);\n}(document, 'script', 'facebook-jssdk'));<\/script><\/p>\n","protected":false},"excerpt":{"rendered":"<p>Se espera un incremento del 13% a la UAQ Diego Hern\u00e1ndez\u00a0 Noticias\u00a0 Georgina Guzm\u00e1n, presidenta de la Mesa Directiva del Congreso de Quer\u00e9taro destac\u00f3 que la propuesta de Paquete Econ\u00f3mico para 2026 se ingresar\u00e1 al Congreso este pr\u00f3ximo s\u00e1bado por parte del Poder Ejecutivo, donde se ha tenido una buena comunicaci\u00f3n entre las partes. \u201cHemos [&hellip;]<\/p>\n","protected":false},"author":2,"featured_media":53262,"comment_status":"","ping_status":"","sticky":false,"template":"","format":"standard","meta":{"_monsterinsights_skip_tracking":false,"_monsterinsights_sitenote_active":false,"_monsterinsights_sitenote_note":"","_monsterinsights_sitenote_category":0,"footnotes":""},"categories":[4],"tags":[],"class_list":["post-53261","post","type-post","status-publish","format-standard","has-post-thumbnail","hentry","category-queretaro"],"_links":{"self":[{"href":"https:\/\/informebajio.com.mx\/index.php?rest_route=\/wp\/v2\/posts\/53261","targetHints":{"allow":["GET"]}}],"collection":[{"href":"https:\/\/informebajio.com.mx\/index.php?rest_route=\/wp\/v2\/posts"}],"about":[{"href":"https:\/\/informebajio.com.mx\/index.php?rest_route=\/wp\/v2\/types\/post"}],"author":[{"embeddable":true,"href":"https:\/\/informebajio.com.mx\/index.php?rest_route=\/wp\/v2\/users\/2"}],"replies":[{"embeddable":true,"href":"https:\/\/informebajio.com.mx\/index.php?rest_route=%2Fwp%2Fv2%2Fcomments&post=53261"}],"version-history":[{"count":0,"href":"https:\/\/informebajio.com.mx\/index.php?rest_route=\/wp\/v2\/posts\/53261\/revisions"}],"wp:featuredmedia":[{"embeddable":true,"href":"https:\/\/informebajio.com.mx\/index.php?rest_route=\/wp\/v2\/media\/53262"}],"wp:attachment":[{"href":"https:\/\/informebajio.com.mx\/index.php?rest_route=%2Fwp%2Fv2%2Fmedia&parent=53261"}],"wp:term":[{"taxonomy":"category","embeddable":true,"href":"https:\/\/informebajio.com.mx\/index.php?rest_route=%2Fwp%2Fv2%2Fcategories&post=53261"},{"taxonomy":"post_tag","embeddable":true,"href":"https:\/\/informebajio.com.mx\/index.php?rest_route=%2Fwp%2Fv2%2Ftags&post=53261"}],"curies":[{"name":"wp","href":"https:\/\/api.w.org\/{rel}","templated":true}]}}