{"id":53269,"date":"2025-11-29T12:21:33","date_gmt":"2025-11-29T18:21:33","guid":{"rendered":"https:\/\/informebajio.com.mx\/?p=53269"},"modified":"2025-11-29T12:21:33","modified_gmt":"2025-11-29T18:21:33","slug":"sin-fecha-para-nueva-ley-organica-de-la-uaq","status":"publish","type":"post","link":"https:\/\/informebajio.com.mx\/?p=53269","title":{"rendered":"Sin fecha para nueva Ley Org\u00e1nica de la UAQ"},"content":{"rendered":"<div>\n<h2><span style=\"font-weight: 400;\">Rectora reconoci\u00f3 que se han presentado circunstancias que han hecho lento el proceso<\/span><\/h2>\n<p><span style=\"font-weight: 400;\">Por Jahaira Lara\u00a0<\/span><\/p>\n<p><span style=\"font-weight: 400;\">Noticias\u00a0<\/span><\/p>\n<p>\u00a0<\/p>\n<p><span style=\"font-weight: 400;\">A\u00fan no hay fecha para que el gobernador del estado,\u00a0 Mauricio Kuri, presente ante LXI Legislatura la propuesta para reformar la Ley Org\u00e1nica de la Universidad Aut\u00f3noma de Quer\u00e9taro (UAQ), reconoci\u00f3 la rectora de la instituci\u00f3n,\u00a0 Silvia Amaya Llano.\u00a0<\/span><\/p>\n<p><span style=\"font-weight: 400;\">A m\u00e1s de tres a\u00f1os de que el Consejo Universitario aprobara el anteproyecto para la nueva Ley Org\u00e1nica y sin que hasta el momento se haya presentado formalmente la iniciativa de reforma ante el Congreso del Estado, la rectora asegur\u00f3 que esta iniciativa no ha quedado en el olvido, \u00fanicamente se\u00f1al\u00f3 que se han presentado circunstancias que han hecho m\u00e1s lento el proceso.<\/span><\/p>\n<p><span style=\"font-weight: 400;\">\u201cOjal\u00e1 que una vez que los diputados hayan terminado con todo el tema de los presupuestos podamos retomar las reuniones (\u2026) No creo que sea un tema que vaya a quedar en el olvido, lo qje pasa es que se han presentado una serie de circunstancias que han hecho lento el proceso, pero yo conf\u00edo en que s\u00ed vamos a salir\u201d.<\/span><\/p>\n<p><span style=\"font-weight: 400;\">Pese a los retrasos presentados para el an\u00e1lisis y aprobaci\u00f3n de la nueva Ley, Amaya Llano se\u00f1al\u00f3 que al interior de la M\u00e1xima Casa de Estudios se contin\u00faan los trabajos referentes a la actualizaci\u00f3n de reglamentos y normativas que rigen la operatividad de la Universidad, para que est\u00e9n acorde a las necesidades actuales.<\/span><\/p>\n<p><span style=\"font-weight: 400;\">Comparti\u00f3 que desde el inici\u00f3 de su administraci\u00f3n han tenido una retroalimentaci\u00f3n respecto al anteproyecto presentado y se han sugerido cambios que fueron atendidos en su momento; actualmente, mencion\u00f3, se trabaja en detalles m\u00ednimos, por lo que reiter\u00f3 su confianza en las autoridades estatales para que este proyecto avance a la etapa final.<\/span><\/p>\n<\/div>\n<p><script>(function(d, s, id) {\n  var js, fjs = d.getElementsByTagName(s)[0];\n  if (d.getElementById(id)) return;\n  js = d.createElement(s); js.id = id;\n  js.src = \"\/\/connect.facebook.net\/es_LA\/sdk.js#xfbml=1&appId=546007945598485&version=v2.3\";\n  fjs.parentNode.insertBefore(js, fjs);\n}(document, 'script', 'facebook-jssdk'));<\/script><\/p>\n","protected":false},"excerpt":{"rendered":"<p>Rectora reconoci\u00f3 que se han presentado circunstancias que han hecho lento el proceso Por Jahaira Lara\u00a0 Noticias\u00a0 \u00a0 A\u00fan no hay fecha para que el gobernador del estado,\u00a0 Mauricio Kuri, presente ante LXI Legislatura la propuesta para reformar la Ley Org\u00e1nica de la Universidad Aut\u00f3noma de Quer\u00e9taro (UAQ), reconoci\u00f3 la rectora de la instituci\u00f3n,\u00a0 Silvia [&hellip;]<\/p>\n","protected":false},"author":2,"featured_media":53270,"comment_status":"","ping_status":"","sticky":false,"template":"","format":"standard","meta":{"_monsterinsights_skip_tracking":false,"_monsterinsights_sitenote_active":false,"_monsterinsights_sitenote_note":"","_monsterinsights_sitenote_category":0,"footnotes":""},"categories":[4],"tags":[],"class_list":["post-53269","post","type-post","status-publish","format-standard","has-post-thumbnail","hentry","category-queretaro"],"_links":{"self":[{"href":"https:\/\/informebajio.com.mx\/index.php?rest_route=\/wp\/v2\/posts\/53269","targetHints":{"allow":["GET"]}}],"collection":[{"href":"https:\/\/informebajio.com.mx\/index.php?rest_route=\/wp\/v2\/posts"}],"about":[{"href":"https:\/\/informebajio.com.mx\/index.php?rest_route=\/wp\/v2\/types\/post"}],"author":[{"embeddable":true,"href":"https:\/\/informebajio.com.mx\/index.php?rest_route=\/wp\/v2\/users\/2"}],"replies":[{"embeddable":true,"href":"https:\/\/informebajio.com.mx\/index.php?rest_route=%2Fwp%2Fv2%2Fcomments&post=53269"}],"version-history":[{"count":0,"href":"https:\/\/informebajio.com.mx\/index.php?rest_route=\/wp\/v2\/posts\/53269\/revisions"}],"wp:featuredmedia":[{"embeddable":true,"href":"https:\/\/informebajio.com.mx\/index.php?rest_route=\/wp\/v2\/media\/53270"}],"wp:attachment":[{"href":"https:\/\/informebajio.com.mx\/index.php?rest_route=%2Fwp%2Fv2%2Fmedia&parent=53269"}],"wp:term":[{"taxonomy":"category","embeddable":true,"href":"https:\/\/informebajio.com.mx\/index.php?rest_route=%2Fwp%2Fv2%2Fcategories&post=53269"},{"taxonomy":"post_tag","embeddable":true,"href":"https:\/\/informebajio.com.mx\/index.php?rest_route=%2Fwp%2Fv2%2Ftags&post=53269"}],"curies":[{"name":"wp","href":"https:\/\/api.w.org\/{rel}","templated":true}]}}