{"id":53289,"date":"2025-11-30T18:24:30","date_gmt":"2025-12-01T00:24:30","guid":{"rendered":"https:\/\/informebajio.com.mx\/?p=53289"},"modified":"2025-11-30T18:24:30","modified_gmt":"2025-12-01T00:24:30","slug":"tracto-se-impacta-contra-plataforma-de-otra-pesada-unidad","status":"publish","type":"post","link":"https:\/\/informebajio.com.mx\/?p=53289","title":{"rendered":"Tracto se impacta contra plataforma de otra pesada unidad"},"content":{"rendered":"<div>\n<p><span style=\"font-weight: 400;\">Fue justo al paso de la comunidad de Casa Blanca, en el municipio de San Juan del R\u00edo<\/span><\/p>\n<p>\u00a0<\/p>\n<p><span style=\"font-weight: 400;\">Por Nicasio Mendoza\u00a0<\/span><\/p>\n<p><span style=\"font-weight: 400;\">Noticias\u00a0<\/span><\/p>\n<p><span style=\"font-weight: 400;\">Tracto choca por alcance contra la parte posterior de una plataforma, acoplada a otra pesada unidad; solo hubo da\u00f1os materiales, aunque de consideraci\u00f3n. El accidente ocurri\u00f3 la ma\u00f1ana de ayer, a la altura del kil\u00f3metro 167 de la carretera federal 57, M\u00e9xico-Quer\u00e9taro, justo al paso de la comunidad de Casa Blanca, en el municipio de San Juan del R\u00edo.<\/span><\/p>\n<p><span style=\"font-weight: 400;\">El tracto marca Kenworth Kenmex, color rojo, con placas de circulaci\u00f3n 61-AN-9S para el servicio de carga, acoplado con una caja seca, era conducido en direcci\u00f3n de norte a sur, sin embargo, al paso del mencionado kil\u00f3metro y por causas que se desconocen, su conductor perdi\u00f3 el control del volante, chocando de lleno en la parte posterior de la segunda plataforma acoplada al tracto Kenworth Kenmex, color azul, con placas de circulaci\u00f3n 66-AZ-9W para el servicio de carga, acoplado con dos plataformas, cargadas con rollos de acero tapados con una lona. Del fuerte impacto el tracto presunto responsable result\u00f3 con da\u00f1os frontales, mientras que el tracto azul qued\u00f3 con los neum\u00e1ticos traseros\u00a0 destrozados.<\/span><\/p>\n<p><span style=\"font-weight: 400;\">Debido a ello, las pesadas unidades por algunos momentos, quedaron estorbando el carril de media y baja velocidad.<\/span><\/p>\n<p><span style=\"font-weight: 400;\">Cabe hacer menci\u00f3n que derivado del accidente, los conductores y \u00fanicos ocupantes resultaron ilesos, por lo que no se requirieron los servicios m\u00e9dicos.<\/span><\/p>\n<p><span style=\"font-weight: 400;\">Agentes de Guardia Nacional -Divisi\u00f3n Carreteras, estaci\u00f3n San Juan- tomaron el parte del hecho y\u00a0 tambi\u00e9n se dieron a la tarea de agilizar el tr\u00e1nsito vehicular, minutos despu\u00e9s y una vez que el personal de gr\u00faas concluy\u00f3 su trabajo, jalaron el tracto averiado fuera de la pista, para dejar libre el paso vehicular.<\/span><\/p>\n<p><span style=\"font-weight: 400;\">Fue el personal de las empresas aseguradoras, quienes se hicieron cargo del pago de la reparaci\u00f3n de los da\u00f1os, ocasionados a las pesadas unidades.<\/span><\/p>\n<p><br style=\"font-weight: 400;\"\/><img fetchpriority=\"high\" decoding=\"async\" class=\"alignnone size-medium wp-image-706442\" src=\"https:\/\/cdn.noticiasdequeretaro.com.mx\/wp-content\/uploads\/2025\/11\/30150518\/CHOQUE-600x450.jpg\" alt=\"\" width=\"600\" height=\"450\" srcset=\"https:\/\/cdn.noticiasdequeretaro.com.mx\/wp-content\/uploads\/2025\/11\/30150518\/CHOQUE-600x450.jpg 600w, https:\/\/cdn.noticiasdequeretaro.com.mx\/wp-content\/uploads\/2025\/11\/30150518\/CHOQUE-1024x768.jpg 1024w, https:\/\/cdn.noticiasdequeretaro.com.mx\/wp-content\/uploads\/2025\/11\/30150518\/CHOQUE-300x225.jpg 300w, https:\/\/cdn.noticiasdequeretaro.com.mx\/wp-content\/uploads\/2025\/11\/30150518\/CHOQUE-768x576.jpg 768w, https:\/\/cdn.noticiasdequeretaro.com.mx\/wp-content\/uploads\/2025\/11\/30150518\/CHOQUE-1536x1152.jpg 1536w, https:\/\/cdn.noticiasdequeretaro.com.mx\/wp-content\/uploads\/2025\/11\/30150518\/CHOQUE.jpg 1600w\" sizes=\"(max-width: 600px) 100vw, 600px\"\/> <img loading=\"lazy\" decoding=\"async\" class=\"alignnone size-medium wp-image-706443\" src=\"https:\/\/cdn.noticiasdequeretaro.com.mx\/wp-content\/uploads\/2025\/11\/30150522\/EL-PERCANCE_-600x450.jpg\" alt=\"\" width=\"600\" height=\"450\" srcset=\"https:\/\/cdn.noticiasdequeretaro.com.mx\/wp-content\/uploads\/2025\/11\/30150522\/EL-PERCANCE_-600x450.jpg 600w, https:\/\/cdn.noticiasdequeretaro.com.mx\/wp-content\/uploads\/2025\/11\/30150522\/EL-PERCANCE_-1024x768.jpg 1024w, https:\/\/cdn.noticiasdequeretaro.com.mx\/wp-content\/uploads\/2025\/11\/30150522\/EL-PERCANCE_-300x225.jpg 300w, https:\/\/cdn.noticiasdequeretaro.com.mx\/wp-content\/uploads\/2025\/11\/30150522\/EL-PERCANCE_-768x576.jpg 768w, https:\/\/cdn.noticiasdequeretaro.com.mx\/wp-content\/uploads\/2025\/11\/30150522\/EL-PERCANCE_-1536x1152.jpg 1536w, https:\/\/cdn.noticiasdequeretaro.com.mx\/wp-content\/uploads\/2025\/11\/30150522\/EL-PERCANCE_.jpg 1600w\" sizes=\"auto, (max-width: 600px) 100vw, 600px\"\/> <img loading=\"lazy\" decoding=\"async\" class=\"alignnone size-medium wp-image-706444\" src=\"https:\/\/cdn.noticiasdequeretaro.com.mx\/wp-content\/uploads\/2025\/11\/30150525\/ELEMENTOS-600x450.jpg\" alt=\"\" width=\"600\" height=\"450\" srcset=\"https:\/\/cdn.noticiasdequeretaro.com.mx\/wp-content\/uploads\/2025\/11\/30150525\/ELEMENTOS-600x450.jpg 600w, https:\/\/cdn.noticiasdequeretaro.com.mx\/wp-content\/uploads\/2025\/11\/30150525\/ELEMENTOS-1024x768.jpg 1024w, https:\/\/cdn.noticiasdequeretaro.com.mx\/wp-content\/uploads\/2025\/11\/30150525\/ELEMENTOS-300x225.jpg 300w, https:\/\/cdn.noticiasdequeretaro.com.mx\/wp-content\/uploads\/2025\/11\/30150525\/ELEMENTOS-768x576.jpg 768w, https:\/\/cdn.noticiasdequeretaro.com.mx\/wp-content\/uploads\/2025\/11\/30150525\/ELEMENTOS-1536x1152.jpg 1536w, https:\/\/cdn.noticiasdequeretaro.com.mx\/wp-content\/uploads\/2025\/11\/30150525\/ELEMENTOS.jpg 1600w\" sizes=\"auto, (max-width: 600px) 100vw, 600px\"\/> <img loading=\"lazy\" decoding=\"async\" class=\"alignnone size-medium wp-image-706445\" src=\"https:\/\/cdn.noticiasdequeretaro.com.mx\/wp-content\/uploads\/2025\/11\/30150529\/POR-MOMENTOS-600x450.jpg\" alt=\"\" width=\"600\" height=\"450\" srcset=\"https:\/\/cdn.noticiasdequeretaro.com.mx\/wp-content\/uploads\/2025\/11\/30150529\/POR-MOMENTOS-600x450.jpg 600w, https:\/\/cdn.noticiasdequeretaro.com.mx\/wp-content\/uploads\/2025\/11\/30150529\/POR-MOMENTOS-1024x768.jpg 1024w, https:\/\/cdn.noticiasdequeretaro.com.mx\/wp-content\/uploads\/2025\/11\/30150529\/POR-MOMENTOS-300x225.jpg 300w, https:\/\/cdn.noticiasdequeretaro.com.mx\/wp-content\/uploads\/2025\/11\/30150529\/POR-MOMENTOS-768x576.jpg 768w, https:\/\/cdn.noticiasdequeretaro.com.mx\/wp-content\/uploads\/2025\/11\/30150529\/POR-MOMENTOS-1536x1152.jpg 1536w, https:\/\/cdn.noticiasdequeretaro.com.mx\/wp-content\/uploads\/2025\/11\/30150529\/POR-MOMENTOS.jpg 1600w\" sizes=\"auto, (max-width: 600px) 100vw, 600px\"\/><\/p>\n<\/div>\n<p><script>(function(d, s, id) {\n  var js, fjs = d.getElementsByTagName(s)[0];\n  if (d.getElementById(id)) return;\n  js = d.createElement(s); js.id = id;\n  js.src = \"\/\/connect.facebook.net\/es_LA\/sdk.js#xfbml=1&appId=546007945598485&version=v2.3\";\n  fjs.parentNode.insertBefore(js, fjs);\n}(document, 'script', 'facebook-jssdk'));<\/script><\/p>\n","protected":false},"excerpt":{"rendered":"<p>Fue justo al paso de la comunidad de Casa Blanca, en el municipio de San Juan del R\u00edo \u00a0 Por Nicasio Mendoza\u00a0 Noticias\u00a0 Tracto choca por alcance contra la parte posterior de una plataforma, acoplada a otra pesada unidad; solo hubo da\u00f1os materiales, aunque de consideraci\u00f3n. El accidente ocurri\u00f3 la ma\u00f1ana de ayer, a la [&hellip;]<\/p>\n","protected":false},"author":2,"featured_media":53290,"comment_status":"","ping_status":"","sticky":false,"template":"","format":"standard","meta":{"_monsterinsights_skip_tracking":false,"_monsterinsights_sitenote_active":false,"_monsterinsights_sitenote_note":"","_monsterinsights_sitenote_category":0,"footnotes":""},"categories":[4],"tags":[],"class_list":["post-53289","post","type-post","status-publish","format-standard","has-post-thumbnail","hentry","category-queretaro"],"_links":{"self":[{"href":"https:\/\/informebajio.com.mx\/index.php?rest_route=\/wp\/v2\/posts\/53289","targetHints":{"allow":["GET"]}}],"collection":[{"href":"https:\/\/informebajio.com.mx\/index.php?rest_route=\/wp\/v2\/posts"}],"about":[{"href":"https:\/\/informebajio.com.mx\/index.php?rest_route=\/wp\/v2\/types\/post"}],"author":[{"embeddable":true,"href":"https:\/\/informebajio.com.mx\/index.php?rest_route=\/wp\/v2\/users\/2"}],"replies":[{"embeddable":true,"href":"https:\/\/informebajio.com.mx\/index.php?rest_route=%2Fwp%2Fv2%2Fcomments&post=53289"}],"version-history":[{"count":0,"href":"https:\/\/informebajio.com.mx\/index.php?rest_route=\/wp\/v2\/posts\/53289\/revisions"}],"wp:featuredmedia":[{"embeddable":true,"href":"https:\/\/informebajio.com.mx\/index.php?rest_route=\/wp\/v2\/media\/53290"}],"wp:attachment":[{"href":"https:\/\/informebajio.com.mx\/index.php?rest_route=%2Fwp%2Fv2%2Fmedia&parent=53289"}],"wp:term":[{"taxonomy":"category","embeddable":true,"href":"https:\/\/informebajio.com.mx\/index.php?rest_route=%2Fwp%2Fv2%2Fcategories&post=53289"},{"taxonomy":"post_tag","embeddable":true,"href":"https:\/\/informebajio.com.mx\/index.php?rest_route=%2Fwp%2Fv2%2Ftags&post=53289"}],"curies":[{"name":"wp","href":"https:\/\/api.w.org\/{rel}","templated":true}]}}