{"id":53293,"date":"2025-11-30T21:24:37","date_gmt":"2025-12-01T03:24:37","guid":{"rendered":"https:\/\/informebajio.com.mx\/?p=53293"},"modified":"2025-11-30T21:24:37","modified_gmt":"2025-12-01T03:24:37","slug":"sheinbaum-sobre-los-ataques-de-norona-a-grecia-quiroz-hay-que-tener-sensibilidad","status":"publish","type":"post","link":"https:\/\/informebajio.com.mx\/?p=53293","title":{"rendered":"Sheinbaum, sobre los ataques de Noro\u00f1a a Grecia Quiroz: \u201cHay que tener sensibilidad\u201d"},"content":{"rendered":"<div data-dtm-region=\"articulo_cuerpo\">\n<p class=\"\">La presidenta, Claudia Sheinbaum, ha posicionado sobre el \u00faltimo enredo del senador morenista Gerardo Fern\u00e1ndez Noro\u00f1a, quien ha llamado a <a href=\"https:\/\/elpais.com\/mexico\/2025-11-05\/grecia-quiroz-voy-a-seguir-los-pasos-de-carlos-manzo-les-voy-a-dejar-un-uruapan-un-michoacan-y-un-mexico-que-el-hubiese-querido.html\" target=\"_blank\" rel=\"\" title=\"https:\/\/elpais.com\/mexico\/2025-11-05\/grecia-quiroz-voy-a-seguir-los-pasos-de-carlos-manzo-les-voy-a-dejar-un-uruapan-un-michoacan-y-un-mexico-que-el-hubiese-querido.html\">Grecia Quiroz, alcaldesa de Uruapan y viuda de Carlos Manzo<\/a>, \u201cambiciosa\u201d y \u201cfascista\u201d por las acusaciones que hace sobre el asesinato de su marido. \u201cTiene que haber una sensibilidad, ya si hay un asunto de debate pol\u00edtico, ya es otro tema. Todo a su tiempo\u201d, ha se\u00f1alado en su conferencia de prensa matutina Sheinbaum, quien ha recordado que Quiroz acaba de perder a su esposo y hay que ser solidario \u201cest\u00e9s o no est\u00e9s de acuerdo\u201d. Noro\u00f1a ha sostenido sus declaraciones en una rueda de prensa en las que vincula a Quiroz con la extrema derecha y la acusa de \u201cquerer desestabilizar el pa\u00eds\u201d con<a href=\"https:\/\/elpais.com\/mexico\/2025-11-23\/la-generacion-z-mexicana-crece-con-precariedad-incertidumbre-y-desconfianza-politica-y-con-las-redes-como-fuente-de-informacion.html\" target=\"_blank\" rel=\"\" title=\"https:\/\/elpais.com\/mexico\/2025-11-23\/la-generacion-z-mexicana-crece-con-precariedad-incertidumbre-y-desconfianza-politica-y-con-las-redes-como-fuente-de-informacion.html\"> las \u00faltimas marchas en contra del Gobierno<\/a> que han tomado las calles de M\u00e9xico. <\/p>\n<p class=\"\">Noro\u00f1a hab\u00eda cargado contra la alcaldesa de Uruapan primero en sus redes sociales, donde en un video calific\u00f3 de \u201cirresponsable\u201d y \u201cpol\u00edtica\u201d las peticiones de Quiroz para que se investigue al senador Ra\u00fal Mor\u00f3n Orozco y al diputado federal Leonel Godoy Rangel en el caso del asesinato de su marido. \u201cSu ambici\u00f3n pol\u00edtica se despert\u00f3 y va por la gubernatura de Michoac\u00e1n\u201d, dijo Noro\u00f1a al respecto, y que advirti\u00f3 de que la derecha la apoyar\u00eda porque \u201cnecesita figuras fascistas\u201d con respaldo popular. Sheinbaum ha pedido respeto por la viuda del alcalde asesinado en una reprimenda a las declaraciones de Noro\u00f1a, quien <a href=\"https:\/\/elpais.com\/mexico\/2025-08-30\/los-ultimos-y-controvertidos-dias-de-norona-en-la-tribuna-del-senado.html\" target=\"_blank\" rel=\"\" title=\"https:\/\/elpais.com\/mexico\/2025-08-30\/los-ultimos-y-controvertidos-dias-de-norona-en-la-tribuna-del-senado.html\">ha protagonizado varios esc\u00e1ndalos pol\u00edticos<\/a> en los \u00faltimos meses inc\u00f3modos para su partido y la presidenta.<\/p>\n<figure class=\"a_m a_m-h \"><span class=\"_db a_m_w _pr lb_btn\"><img decoding=\"auto\" class=\"_re lazyload a_m-h\" height=\"269\" srcset=\"https:\/\/imagenes.elpais.com\/resizer\/v2\/VXMHRHMI6RCAFCQDS64ESA7JIE.jpg?auth=a6d8602b84d46744588941142cb99e94f6f0feddb8a34f1de4efb0d61c8345ff&amp;width=414 414w,https:\/\/imagenes.elpais.com\/resizer\/v2\/VXMHRHMI6RCAFCQDS64ESA7JIE.jpg?auth=a6d8602b84d46744588941142cb99e94f6f0feddb8a34f1de4efb0d61c8345ff&amp;width=828 640w,https:\/\/imagenes.elpais.com\/resizer\/v2\/VXMHRHMI6RCAFCQDS64ESA7JIE.jpg?auth=a6d8602b84d46744588941142cb99e94f6f0feddb8a34f1de4efb0d61c8345ff&amp;width=980 1000w,https:\/\/imagenes.elpais.com\/resizer\/v2\/VXMHRHMI6RCAFCQDS64ESA7JIE.jpg?auth=a6d8602b84d46744588941142cb99e94f6f0feddb8a34f1de4efb0d61c8345ff&amp;width=1960 1960w\" width=\"414\" sizes=\"auto, (min-width:1199px) 1155px,(min-width:1001px) calc(100vw - 44px),(min-width:768px) 767px, 100vw\" src=\"https:\/\/imagenes.elpais.com\/resizer\/v2\/VXMHRHMI6RCAFCQDS64ESA7JIE.jpg?auth=a6d8602b84d46744588941142cb99e94f6f0feddb8a34f1de4efb0d61c8345ff&amp;width=414\" loading=\"lazy\"\/><svg aria-hidden=\"true\" class=\"icon_multimedia_ampliar | _pa a_m_i a_m_i-a _dn\" viewbox=\"0 0 40 40\"><use xlink:href=\"#svg-ampliar\"\/><\/svg><\/span><figcaption class=\"a_m_p\" aria-hidden=\"true\"><span>Gerardo Fern\u00e1ndez Noro\u00f1a en el Senado, el 25 de noviembre.<\/span><span class=\"a_m_m\">Daniel Augusto (Cuartoscuro)<\/span><\/figcaption><\/figure>\n<p class=\"\">Pocas horas despu\u00e9s del asesinato de Carlos Manzo en <a href=\"https:\/\/elpais.com\/mexico\/2025-11-04\/un-atentado-con-el-sello-del-cartel-jalisco-un-pistolero-suicida-y-un-gobernador-distraido-confluyen-como-pistas-del-crimen-contra-carlos-manzo.html\" target=\"_blank\" rel=\"noreferrer\" title=\"https:\/\/elpais.com\/mexico\/2025-11-04\/un-atentado-con-el-sello-del-cartel-jalisco-un-pistolero-suicida-y-un-gobernador-distraido-confluyen-como-pistas-del-crimen-contra-carlos-manzo.html\">un atentado del Cartel Jalisco Nueva Generaci\u00f3n<\/a> entre el p\u00fablico del evento del Festival de la Vela en Uruapan en D\u00eda de Muertos, su viuda se reuni\u00f3 con la presidenta. En ese encuentro, Grecia Quiroz le pidi\u00f3 que investigara a pol\u00edticos morenistas de los que ella sospechaba y le inst\u00f3 para que no protegiera a nadie de su partido, seg\u00fan declar\u00f3 a los medios de comunicaci\u00f3n. \u201cLe ped\u00ed de favor que se investigara directamente a estas personas que yo s\u00e9 que pertenecen a su partido, pero tambi\u00e9n s\u00e9 que hay antecedentes porque no lo digo yo, lo dice mucha gente\u201d, dijo Quir\u00f3z a la periodista Adela Micha en entrevista, refiri\u00e9ndose a Ra\u00fal Mor\u00f3n Orozco, Leonel Godoy Rangel y al expresidente municipal de Uruapan Ignacio Benjam\u00edn Campos Equihua. Carlos Manzo les hab\u00eda acusado en un video un mes antes de morir de tener v\u00ednculos con el crimen organizado, de desfalcos y de corrupci\u00f3n.<\/p>\n<p class=\"\">Despu\u00e9s de que Noro\u00f1a cargara contra la viuda por esos comentarios, varias senadoras se pronunciaron p\u00fablicamente contra el morenista, al que acusaron de misoginia y falta de sensibilidad en pleno D\u00eda Internacional de la Eliminaci\u00f3n de la Violencia contra las Mujeres. \u201cDeber\u00edamos de levantar la voz para decirle al senador Noro\u00f1a que las mujeres no estamos solas y que, ante tan lamentables declaraciones, lo que nos queda a las mexicanas es levantar la voz\u201d, ha sentenciado la panista Ver\u00f3nica Rodr\u00edguez. <\/p>\n<p class=\"\">Despu\u00e9s de lanzar sus dardos contra Quiroz en su canal de YouTube, Noro\u00f1a convoc\u00f3 una rueda de prensa en el Senado para aclarar sus palabras. Sin embargo, ning\u00fan periodista se present\u00f3 a la cita. Finalmente, el senador reafirm\u00f3 sus declaraciones ante una sala vac\u00eda y neg\u00f3 haber hecho comentarios mis\u00f3ginos. <i> \u201c<\/i>M\u00e1s all\u00e1 de la tragedia que vive, es una declaraci\u00f3n irresponsable, y la l\u00ednea pol\u00edtica que ha tomado es fascista\u201d, ha repetido sin arrepentimiento y ha a\u00f1adido que la alcaldesa de Uruapan est\u00e1 alentada por las fuerzas de ultraderecha que han nutrido las manifestaciones \u201cviolentas\u201d de las \u00faltimas semanas. Tambi\u00e9n aprovech\u00f3 su discurso para denunciar una campa\u00f1a de desprestigio en su contra de la oposici\u00f3n, lo que explicaba el vac\u00edo de los medios en su conferencia, seg\u00fan ha indicado. <\/p>\n<\/div>\n<p><\/p>\n","protected":false},"excerpt":{"rendered":"<p>La presidenta, Claudia Sheinbaum, ha posicionado sobre el \u00faltimo enredo del senador morenista Gerardo Fern\u00e1ndez Noro\u00f1a, quien ha llamado a Grecia Quiroz, alcaldesa de Uruapan y viuda de Carlos Manzo, \u201cambiciosa\u201d y \u201cfascista\u201d por las acusaciones que hace sobre el asesinato de su marido. \u201cTiene que haber una sensibilidad, ya si hay un asunto de [&hellip;]<\/p>\n","protected":false},"author":2,"featured_media":53294,"comment_status":"","ping_status":"","sticky":false,"template":"","format":"standard","meta":{"_monsterinsights_skip_tracking":false,"_monsterinsights_sitenote_active":false,"_monsterinsights_sitenote_note":"","_monsterinsights_sitenote_category":0,"footnotes":""},"categories":[7],"tags":[],"class_list":["post-53293","post","type-post","status-publish","format-standard","has-post-thumbnail","hentry","category-michoacan"],"_links":{"self":[{"href":"https:\/\/informebajio.com.mx\/index.php?rest_route=\/wp\/v2\/posts\/53293","targetHints":{"allow":["GET"]}}],"collection":[{"href":"https:\/\/informebajio.com.mx\/index.php?rest_route=\/wp\/v2\/posts"}],"about":[{"href":"https:\/\/informebajio.com.mx\/index.php?rest_route=\/wp\/v2\/types\/post"}],"author":[{"embeddable":true,"href":"https:\/\/informebajio.com.mx\/index.php?rest_route=\/wp\/v2\/users\/2"}],"replies":[{"embeddable":true,"href":"https:\/\/informebajio.com.mx\/index.php?rest_route=%2Fwp%2Fv2%2Fcomments&post=53293"}],"version-history":[{"count":0,"href":"https:\/\/informebajio.com.mx\/index.php?rest_route=\/wp\/v2\/posts\/53293\/revisions"}],"wp:featuredmedia":[{"embeddable":true,"href":"https:\/\/informebajio.com.mx\/index.php?rest_route=\/wp\/v2\/media\/53294"}],"wp:attachment":[{"href":"https:\/\/informebajio.com.mx\/index.php?rest_route=%2Fwp%2Fv2%2Fmedia&parent=53293"}],"wp:term":[{"taxonomy":"category","embeddable":true,"href":"https:\/\/informebajio.com.mx\/index.php?rest_route=%2Fwp%2Fv2%2Fcategories&post=53293"},{"taxonomy":"post_tag","embeddable":true,"href":"https:\/\/informebajio.com.mx\/index.php?rest_route=%2Fwp%2Fv2%2Ftags&post=53293"}],"curies":[{"name":"wp","href":"https:\/\/api.w.org\/{rel}","templated":true}]}}