{"id":53295,"date":"2025-11-30T23:25:19","date_gmt":"2025-12-01T05:25:19","guid":{"rendered":"https:\/\/informebajio.com.mx\/?p=53295"},"modified":"2025-11-30T23:25:19","modified_gmt":"2025-12-01T05:25:19","slug":"automovilista-en-estado-inconveniente-choca-y-vuelca-en-el-bulevar-bq","status":"publish","type":"post","link":"https:\/\/informebajio.com.mx\/?p=53295","title":{"rendered":"Automovilista en estado inconveniente choca y vuelca en el bulevar BQ"},"content":{"rendered":"<div>\n<p><span style=\"font-weight: 400;\">Cuerpos de emergencias acudieron a la altura de Las Am\u00e9ricas para brindar atenci\u00f3n y abanderar la zona<\/span><\/p>\n<p><span style=\"font-weight: 400;\">Por Said Mu\u00f1oz<\/span><\/p>\n<p><span style=\"font-weight: 400;\">Noticias<\/span><\/p>\n<p><span style=\"font-weight: 400;\">Minutos antes de la media noche, un automovilista aparentemente bajo los influjos de alguna sustancia choc\u00f3 con un muro de concreto y sali\u00f3 volando para terminar volcado sobre carriles centrales del bulevar Bernardo Quintana, a la altura de la colonia Las Am\u00e9ricas.<\/span><\/p>\n<p><span style=\"font-weight: 400;\">El siniestro ocurri\u00f3 despu\u00e9s de que el \u00fanico tripulante del auto compacto perdi\u00f3 el control por el exceso de velocidad y una mala maniobra realizada, lo que ocasion\u00f3 que diera por lo menos una vuelta y quedar con los neum\u00e1ticos hacia arriba y en direcci\u00f3n a la avenida 5 de Febrero.<\/span><\/p>\n<p><span style=\"font-weight: 400;\">Automovilistas y vecinos de la zona llamaron a los servicios de emergencias debido a que el hombre se encontraba aturdido y en un estado inconveniente, por lo que param\u00e9dicos del Centro Regulador de Urgencias M\u00e9dicas (CRUM) acudieron para brindarle atenci\u00f3n.\u00a0<\/span><\/p>\n<p><span style=\"font-weight: 400;\">La zona fue rodeada por bomberos y socorristas quienes contuvieron el derrame de l\u00edquidos y tras ello dieron parte a polic\u00edas estatales quienes abanderaron la zona del percance vial.<\/span><\/p>\n<p><span style=\"font-weight: 400;\">Polic\u00edas en sitio presentaron al conductor del auto compacto marca KIA ante una autoridad competente, derivado de los da\u00f1os que ocasion\u00f3 a una se\u00f1al\u00e9tica y la infraestructura vial.<\/span><\/p>\n<p><br style=\"font-weight: 400;\"\/>\u00a0<img fetchpriority=\"high\" decoding=\"async\" class=\"alignnone size-medium wp-image-706426\" src=\"https:\/\/cdn.noticiasdequeretaro.com.mx\/wp-content\/uploads\/2025\/11\/30125535\/LA-ZONA-600x400.jpg\" alt=\"\" width=\"600\" height=\"400\" srcset=\"https:\/\/cdn.noticiasdequeretaro.com.mx\/wp-content\/uploads\/2025\/11\/30125535\/LA-ZONA-600x400.jpg 600w, https:\/\/cdn.noticiasdequeretaro.com.mx\/wp-content\/uploads\/2025\/11\/30125535\/LA-ZONA-1024x683.jpg 1024w, https:\/\/cdn.noticiasdequeretaro.com.mx\/wp-content\/uploads\/2025\/11\/30125535\/LA-ZONA-300x200.jpg 300w, https:\/\/cdn.noticiasdequeretaro.com.mx\/wp-content\/uploads\/2025\/11\/30125535\/LA-ZONA-768x512.jpg 768w, https:\/\/cdn.noticiasdequeretaro.com.mx\/wp-content\/uploads\/2025\/11\/30125535\/LA-ZONA-1536x1024.jpg 1536w, https:\/\/cdn.noticiasdequeretaro.com.mx\/wp-content\/uploads\/2025\/11\/30125535\/LA-ZONA.jpg 1620w\" sizes=\"(max-width: 600px) 100vw, 600px\"\/> <img loading=\"lazy\" decoding=\"async\" class=\"alignnone size-medium wp-image-706427\" src=\"https:\/\/cdn.noticiasdequeretaro.com.mx\/wp-content\/uploads\/2025\/11\/30125538\/PARAMEDICOS-600x400.jpg\" alt=\"\" width=\"600\" height=\"400\" srcset=\"https:\/\/cdn.noticiasdequeretaro.com.mx\/wp-content\/uploads\/2025\/11\/30125538\/PARAMEDICOS-600x400.jpg 600w, https:\/\/cdn.noticiasdequeretaro.com.mx\/wp-content\/uploads\/2025\/11\/30125538\/PARAMEDICOS-1024x683.jpg 1024w, https:\/\/cdn.noticiasdequeretaro.com.mx\/wp-content\/uploads\/2025\/11\/30125538\/PARAMEDICOS-300x200.jpg 300w, https:\/\/cdn.noticiasdequeretaro.com.mx\/wp-content\/uploads\/2025\/11\/30125538\/PARAMEDICOS-768x512.jpg 768w, https:\/\/cdn.noticiasdequeretaro.com.mx\/wp-content\/uploads\/2025\/11\/30125538\/PARAMEDICOS-1536x1024.jpg 1536w, https:\/\/cdn.noticiasdequeretaro.com.mx\/wp-content\/uploads\/2025\/11\/30125538\/PARAMEDICOS.jpg 1620w\" sizes=\"auto, (max-width: 600px) 100vw, 600px\"\/><\/p>\n<\/div>\n<p><script>(function(d, s, id) {\n  var js, fjs = d.getElementsByTagName(s)[0];\n  if (d.getElementById(id)) return;\n  js = d.createElement(s); js.id = id;\n  js.src = \"\/\/connect.facebook.net\/es_LA\/sdk.js#xfbml=1&appId=546007945598485&version=v2.3\";\n  fjs.parentNode.insertBefore(js, fjs);\n}(document, 'script', 'facebook-jssdk'));<\/script><\/p>\n","protected":false},"excerpt":{"rendered":"<p>Cuerpos de emergencias acudieron a la altura de Las Am\u00e9ricas para brindar atenci\u00f3n y abanderar la zona Por Said Mu\u00f1oz Noticias Minutos antes de la media noche, un automovilista aparentemente bajo los influjos de alguna sustancia choc\u00f3 con un muro de concreto y sali\u00f3 volando para terminar volcado sobre carriles centrales del bulevar Bernardo Quintana, [&hellip;]<\/p>\n","protected":false},"author":2,"featured_media":53296,"comment_status":"","ping_status":"","sticky":false,"template":"","format":"standard","meta":{"_monsterinsights_skip_tracking":false,"_monsterinsights_sitenote_active":false,"_monsterinsights_sitenote_note":"","_monsterinsights_sitenote_category":0,"footnotes":""},"categories":[4],"tags":[],"class_list":["post-53295","post","type-post","status-publish","format-standard","has-post-thumbnail","hentry","category-queretaro"],"_links":{"self":[{"href":"https:\/\/informebajio.com.mx\/index.php?rest_route=\/wp\/v2\/posts\/53295","targetHints":{"allow":["GET"]}}],"collection":[{"href":"https:\/\/informebajio.com.mx\/index.php?rest_route=\/wp\/v2\/posts"}],"about":[{"href":"https:\/\/informebajio.com.mx\/index.php?rest_route=\/wp\/v2\/types\/post"}],"author":[{"embeddable":true,"href":"https:\/\/informebajio.com.mx\/index.php?rest_route=\/wp\/v2\/users\/2"}],"replies":[{"embeddable":true,"href":"https:\/\/informebajio.com.mx\/index.php?rest_route=%2Fwp%2Fv2%2Fcomments&post=53295"}],"version-history":[{"count":0,"href":"https:\/\/informebajio.com.mx\/index.php?rest_route=\/wp\/v2\/posts\/53295\/revisions"}],"wp:featuredmedia":[{"embeddable":true,"href":"https:\/\/informebajio.com.mx\/index.php?rest_route=\/wp\/v2\/media\/53296"}],"wp:attachment":[{"href":"https:\/\/informebajio.com.mx\/index.php?rest_route=%2Fwp%2Fv2%2Fmedia&parent=53295"}],"wp:term":[{"taxonomy":"category","embeddable":true,"href":"https:\/\/informebajio.com.mx\/index.php?rest_route=%2Fwp%2Fv2%2Fcategories&post=53295"},{"taxonomy":"post_tag","embeddable":true,"href":"https:\/\/informebajio.com.mx\/index.php?rest_route=%2Fwp%2Fv2%2Ftags&post=53295"}],"curies":[{"name":"wp","href":"https:\/\/api.w.org\/{rel}","templated":true}]}}