{"id":53305,"date":"2025-12-01T09:25:53","date_gmt":"2025-12-01T15:25:53","guid":{"rendered":"https:\/\/informebajio.com.mx\/?p=53305"},"modified":"2025-12-01T09:25:53","modified_gmt":"2025-12-01T15:25:53","slug":"incertidumbre-por-politicas-migratorias-de-eua","status":"publish","type":"post","link":"https:\/\/informebajio.com.mx\/?p=53305","title":{"rendered":"Incertidumbre, por pol\u00edticas migratorias de EUA"},"content":{"rendered":"<div>\n<h2><span style=\"font-weight: 400;\">Arturo Maximiliano mostr\u00f3 su preocupaci\u00f3n por la situaci\u00f3n de aquel pa\u00eds <\/span><\/h2>\n<p><span style=\"font-weight: 400;\">Diego Hern\u00e1ndez\u00a0<\/span><\/p>\n<p><span style=\"font-weight: 400;\">Noticia\u00a0<\/span><\/p>\n<p>\u00a0<\/p>\n<p><span style=\"font-weight: 400;\">Arturo Maximiliano Garc\u00eda diputado local por Morena y presidente de la Comisi\u00f3n de Asuntos Migratorios, reconoce que hay incertidumbre sobre las pol\u00edticas migratorias de los Estados Unidos y c\u00f3mo afectar\u00e1n la Caravana Migrante.<\/span><\/p>\n<p><span style=\"font-weight: 400;\">\u201cPues podr\u00eda decir de manera responsable que claro que siempre habr\u00eda un temor fundado, porque son centros donde se re\u00fanen justamente los migrantes, insisto aunque son documentados la gran mayor\u00eda, pero bueno yo no s\u00e9 si esto vaya a impactar, pero el ignorar esta circunstancia me parece que ser\u00eda como dicen ahora no, que hay un elefante en la sala\u201d.<\/span><\/p>\n<p><span style=\"font-weight: 400;\">C\u00f3mo ya es tradici\u00f3n, queretanos que radican en la Uni\u00f3n Americana, vienen cada diciembre en las Fiestas Decembrinas a pasar un momento con sus familias, sin embargo, en este segundo mandato de Donald Trump se han endurecido las pol\u00edticas migratorias, donde cada vez es m\u00e1s com\u00fan que se lleven a cabo redadas en contra de poblaci\u00f3n migrante.<\/span><\/p>\n<p><span style=\"font-weight: 400;\">El diputado como presidente de la comisi\u00f3n de Asuntos Migratorios y Andrea Tovar Saavedra acompa\u00f1ar\u00e1n la caravana desde Laredo Texas, hasta Quer\u00e9taro, esto en un operativo con la Polic\u00eda Estatal y las polic\u00edas municipales para garantizar un regreso seguro.<\/span><\/p>\n<p><span style=\"font-weight: 400;\">No obstante, reconocen que hay incertidumbre de c\u00f3mo actuar\u00e1n las autoridades de los Estados Unidos, a pesar de que la mayor\u00eda de quienes participan en la Caravana est\u00e1n regularizados en aquel pa\u00eds.<\/span><\/p>\n<\/div>\n<p><script>(function(d, s, id) {\n  var js, fjs = d.getElementsByTagName(s)[0];\n  if (d.getElementById(id)) return;\n  js = d.createElement(s); js.id = id;\n  js.src = \"\/\/connect.facebook.net\/es_LA\/sdk.js#xfbml=1&appId=546007945598485&version=v2.3\";\n  fjs.parentNode.insertBefore(js, fjs);\n}(document, 'script', 'facebook-jssdk'));<\/script><\/p>\n","protected":false},"excerpt":{"rendered":"<p>Arturo Maximiliano mostr\u00f3 su preocupaci\u00f3n por la situaci\u00f3n de aquel pa\u00eds Diego Hern\u00e1ndez\u00a0 Noticia\u00a0 \u00a0 Arturo Maximiliano Garc\u00eda diputado local por Morena y presidente de la Comisi\u00f3n de Asuntos Migratorios, reconoce que hay incertidumbre sobre las pol\u00edticas migratorias de los Estados Unidos y c\u00f3mo afectar\u00e1n la Caravana Migrante. \u201cPues podr\u00eda decir de manera responsable que [&hellip;]<\/p>\n","protected":false},"author":2,"featured_media":53306,"comment_status":"","ping_status":"","sticky":false,"template":"","format":"standard","meta":{"_monsterinsights_skip_tracking":false,"_monsterinsights_sitenote_active":false,"_monsterinsights_sitenote_note":"","_monsterinsights_sitenote_category":0,"footnotes":""},"categories":[4],"tags":[],"class_list":["post-53305","post","type-post","status-publish","format-standard","has-post-thumbnail","hentry","category-queretaro"],"_links":{"self":[{"href":"https:\/\/informebajio.com.mx\/index.php?rest_route=\/wp\/v2\/posts\/53305","targetHints":{"allow":["GET"]}}],"collection":[{"href":"https:\/\/informebajio.com.mx\/index.php?rest_route=\/wp\/v2\/posts"}],"about":[{"href":"https:\/\/informebajio.com.mx\/index.php?rest_route=\/wp\/v2\/types\/post"}],"author":[{"embeddable":true,"href":"https:\/\/informebajio.com.mx\/index.php?rest_route=\/wp\/v2\/users\/2"}],"replies":[{"embeddable":true,"href":"https:\/\/informebajio.com.mx\/index.php?rest_route=%2Fwp%2Fv2%2Fcomments&post=53305"}],"version-history":[{"count":0,"href":"https:\/\/informebajio.com.mx\/index.php?rest_route=\/wp\/v2\/posts\/53305\/revisions"}],"wp:featuredmedia":[{"embeddable":true,"href":"https:\/\/informebajio.com.mx\/index.php?rest_route=\/wp\/v2\/media\/53306"}],"wp:attachment":[{"href":"https:\/\/informebajio.com.mx\/index.php?rest_route=%2Fwp%2Fv2%2Fmedia&parent=53305"}],"wp:term":[{"taxonomy":"category","embeddable":true,"href":"https:\/\/informebajio.com.mx\/index.php?rest_route=%2Fwp%2Fv2%2Fcategories&post=53305"},{"taxonomy":"post_tag","embeddable":true,"href":"https:\/\/informebajio.com.mx\/index.php?rest_route=%2Fwp%2Fv2%2Ftags&post=53305"}],"curies":[{"name":"wp","href":"https:\/\/api.w.org\/{rel}","templated":true}]}}